{"id":463,"date":"2017-03-09T13:42:42","date_gmt":"2017-03-09T12:42:42","guid":{"rendered":"https:\/\/www.villafloresmartin.com\/es\/?p=463"},"modified":"2022-03-25T12:52:01","modified_gmt":"2022-03-25T11:52:01","slug":"infraestructuras-electricas-renovables","status":"publish","type":"post","link":"https:\/\/www.villafloresmartin.com\/es\/infraestructuras-electricas-renovables\/","title":{"rendered":"El \u00e1mbito de las infraestructuras el\u00e9ctricas se prepara para estar a la altura del avance del sector y las renovables"},"content":{"rendered":"<p><img  title=\"El \u00e1mbito de las infraestructuras el\u00e9ctricas se prepara para estar a la altura del avance del sector y las renovables - Villa Flores Mart\u00edn\" loading=\"lazy\" decoding=\"async\" class=\"aligncenter wp-image-464 size-full\" src=\"https:\/\/www.villafloresmartin.com\/es\/wp-content\/uploads\/2017\/05\/Infraestructuras-el\u00e9ctricas-e1496231062200.jpg\"  alt=\"El \u00e1mbito de las infraestructuras el\u00e9ctricas se prepara para estar a la altura del avance del sector y las renovables - Villa Flores Mart\u00edn\"  width=\"600\" height=\"338\" srcset=\"https:\/\/www.villafloresmartin.com\/es\/wp-content\/uploads\/2017\/05\/Infraestructuras-el\u00e9ctricas-e1496231062200.jpg 600w, https:\/\/www.villafloresmartin.com\/es\/wp-content\/uploads\/2017\/05\/Infraestructuras-el\u00e9ctricas-e1496231062200-300x169.jpg 300w, https:\/\/www.villafloresmartin.com\/es\/wp-content\/uploads\/2017\/05\/Infraestructuras-el\u00e9ctricas-e1496231062200-180x100.jpg 180w, https:\/\/www.villafloresmartin.com\/es\/wp-content\/uploads\/2017\/05\/Infraestructuras-el\u00e9ctricas-e1496231062200-107x60.jpg 107w\" sizes=\"auto, (max-width: 600px) 100vw, 600px\" \/><\/p>\n<p>Mucho se habla de la recuperaci\u00f3n de Espa\u00f1a, es m\u00e1s, los datos avalan la sensaci\u00f3n de que la sociedad empieza a descongelar el gasto y que la actividad econ\u00f3mica genera nuevos empleos. Sin embargo, la novedad sobre la que m\u00e1s se ha hablado en el sector el\u00e9ctrico tiene que ver con el nuevo<strong> impulso que van a experimentar las renovables.<\/strong><!--more--><\/p>\n<p>Hace 10 a\u00f1os el sector el\u00e9ctrico nacional era pionero en intentar cambiar el porcentaje de contaminaci\u00f3n al generar energ\u00eda. Hoy su potencia instalada es mucho menor que la del resto de Europa o Asia. Las razones responden a un c\u00famulo de circunstancias, entre ellas la crisis. Ahora bien, las pr\u00f3ximas subastas de megavatios vaticinan que volvemos para quedarnos.<\/p>\n<h2>M\u00e1s infraestructuras el\u00e9ctricas para el crecimiento del sector<\/h2>\n<p>Los que llevamos a\u00f1os tratando el material y las infraestructuras el\u00e9ctricas sabemos que lo peor ya ha pasado. <strong>La demanda de energ\u00eda por parte de las empresas y los hogares crece por momentos<\/strong> y nuestra obligaci\u00f3n es asegurar el servicio y mejorarlo cada d\u00eda. El sector el\u00e9ctrico genera m\u00e1s de 50.000 empleos directos y <a href=\"https:\/\/www.villafloresmartin.com\/es\/\" target=\"_blank\" rel=\"noopener noreferrer\"><strong>Villa Flores Mart\u00edn<\/strong><\/a> quiere estar a la altura.<\/p>\n<p><strong>La calidad de las infraestructuras que transportan la electricidad ser\u00e1 el primer garante de la inversi\u00f3n.<\/strong> Nuestro montaje seguir\u00e1 siendo referencia para las instituciones con las que colaboramos, ahora que entre todos tenemos que aprovechar la buena coyuntura. Y es que la red de media y baja tensi\u00f3n requiere del mejor equipo t\u00e9cnico y las \u00faltimas herramientas.<\/p>\n<h3>El caso andaluz<\/h3>\n<p>La planificaci\u00f3n para el transporte el\u00e9ctrico de Andaluc\u00eda es una de las m\u00e1s necesarias si tenemos en cuenta su extensi\u00f3n. Ha habido mucha controversia entre el Gobierno central y los auton\u00f3micos a lo largo de estos a\u00f1os, pero lo cierto es que para garantizar el suministro de energ\u00eda y la calidad del consumo es necesaria una inversi\u00f3n importante en infraestructuras el\u00e9ctricas.<\/p>\n<p>Villa Flores Mart\u00edn siempre ha tendido la mano a las organizaciones p\u00fablicas y privadas para trabajar en sinton\u00eda y conseguir que el resultado sea la satisfacci\u00f3n del cliente. Ante este nuevo panorama, no haremos otra cosa que seguir esforz\u00e1ndonos cada d\u00eda por el auge del sector.<\/p>\n<p style=\"text-align: right;\">Fuente: <a href=\"http:\/\/www.eleconomista.es\/empresas-finanzas\/noticias\/8198089\/03\/17\/El-sector-electrico-y-su-auge-en-nuestro-pais.html\" target=\"_blank\" rel=\"noopener noreferrer\">El economista<\/a><\/p>\n<p style=\"text-align: right;\">Imagen: <a href=\"https:\/\/pixabay.com\/en\/wind-farm-energy-green-sustainable-1209335\/\" target=\"_blank\" rel=\"noopener noreferrer\">Pixabay<\/a><\/p>\n<p>&nbsp;<\/p>\n<p>&nbsp;<\/p>\n","protected":false},"excerpt":{"rendered":"<p>Mucho se habla de la recuperaci\u00f3n de Espa\u00f1a, es m\u00e1s, los datos avalan la sensaci\u00f3n de que la sociedad empieza a descongelar el gasto y que la actividad econ\u00f3mica genera nuevos empleos. Sin embargo, la novedad sobre la que m\u00e1s se ha hablado en el sector el\u00e9ctrico tiene que ver con el nuevo impulso que [&#8230;]<\/p>\n<p><a class=\"btn btn-secondary understrap-read-more-link\" href=\"https:\/\/www.villafloresmartin.com\/es\/infraestructuras-electricas-renovables\/\">Leer m\u00e1s&#8230;<\/a><\/p>\n","protected":false},"author":2,"featured_media":464,"comment_status":"closed","ping_status":"closed","sticky":false,"template":"","format":"standard","meta":{"footnotes":""},"categories":[6],"tags":[],"class_list":["post-463","post","type-post","status-publish","format-standard","has-post-thumbnail","hentry","category-corporativo"],"yoast_head":"<!-- This site is optimized with the Yoast SEO plugin v26.9 - https:\/\/yoast.com\/product\/yoast-seo-wordpress\/ -->\n<title>El \u00e1mbito de las infraestructuras el\u00e9ctricas se prepara para estar a la altura del avance del sector y las renovables<\/title>\n<meta name=\"description\" content=\"Mucho se habla de la recuperaci\u00f3n de Espa\u00f1a, es m\u00e1s, los datos avalan la sensaci\u00f3n de que la sociedad empieza a descongelar ... Infraestructuras el\u00e9ctricas\" \/>\n<meta name=\"robots\" content=\"index, follow, max-snippet:-1, max-image-preview:large, max-video-preview:-1\" \/>\n<link rel=\"canonical\" href=\"https:\/\/www.villafloresmartin.com\/es\/infraestructuras-electricas-renovables\/\" \/>\n<meta property=\"og:locale\" content=\"es_ES\" \/>\n<meta property=\"og:type\" content=\"article\" \/>\n<meta property=\"og:title\" content=\"El \u00e1mbito de las infraestructuras el\u00e9ctricas se prepara para estar a la altura del avance del sector y las renovables\" \/>\n<meta property=\"og:description\" content=\"Mucho se habla de la recuperaci\u00f3n de Espa\u00f1a, es m\u00e1s, los datos avalan la sensaci\u00f3n de que la sociedad empieza a descongelar ... Infraestructuras el\u00e9ctricas\" \/>\n<meta property=\"og:url\" content=\"https:\/\/www.villafloresmartin.com\/es\/infraestructuras-electricas-renovables\/\" \/>\n<meta property=\"og:site_name\" content=\"Villa Flores Mart\u00edn\" \/>\n<meta property=\"article:published_time\" content=\"2017-03-09T12:42:42+00:00\" \/>\n<meta property=\"article:modified_time\" content=\"2022-03-25T11:52:01+00:00\" \/>\n<meta property=\"og:image\" content=\"https:\/\/www.villafloresmartin.com\/es\/wp-content\/uploads\/2017\/05\/Infraestructuras-el\u00e9ctricas-e1496231062200.jpg\" \/>\n\t<meta property=\"og:image:width\" content=\"600\" \/>\n\t<meta property=\"og:image:height\" content=\"338\" \/>\n\t<meta property=\"og:image:type\" content=\"image\/jpeg\" \/>\n<meta name=\"author\" content=\"admin\" \/>\n<meta name=\"twitter:label1\" content=\"Escrito por\" \/>\n\t<meta name=\"twitter:data1\" content=\"admin\" \/>\n\t<meta name=\"twitter:label2\" content=\"Tiempo de lectura\" \/>\n\t<meta name=\"twitter:data2\" content=\"2 minutos\" \/>\n<script type=\"application\/ld+json\" class=\"yoast-schema-graph\">{\"@context\":\"https:\/\/schema.org\",\"@graph\":[{\"@type\":\"Article\",\"@id\":\"https:\/\/www.villafloresmartin.com\/es\/infraestructuras-electricas-renovables\/#article\",\"isPartOf\":{\"@id\":\"https:\/\/www.villafloresmartin.com\/es\/infraestructuras-electricas-renovables\/\"},\"author\":{\"name\":\"admin\",\"@id\":\"https:\/\/www.villafloresmartin.com\/es\/#\/schema\/person\/c2292207708e96921697bf002f8828be\"},\"headline\":\"El \u00e1mbito de las infraestructuras el\u00e9ctricas se prepara para estar a la altura del avance del sector y las renovables\",\"datePublished\":\"2017-03-09T12:42:42+00:00\",\"dateModified\":\"2022-03-25T11:52:01+00:00\",\"mainEntityOfPage\":{\"@id\":\"https:\/\/www.villafloresmartin.com\/es\/infraestructuras-electricas-renovables\/\"},\"wordCount\":423,\"image\":{\"@id\":\"https:\/\/www.villafloresmartin.com\/es\/infraestructuras-electricas-renovables\/#primaryimage\"},\"thumbnailUrl\":\"https:\/\/www.villafloresmartin.com\/es\/wp-content\/uploads\/2017\/05\/Infraestructuras-el\u00e9ctricas-e1496231062200.jpg\",\"articleSection\":[\"Corporativo\"],\"inLanguage\":\"es\"},{\"@type\":\"WebPage\",\"@id\":\"https:\/\/www.villafloresmartin.com\/es\/infraestructuras-electricas-renovables\/\",\"url\":\"https:\/\/www.villafloresmartin.com\/es\/infraestructuras-electricas-renovables\/\",\"name\":\"El \u00e1mbito de las infraestructuras el\u00e9ctricas se prepara para estar a la altura del avance del sector y las renovables\",\"isPartOf\":{\"@id\":\"https:\/\/www.villafloresmartin.com\/es\/#website\"},\"primaryImageOfPage\":{\"@id\":\"https:\/\/www.villafloresmartin.com\/es\/infraestructuras-electricas-renovables\/#primaryimage\"},\"image\":{\"@id\":\"https:\/\/www.villafloresmartin.com\/es\/infraestructuras-electricas-renovables\/#primaryimage\"},\"thumbnailUrl\":\"https:\/\/www.villafloresmartin.com\/es\/wp-content\/uploads\/2017\/05\/Infraestructuras-el\u00e9ctricas-e1496231062200.jpg\",\"datePublished\":\"2017-03-09T12:42:42+00:00\",\"dateModified\":\"2022-03-25T11:52:01+00:00\",\"author\":{\"@id\":\"https:\/\/www.villafloresmartin.com\/es\/#\/schema\/person\/c2292207708e96921697bf002f8828be\"},\"description\":\"Mucho se habla de la recuperaci\u00f3n de Espa\u00f1a, es m\u00e1s, los datos avalan la sensaci\u00f3n de que la sociedad empieza a descongelar ... Infraestructuras el\u00e9ctricas\",\"breadcrumb\":{\"@id\":\"https:\/\/www.villafloresmartin.com\/es\/infraestructuras-electricas-renovables\/#breadcrumb\"},\"inLanguage\":\"es\",\"potentialAction\":[{\"@type\":\"ReadAction\",\"target\":[\"https:\/\/www.villafloresmartin.com\/es\/infraestructuras-electricas-renovables\/\"]}]},{\"@type\":\"ImageObject\",\"inLanguage\":\"es\",\"@id\":\"https:\/\/www.villafloresmartin.com\/es\/infraestructuras-electricas-renovables\/#primaryimage\",\"url\":\"https:\/\/www.villafloresmartin.com\/es\/wp-content\/uploads\/2017\/05\/Infraestructuras-el\u00e9ctricas-e1496231062200.jpg\",\"contentUrl\":\"https:\/\/www.villafloresmartin.com\/es\/wp-content\/uploads\/2017\/05\/Infraestructuras-el\u00e9ctricas-e1496231062200.jpg\",\"width\":600,\"height\":338},{\"@type\":\"BreadcrumbList\",\"@id\":\"https:\/\/www.villafloresmartin.com\/es\/infraestructuras-electricas-renovables\/#breadcrumb\",\"itemListElement\":[{\"@type\":\"ListItem\",\"position\":1,\"name\":\"Portada\",\"item\":\"https:\/\/www.villafloresmartin.com\/es\/\"},{\"@type\":\"ListItem\",\"position\":2,\"name\":\"El \u00e1mbito de las infraestructuras el\u00e9ctricas se prepara para estar a la altura del avance del sector y las renovables\"}]},{\"@type\":\"WebSite\",\"@id\":\"https:\/\/www.villafloresmartin.com\/es\/#website\",\"url\":\"https:\/\/www.villafloresmartin.com\/es\/\",\"name\":\"Villa Flores Mart\u00edn\",\"description\":\"\",\"potentialAction\":[{\"@type\":\"SearchAction\",\"target\":{\"@type\":\"EntryPoint\",\"urlTemplate\":\"https:\/\/www.villafloresmartin.com\/es\/?s={search_term_string}\"},\"query-input\":{\"@type\":\"PropertyValueSpecification\",\"valueRequired\":true,\"valueName\":\"search_term_string\"}}],\"inLanguage\":\"es\"},{\"@type\":\"Person\",\"@id\":\"https:\/\/www.villafloresmartin.com\/es\/#\/schema\/person\/c2292207708e96921697bf002f8828be\",\"name\":\"admin\",\"image\":{\"@type\":\"ImageObject\",\"inLanguage\":\"es\",\"@id\":\"https:\/\/www.villafloresmartin.com\/es\/#\/schema\/person\/image\/\",\"url\":\"https:\/\/secure.gravatar.com\/avatar\/7982f03a93f66ccccbac0ad0746074089942e7448863241b5ddf94dec2148152?s=96&d=mm&r=g\",\"contentUrl\":\"https:\/\/secure.gravatar.com\/avatar\/7982f03a93f66ccccbac0ad0746074089942e7448863241b5ddf94dec2148152?s=96&d=mm&r=g\",\"caption\":\"admin\"}}]}<\/script>\n<!-- \/ Yoast SEO plugin. -->","yoast_head_json":{"title":"El \u00e1mbito de las infraestructuras el\u00e9ctricas se prepara para estar a la altura del avance del sector y las renovables","description":"Mucho se habla de la recuperaci\u00f3n de Espa\u00f1a, es m\u00e1s, los datos avalan la sensaci\u00f3n de que la sociedad empieza a descongelar ... Infraestructuras el\u00e9ctricas","robots":{"index":"index","follow":"follow","max-snippet":"max-snippet:-1","max-image-preview":"max-image-preview:large","max-video-preview":"max-video-preview:-1"},"canonical":"https:\/\/www.villafloresmartin.com\/es\/infraestructuras-electricas-renovables\/","og_locale":"es_ES","og_type":"article","og_title":"El \u00e1mbito de las infraestructuras el\u00e9ctricas se prepara para estar a la altura del avance del sector y las renovables","og_description":"Mucho se habla de la recuperaci\u00f3n de Espa\u00f1a, es m\u00e1s, los datos avalan la sensaci\u00f3n de que la sociedad empieza a descongelar ... Infraestructuras el\u00e9ctricas","og_url":"https:\/\/www.villafloresmartin.com\/es\/infraestructuras-electricas-renovables\/","og_site_name":"Villa Flores Mart\u00edn","article_published_time":"2017-03-09T12:42:42+00:00","article_modified_time":"2022-03-25T11:52:01+00:00","og_image":[{"width":600,"height":338,"url":"https:\/\/www.villafloresmartin.com\/es\/wp-content\/uploads\/2017\/05\/Infraestructuras-el\u00e9ctricas-e1496231062200.jpg","type":"image\/jpeg"}],"author":"admin","twitter_misc":{"Escrito por":"admin","Tiempo de lectura":"2 minutos"},"schema":{"@context":"https:\/\/schema.org","@graph":[{"@type":"Article","@id":"https:\/\/www.villafloresmartin.com\/es\/infraestructuras-electricas-renovables\/#article","isPartOf":{"@id":"https:\/\/www.villafloresmartin.com\/es\/infraestructuras-electricas-renovables\/"},"author":{"name":"admin","@id":"https:\/\/www.villafloresmartin.com\/es\/#\/schema\/person\/c2292207708e96921697bf002f8828be"},"headline":"El \u00e1mbito de las infraestructuras el\u00e9ctricas se prepara para estar a la altura del avance del sector y las renovables","datePublished":"2017-03-09T12:42:42+00:00","dateModified":"2022-03-25T11:52:01+00:00","mainEntityOfPage":{"@id":"https:\/\/www.villafloresmartin.com\/es\/infraestructuras-electricas-renovables\/"},"wordCount":423,"image":{"@id":"https:\/\/www.villafloresmartin.com\/es\/infraestructuras-electricas-renovables\/#primaryimage"},"thumbnailUrl":"https:\/\/www.villafloresmartin.com\/es\/wp-content\/uploads\/2017\/05\/Infraestructuras-el\u00e9ctricas-e1496231062200.jpg","articleSection":["Corporativo"],"inLanguage":"es"},{"@type":"WebPage","@id":"https:\/\/www.villafloresmartin.com\/es\/infraestructuras-electricas-renovables\/","url":"https:\/\/www.villafloresmartin.com\/es\/infraestructuras-electricas-renovables\/","name":"El \u00e1mbito de las infraestructuras el\u00e9ctricas se prepara para estar a la altura del avance del sector y las renovables","isPartOf":{"@id":"https:\/\/www.villafloresmartin.com\/es\/#website"},"primaryImageOfPage":{"@id":"https:\/\/www.villafloresmartin.com\/es\/infraestructuras-electricas-renovables\/#primaryimage"},"image":{"@id":"https:\/\/www.villafloresmartin.com\/es\/infraestructuras-electricas-renovables\/#primaryimage"},"thumbnailUrl":"https:\/\/www.villafloresmartin.com\/es\/wp-content\/uploads\/2017\/05\/Infraestructuras-el\u00e9ctricas-e1496231062200.jpg","datePublished":"2017-03-09T12:42:42+00:00","dateModified":"2022-03-25T11:52:01+00:00","author":{"@id":"https:\/\/www.villafloresmartin.com\/es\/#\/schema\/person\/c2292207708e96921697bf002f8828be"},"description":"Mucho se habla de la recuperaci\u00f3n de Espa\u00f1a, es m\u00e1s, los datos avalan la sensaci\u00f3n de que la sociedad empieza a descongelar ... Infraestructuras el\u00e9ctricas","breadcrumb":{"@id":"https:\/\/www.villafloresmartin.com\/es\/infraestructuras-electricas-renovables\/#breadcrumb"},"inLanguage":"es","potentialAction":[{"@type":"ReadAction","target":["https:\/\/www.villafloresmartin.com\/es\/infraestructuras-electricas-renovables\/"]}]},{"@type":"ImageObject","inLanguage":"es","@id":"https:\/\/www.villafloresmartin.com\/es\/infraestructuras-electricas-renovables\/#primaryimage","url":"https:\/\/www.villafloresmartin.com\/es\/wp-content\/uploads\/2017\/05\/Infraestructuras-el\u00e9ctricas-e1496231062200.jpg","contentUrl":"https:\/\/www.villafloresmartin.com\/es\/wp-content\/uploads\/2017\/05\/Infraestructuras-el\u00e9ctricas-e1496231062200.jpg","width":600,"height":338},{"@type":"BreadcrumbList","@id":"https:\/\/www.villafloresmartin.com\/es\/infraestructuras-electricas-renovables\/#breadcrumb","itemListElement":[{"@type":"ListItem","position":1,"name":"Portada","item":"https:\/\/www.villafloresmartin.com\/es\/"},{"@type":"ListItem","position":2,"name":"El \u00e1mbito de las infraestructuras el\u00e9ctricas se prepara para estar a la altura del avance del sector y las renovables"}]},{"@type":"WebSite","@id":"https:\/\/www.villafloresmartin.com\/es\/#website","url":"https:\/\/www.villafloresmartin.com\/es\/","name":"Villa Flores Mart\u00edn","description":"","potentialAction":[{"@type":"SearchAction","target":{"@type":"EntryPoint","urlTemplate":"https:\/\/www.villafloresmartin.com\/es\/?s={search_term_string}"},"query-input":{"@type":"PropertyValueSpecification","valueRequired":true,"valueName":"search_term_string"}}],"inLanguage":"es"},{"@type":"Person","@id":"https:\/\/www.villafloresmartin.com\/es\/#\/schema\/person\/c2292207708e96921697bf002f8828be","name":"admin","image":{"@type":"ImageObject","inLanguage":"es","@id":"https:\/\/www.villafloresmartin.com\/es\/#\/schema\/person\/image\/","url":"https:\/\/secure.gravatar.com\/avatar\/7982f03a93f66ccccbac0ad0746074089942e7448863241b5ddf94dec2148152?s=96&d=mm&r=g","contentUrl":"https:\/\/secure.gravatar.com\/avatar\/7982f03a93f66ccccbac0ad0746074089942e7448863241b5ddf94dec2148152?s=96&d=mm&r=g","caption":"admin"}}]}},"_links":{"self":[{"href":"https:\/\/www.villafloresmartin.com\/es\/wp-json\/wp\/v2\/posts\/463","targetHints":{"allow":["GET"]}}],"collection":[{"href":"https:\/\/www.villafloresmartin.com\/es\/wp-json\/wp\/v2\/posts"}],"about":[{"href":"https:\/\/www.villafloresmartin.com\/es\/wp-json\/wp\/v2\/types\/post"}],"author":[{"embeddable":true,"href":"https:\/\/www.villafloresmartin.com\/es\/wp-json\/wp\/v2\/users\/2"}],"replies":[{"embeddable":true,"href":"https:\/\/www.villafloresmartin.com\/es\/wp-json\/wp\/v2\/comments?post=463"}],"version-history":[{"count":0,"href":"https:\/\/www.villafloresmartin.com\/es\/wp-json\/wp\/v2\/posts\/463\/revisions"}],"wp:featuredmedia":[{"embeddable":true,"href":"https:\/\/www.villafloresmartin.com\/es\/wp-json\/wp\/v2\/media\/464"}],"wp:attachment":[{"href":"https:\/\/www.villafloresmartin.com\/es\/wp-json\/wp\/v2\/media?parent=463"}],"wp:term":[{"taxonomy":"category","embeddable":true,"href":"https:\/\/www.villafloresmartin.com\/es\/wp-json\/wp\/v2\/categories?post=463"},{"taxonomy":"post_tag","embeddable":true,"href":"https:\/\/www.villafloresmartin.com\/es\/wp-json\/wp\/v2\/tags?post=463"}],"curies":[{"name":"wp","href":"https:\/\/api.w.org\/{rel}","templated":true}]}}