{"id":2382,"date":"2023-08-11T10:02:29","date_gmt":"2023-08-11T08:02:29","guid":{"rendered":"https:\/\/www.villafloresmartin.com\/es\/?p=2382"},"modified":"2023-12-11T10:08:59","modified_gmt":"2023-12-11T09:08:59","slug":"un-clasico-de-esta-epoca-la-obra-civil-en-verano","status":"publish","type":"post","link":"https:\/\/www.villafloresmartin.com\/es\/un-clasico-de-esta-epoca-la-obra-civil-en-verano\/","title":{"rendered":"Un cl\u00e1sico de esta \u00e9poca: la obra civil en verano"},"content":{"rendered":"<p><img  title=\"Un cl\u00e1sico de esta \u00e9poca: la obra civil en verano - Villa Flores Mart\u00edn\" loading=\"lazy\" decoding=\"async\" class=\"alignleft size-full wp-image-2383\" src=\"https:\/\/www.villafloresmartin.com\/es\/wp-content\/uploads\/2023\/12\/disparo-horizontal-sitio-construccion-andamios-cielo-azul-claro-scaled.jpg\"  alt=\"Un cl\u00e1sico de esta \u00e9poca: la obra civil en verano - Villa Flores Mart\u00edn\"  width=\"2560\" height=\"1707\" srcset=\"https:\/\/www.villafloresmartin.com\/es\/wp-content\/uploads\/2023\/12\/disparo-horizontal-sitio-construccion-andamios-cielo-azul-claro-scaled.jpg 2560w, https:\/\/www.villafloresmartin.com\/es\/wp-content\/uploads\/2023\/12\/disparo-horizontal-sitio-construccion-andamios-cielo-azul-claro-300x200.jpg 300w, https:\/\/www.villafloresmartin.com\/es\/wp-content\/uploads\/2023\/12\/disparo-horizontal-sitio-construccion-andamios-cielo-azul-claro-1024x683.jpg 1024w, https:\/\/www.villafloresmartin.com\/es\/wp-content\/uploads\/2023\/12\/disparo-horizontal-sitio-construccion-andamios-cielo-azul-claro-768x512.jpg 768w, https:\/\/www.villafloresmartin.com\/es\/wp-content\/uploads\/2023\/12\/disparo-horizontal-sitio-construccion-andamios-cielo-azul-claro-1536x1024.jpg 1536w, https:\/\/www.villafloresmartin.com\/es\/wp-content\/uploads\/2023\/12\/disparo-horizontal-sitio-construccion-andamios-cielo-azul-claro-2048x1365.jpg 2048w\" sizes=\"auto, (max-width: 2560px) 100vw, 2560px\" \/><\/p>\n<p>Obra civil en verano. La \u00e9poca estival se ha convertido en el momento favorito por la Administraci\u00f3n para llevar a cabo los <a href=\"https:\/\/www.villafloresmartin.com\/es\/obras-civiles-electricas-en-tu-dia-a-dia\/\" target=\"_blank\" rel=\"noopener\">proyectos de obra civil<\/a>. Canalizaciones, acondicionamiento del asfalto, <a href=\"https:\/\/www.villafloresmartin.com\/es\/proyecto-de-alumbrado-publico-administraciones\/\" target=\"_blank\" rel=\"noopener\">sustituci\u00f3n de alumbrado vial o urbano<\/a>\u2026 son solo algunas de las obras que suelen encontrarse estos d\u00edas activas tanto en ciudades como en municipios de toda la geograf\u00eda nacional.<\/p>\n<p>No cabe duda que la obra civil en verano aprovecha la marcha de buena parte de la poblaci\u00f3n a zonas costeras o al extranjero con motivo de las vacaciones. De esta forma, los n\u00facleos urbanos se encuentran m\u00e1s vac\u00edos de p\u00fablico, lo cual favorece el desarrollo de los trabajos de una manera m\u00e1s r\u00e1pida y sin generar tantas molestias.<\/p>\n<p>Actualmente, en<a href=\"https:\/\/www.villafloresmartin.com\/es\/\" target=\"_blank\" rel=\"noopener\"> Villa Flores Mart\u00edn<\/a> estamos inmersos en varios proyectos de obra civil en verano en Sevilla. Y es que nuestros propios clientes nos demandan que este tipo de intervenciones se lleven a cabo durante los meses de julio y agosto.<\/p>\n<p>Prueba de ello es que en estos momentos nos encontramos realizando labores de canalizaci\u00f3n en diferentes puntos de la zona centro de <a href=\"http:\/\/www.visitasevilla.es\/turismo-de-sevilla\" target=\"_blank\" rel=\"noopener\">Sevilla<\/a>, donde se precisa renovar la instalaci\u00f3n el\u00e9ctrica de las \u00e1reas m\u00e1s habitadas de la capital andaluza.<\/p>\n<h2><span style=\"font-weight: 400;\">Especializados en trabajos de obra civil en verano<\/span><\/h2>\n<p><span style=\"font-weight: 400;\">En Villa Flores Mart\u00edn contamos con un equipo de <\/span><a href=\"https:\/\/www.villafloresmartin.com\/es\/servicios\/obra-civil\/\" target=\"_blank\" rel=\"noopener\"><span style=\"font-weight: 400;\">profesionales especializados en el sector de la obra civil<\/span><\/a><span style=\"font-weight: 400;\"> de canalizaciones el\u00e9ctricas. De ah\u00ed que el verano sea para nosotros tambi\u00e9n un periodo importante de trabajo.<\/span><\/p>\n<p><span style=\"font-weight: 400;\">Asimismo, contamos con la confianza de nuestros clientes gracias al trato personalizado y cualificado que ofrecemos. Para ello contamos con un equipo humano con una larga trayectoria y capaz de asesorarte siempre la mejor soluci\u00f3n para tu caso. Adem\u00e1s, disponemos de medios propios con maquinaria y \u00faltima tecnolog\u00eda para dar respuesta a cualquier escenario que se pueda presentar.<\/span><\/p>\n<p><span style=\"font-weight: 400;\">Si est\u00e1s interesado en llevar a cabo alguna obra civil en verano o pasado este tiempo, no dudes en<\/span><a href=\"https:\/\/www.villafloresmartin.com\/es\/contacto\/\" target=\"_blank\" rel=\"noopener\"><span style=\"font-weight: 400;\"> contactar con nuestra compa\u00f1\u00eda<\/span><\/a><span style=\"font-weight: 400;\">. Estaremos encantados de atenderte.<\/span><\/p>\n","protected":false},"excerpt":{"rendered":"<p>Obra civil en verano. La \u00e9poca estival se ha convertido en el momento favorito por la Administraci\u00f3n para llevar a cabo los proyectos de obra civil. Canalizaciones, acondicionamiento del asfalto, sustituci\u00f3n de alumbrado vial o urbano\u2026 son solo algunas de las obras que suelen encontrarse estos d\u00edas activas tanto en ciudades como en municipios de [&#8230;]<\/p>\n<p><a class=\"btn btn-secondary understrap-read-more-link\" href=\"https:\/\/www.villafloresmartin.com\/es\/un-clasico-de-esta-epoca-la-obra-civil-en-verano\/\">Leer m\u00e1s&#8230;<\/a><\/p>\n","protected":false},"author":2,"featured_media":2383,"comment_status":"closed","ping_status":"open","sticky":false,"template":"","format":"standard","meta":{"footnotes":""},"categories":[16],"tags":[],"class_list":["post-2382","post","type-post","status-publish","format-standard","has-post-thumbnail","hentry","category-noticias"],"yoast_head":"<!-- This site is optimized with the Yoast SEO plugin v26.9 - https:\/\/yoast.com\/product\/yoast-seo-wordpress\/ -->\n<title>Un cl\u00e1sico de esta \u00e9poca: la obra civil en verano - VFM<\/title>\n<meta name=\"description\" content=\"Villa Flores Mart\u00edn - Noticias - Descubre todas las novedades sobre la obra civil en verano con Villa Flores Mart\u00edn.\" \/>\n<meta name=\"robots\" content=\"index, follow, max-snippet:-1, max-image-preview:large, max-video-preview:-1\" \/>\n<link rel=\"canonical\" href=\"https:\/\/www.villafloresmartin.com\/es\/un-clasico-de-esta-epoca-la-obra-civil-en-verano\/\" \/>\n<meta property=\"og:locale\" content=\"es_ES\" \/>\n<meta property=\"og:type\" content=\"article\" \/>\n<meta property=\"og:title\" content=\"Un cl\u00e1sico de esta \u00e9poca: la obra civil en verano - VFM\" \/>\n<meta property=\"og:description\" content=\"Villa Flores Mart\u00edn - Noticias - Descubre todas las novedades sobre la obra civil en verano con Villa Flores Mart\u00edn.\" \/>\n<meta property=\"og:url\" content=\"https:\/\/www.villafloresmartin.com\/es\/un-clasico-de-esta-epoca-la-obra-civil-en-verano\/\" \/>\n<meta property=\"og:site_name\" content=\"Villa Flores Mart\u00edn\" \/>\n<meta property=\"article:published_time\" content=\"2023-08-11T08:02:29+00:00\" \/>\n<meta property=\"article:modified_time\" content=\"2023-12-11T09:08:59+00:00\" \/>\n<meta property=\"og:image\" content=\"https:\/\/www.villafloresmartin.com\/es\/wp-content\/uploads\/2023\/12\/disparo-horizontal-sitio-construccion-andamios-cielo-azul-claro-scaled.jpg\" \/>\n\t<meta property=\"og:image:width\" content=\"2560\" \/>\n\t<meta property=\"og:image:height\" content=\"1707\" \/>\n\t<meta property=\"og:image:type\" content=\"image\/jpeg\" \/>\n<meta name=\"author\" content=\"admin\" \/>\n<meta name=\"twitter:label1\" content=\"Escrito por\" \/>\n\t<meta name=\"twitter:data1\" content=\"admin\" \/>\n\t<meta name=\"twitter:label2\" content=\"Tiempo de lectura\" \/>\n\t<meta name=\"twitter:data2\" content=\"2 minutos\" \/>\n<script type=\"application\/ld+json\" class=\"yoast-schema-graph\">{\"@context\":\"https:\/\/schema.org\",\"@graph\":[{\"@type\":\"Article\",\"@id\":\"https:\/\/www.villafloresmartin.com\/es\/un-clasico-de-esta-epoca-la-obra-civil-en-verano\/#article\",\"isPartOf\":{\"@id\":\"https:\/\/www.villafloresmartin.com\/es\/un-clasico-de-esta-epoca-la-obra-civil-en-verano\/\"},\"author\":{\"name\":\"admin\",\"@id\":\"https:\/\/www.villafloresmartin.com\/es\/#\/schema\/person\/c2292207708e96921697bf002f8828be\"},\"headline\":\"Un cl\u00e1sico de esta \u00e9poca: la obra civil en verano\",\"datePublished\":\"2023-08-11T08:02:29+00:00\",\"dateModified\":\"2023-12-11T09:08:59+00:00\",\"mainEntityOfPage\":{\"@id\":\"https:\/\/www.villafloresmartin.com\/es\/un-clasico-de-esta-epoca-la-obra-civil-en-verano\/\"},\"wordCount\":361,\"image\":{\"@id\":\"https:\/\/www.villafloresmartin.com\/es\/un-clasico-de-esta-epoca-la-obra-civil-en-verano\/#primaryimage\"},\"thumbnailUrl\":\"https:\/\/www.villafloresmartin.com\/es\/wp-content\/uploads\/2023\/12\/disparo-horizontal-sitio-construccion-andamios-cielo-azul-claro-scaled.jpg\",\"articleSection\":[\"Noticias\"],\"inLanguage\":\"es\"},{\"@type\":\"WebPage\",\"@id\":\"https:\/\/www.villafloresmartin.com\/es\/un-clasico-de-esta-epoca-la-obra-civil-en-verano\/\",\"url\":\"https:\/\/www.villafloresmartin.com\/es\/un-clasico-de-esta-epoca-la-obra-civil-en-verano\/\",\"name\":\"Un cl\u00e1sico de esta \u00e9poca: la obra civil en verano - VFM\",\"isPartOf\":{\"@id\":\"https:\/\/www.villafloresmartin.com\/es\/#website\"},\"primaryImageOfPage\":{\"@id\":\"https:\/\/www.villafloresmartin.com\/es\/un-clasico-de-esta-epoca-la-obra-civil-en-verano\/#primaryimage\"},\"image\":{\"@id\":\"https:\/\/www.villafloresmartin.com\/es\/un-clasico-de-esta-epoca-la-obra-civil-en-verano\/#primaryimage\"},\"thumbnailUrl\":\"https:\/\/www.villafloresmartin.com\/es\/wp-content\/uploads\/2023\/12\/disparo-horizontal-sitio-construccion-andamios-cielo-azul-claro-scaled.jpg\",\"datePublished\":\"2023-08-11T08:02:29+00:00\",\"dateModified\":\"2023-12-11T09:08:59+00:00\",\"author\":{\"@id\":\"https:\/\/www.villafloresmartin.com\/es\/#\/schema\/person\/c2292207708e96921697bf002f8828be\"},\"description\":\"Villa Flores Mart\u00edn - Noticias - Descubre todas las novedades sobre la obra civil en verano con Villa Flores Mart\u00edn.\",\"breadcrumb\":{\"@id\":\"https:\/\/www.villafloresmartin.com\/es\/un-clasico-de-esta-epoca-la-obra-civil-en-verano\/#breadcrumb\"},\"inLanguage\":\"es\",\"potentialAction\":[{\"@type\":\"ReadAction\",\"target\":[\"https:\/\/www.villafloresmartin.com\/es\/un-clasico-de-esta-epoca-la-obra-civil-en-verano\/\"]}]},{\"@type\":\"ImageObject\",\"inLanguage\":\"es\",\"@id\":\"https:\/\/www.villafloresmartin.com\/es\/un-clasico-de-esta-epoca-la-obra-civil-en-verano\/#primaryimage\",\"url\":\"https:\/\/www.villafloresmartin.com\/es\/wp-content\/uploads\/2023\/12\/disparo-horizontal-sitio-construccion-andamios-cielo-azul-claro-scaled.jpg\",\"contentUrl\":\"https:\/\/www.villafloresmartin.com\/es\/wp-content\/uploads\/2023\/12\/disparo-horizontal-sitio-construccion-andamios-cielo-azul-claro-scaled.jpg\",\"width\":2560,\"height\":1707},{\"@type\":\"BreadcrumbList\",\"@id\":\"https:\/\/www.villafloresmartin.com\/es\/un-clasico-de-esta-epoca-la-obra-civil-en-verano\/#breadcrumb\",\"itemListElement\":[{\"@type\":\"ListItem\",\"position\":1,\"name\":\"Portada\",\"item\":\"https:\/\/www.villafloresmartin.com\/es\/\"},{\"@type\":\"ListItem\",\"position\":2,\"name\":\"Un cl\u00e1sico de esta \u00e9poca: la obra civil en verano\"}]},{\"@type\":\"WebSite\",\"@id\":\"https:\/\/www.villafloresmartin.com\/es\/#website\",\"url\":\"https:\/\/www.villafloresmartin.com\/es\/\",\"name\":\"Villa Flores Mart\u00edn\",\"description\":\"\",\"potentialAction\":[{\"@type\":\"SearchAction\",\"target\":{\"@type\":\"EntryPoint\",\"urlTemplate\":\"https:\/\/www.villafloresmartin.com\/es\/?s={search_term_string}\"},\"query-input\":{\"@type\":\"PropertyValueSpecification\",\"valueRequired\":true,\"valueName\":\"search_term_string\"}}],\"inLanguage\":\"es\"},{\"@type\":\"Person\",\"@id\":\"https:\/\/www.villafloresmartin.com\/es\/#\/schema\/person\/c2292207708e96921697bf002f8828be\",\"name\":\"admin\",\"image\":{\"@type\":\"ImageObject\",\"inLanguage\":\"es\",\"@id\":\"https:\/\/www.villafloresmartin.com\/es\/#\/schema\/person\/image\/\",\"url\":\"https:\/\/secure.gravatar.com\/avatar\/7982f03a93f66ccccbac0ad0746074089942e7448863241b5ddf94dec2148152?s=96&d=mm&r=g\",\"contentUrl\":\"https:\/\/secure.gravatar.com\/avatar\/7982f03a93f66ccccbac0ad0746074089942e7448863241b5ddf94dec2148152?s=96&d=mm&r=g\",\"caption\":\"admin\"}}]}<\/script>\n<!-- \/ Yoast SEO plugin. -->","yoast_head_json":{"title":"Un cl\u00e1sico de esta \u00e9poca: la obra civil en verano - VFM","description":"Villa Flores Mart\u00edn - Noticias - Descubre todas las novedades sobre la obra civil en verano con Villa Flores Mart\u00edn.","robots":{"index":"index","follow":"follow","max-snippet":"max-snippet:-1","max-image-preview":"max-image-preview:large","max-video-preview":"max-video-preview:-1"},"canonical":"https:\/\/www.villafloresmartin.com\/es\/un-clasico-de-esta-epoca-la-obra-civil-en-verano\/","og_locale":"es_ES","og_type":"article","og_title":"Un cl\u00e1sico de esta \u00e9poca: la obra civil en verano - VFM","og_description":"Villa Flores Mart\u00edn - Noticias - Descubre todas las novedades sobre la obra civil en verano con Villa Flores Mart\u00edn.","og_url":"https:\/\/www.villafloresmartin.com\/es\/un-clasico-de-esta-epoca-la-obra-civil-en-verano\/","og_site_name":"Villa Flores Mart\u00edn","article_published_time":"2023-08-11T08:02:29+00:00","article_modified_time":"2023-12-11T09:08:59+00:00","og_image":[{"width":2560,"height":1707,"url":"https:\/\/www.villafloresmartin.com\/es\/wp-content\/uploads\/2023\/12\/disparo-horizontal-sitio-construccion-andamios-cielo-azul-claro-scaled.jpg","type":"image\/jpeg"}],"author":"admin","twitter_misc":{"Escrito por":"admin","Tiempo de lectura":"2 minutos"},"schema":{"@context":"https:\/\/schema.org","@graph":[{"@type":"Article","@id":"https:\/\/www.villafloresmartin.com\/es\/un-clasico-de-esta-epoca-la-obra-civil-en-verano\/#article","isPartOf":{"@id":"https:\/\/www.villafloresmartin.com\/es\/un-clasico-de-esta-epoca-la-obra-civil-en-verano\/"},"author":{"name":"admin","@id":"https:\/\/www.villafloresmartin.com\/es\/#\/schema\/person\/c2292207708e96921697bf002f8828be"},"headline":"Un cl\u00e1sico de esta \u00e9poca: la obra civil en verano","datePublished":"2023-08-11T08:02:29+00:00","dateModified":"2023-12-11T09:08:59+00:00","mainEntityOfPage":{"@id":"https:\/\/www.villafloresmartin.com\/es\/un-clasico-de-esta-epoca-la-obra-civil-en-verano\/"},"wordCount":361,"image":{"@id":"https:\/\/www.villafloresmartin.com\/es\/un-clasico-de-esta-epoca-la-obra-civil-en-verano\/#primaryimage"},"thumbnailUrl":"https:\/\/www.villafloresmartin.com\/es\/wp-content\/uploads\/2023\/12\/disparo-horizontal-sitio-construccion-andamios-cielo-azul-claro-scaled.jpg","articleSection":["Noticias"],"inLanguage":"es"},{"@type":"WebPage","@id":"https:\/\/www.villafloresmartin.com\/es\/un-clasico-de-esta-epoca-la-obra-civil-en-verano\/","url":"https:\/\/www.villafloresmartin.com\/es\/un-clasico-de-esta-epoca-la-obra-civil-en-verano\/","name":"Un cl\u00e1sico de esta \u00e9poca: la obra civil en verano - VFM","isPartOf":{"@id":"https:\/\/www.villafloresmartin.com\/es\/#website"},"primaryImageOfPage":{"@id":"https:\/\/www.villafloresmartin.com\/es\/un-clasico-de-esta-epoca-la-obra-civil-en-verano\/#primaryimage"},"image":{"@id":"https:\/\/www.villafloresmartin.com\/es\/un-clasico-de-esta-epoca-la-obra-civil-en-verano\/#primaryimage"},"thumbnailUrl":"https:\/\/www.villafloresmartin.com\/es\/wp-content\/uploads\/2023\/12\/disparo-horizontal-sitio-construccion-andamios-cielo-azul-claro-scaled.jpg","datePublished":"2023-08-11T08:02:29+00:00","dateModified":"2023-12-11T09:08:59+00:00","author":{"@id":"https:\/\/www.villafloresmartin.com\/es\/#\/schema\/person\/c2292207708e96921697bf002f8828be"},"description":"Villa Flores Mart\u00edn - Noticias - Descubre todas las novedades sobre la obra civil en verano con Villa Flores Mart\u00edn.","breadcrumb":{"@id":"https:\/\/www.villafloresmartin.com\/es\/un-clasico-de-esta-epoca-la-obra-civil-en-verano\/#breadcrumb"},"inLanguage":"es","potentialAction":[{"@type":"ReadAction","target":["https:\/\/www.villafloresmartin.com\/es\/un-clasico-de-esta-epoca-la-obra-civil-en-verano\/"]}]},{"@type":"ImageObject","inLanguage":"es","@id":"https:\/\/www.villafloresmartin.com\/es\/un-clasico-de-esta-epoca-la-obra-civil-en-verano\/#primaryimage","url":"https:\/\/www.villafloresmartin.com\/es\/wp-content\/uploads\/2023\/12\/disparo-horizontal-sitio-construccion-andamios-cielo-azul-claro-scaled.jpg","contentUrl":"https:\/\/www.villafloresmartin.com\/es\/wp-content\/uploads\/2023\/12\/disparo-horizontal-sitio-construccion-andamios-cielo-azul-claro-scaled.jpg","width":2560,"height":1707},{"@type":"BreadcrumbList","@id":"https:\/\/www.villafloresmartin.com\/es\/un-clasico-de-esta-epoca-la-obra-civil-en-verano\/#breadcrumb","itemListElement":[{"@type":"ListItem","position":1,"name":"Portada","item":"https:\/\/www.villafloresmartin.com\/es\/"},{"@type":"ListItem","position":2,"name":"Un cl\u00e1sico de esta \u00e9poca: la obra civil en verano"}]},{"@type":"WebSite","@id":"https:\/\/www.villafloresmartin.com\/es\/#website","url":"https:\/\/www.villafloresmartin.com\/es\/","name":"Villa Flores Mart\u00edn","description":"","potentialAction":[{"@type":"SearchAction","target":{"@type":"EntryPoint","urlTemplate":"https:\/\/www.villafloresmartin.com\/es\/?s={search_term_string}"},"query-input":{"@type":"PropertyValueSpecification","valueRequired":true,"valueName":"search_term_string"}}],"inLanguage":"es"},{"@type":"Person","@id":"https:\/\/www.villafloresmartin.com\/es\/#\/schema\/person\/c2292207708e96921697bf002f8828be","name":"admin","image":{"@type":"ImageObject","inLanguage":"es","@id":"https:\/\/www.villafloresmartin.com\/es\/#\/schema\/person\/image\/","url":"https:\/\/secure.gravatar.com\/avatar\/7982f03a93f66ccccbac0ad0746074089942e7448863241b5ddf94dec2148152?s=96&d=mm&r=g","contentUrl":"https:\/\/secure.gravatar.com\/avatar\/7982f03a93f66ccccbac0ad0746074089942e7448863241b5ddf94dec2148152?s=96&d=mm&r=g","caption":"admin"}}]}},"_links":{"self":[{"href":"https:\/\/www.villafloresmartin.com\/es\/wp-json\/wp\/v2\/posts\/2382","targetHints":{"allow":["GET"]}}],"collection":[{"href":"https:\/\/www.villafloresmartin.com\/es\/wp-json\/wp\/v2\/posts"}],"about":[{"href":"https:\/\/www.villafloresmartin.com\/es\/wp-json\/wp\/v2\/types\/post"}],"author":[{"embeddable":true,"href":"https:\/\/www.villafloresmartin.com\/es\/wp-json\/wp\/v2\/users\/2"}],"replies":[{"embeddable":true,"href":"https:\/\/www.villafloresmartin.com\/es\/wp-json\/wp\/v2\/comments?post=2382"}],"version-history":[{"count":2,"href":"https:\/\/www.villafloresmartin.com\/es\/wp-json\/wp\/v2\/posts\/2382\/revisions"}],"predecessor-version":[{"id":2385,"href":"https:\/\/www.villafloresmartin.com\/es\/wp-json\/wp\/v2\/posts\/2382\/revisions\/2385"}],"wp:featuredmedia":[{"embeddable":true,"href":"https:\/\/www.villafloresmartin.com\/es\/wp-json\/wp\/v2\/media\/2383"}],"wp:attachment":[{"href":"https:\/\/www.villafloresmartin.com\/es\/wp-json\/wp\/v2\/media?parent=2382"}],"wp:term":[{"taxonomy":"category","embeddable":true,"href":"https:\/\/www.villafloresmartin.com\/es\/wp-json\/wp\/v2\/categories?post=2382"},{"taxonomy":"post_tag","embeddable":true,"href":"https:\/\/www.villafloresmartin.com\/es\/wp-json\/wp\/v2\/tags?post=2382"}],"curies":[{"name":"wp","href":"https:\/\/api.w.org\/{rel}","templated":true}]}}