{"id":2350,"date":"2023-01-15T17:48:16","date_gmt":"2023-01-15T16:48:16","guid":{"rendered":"https:\/\/www.villafloresmartin.com\/es\/?p=2350"},"modified":"2023-02-01T17:55:50","modified_gmt":"2023-02-01T16:55:50","slug":"factura-luz-enero-2023-sera-mas-barata","status":"publish","type":"post","link":"https:\/\/www.villafloresmartin.com\/es\/factura-luz-enero-2023-sera-mas-barata\/","title":{"rendered":"La factura de la luz en enero 2023 ser\u00e1 m\u00e1s barata si tienes una tarifa regulada"},"content":{"rendered":"<p><img  title=\"La factura de la luz en enero 2023 ser\u00e1 m\u00e1s barata si tienes una tarifa regulada - Villa Flores Mart\u00edn\" loading=\"lazy\" decoding=\"async\" class=\"alignleft size-full wp-image-2352\" src=\"https:\/\/www.villafloresmartin.com\/es\/wp-content\/uploads\/2023\/02\/La-factura-de-la-luz-en-enero-2023-sera-mas-barata.jpg\"  alt=\"La factura de la luz en enero 2023 ser\u00e1 m\u00e1s barata si tienes una tarifa regulada - Villa Flores Mart\u00edn\"  width=\"1200\" height=\"800\" srcset=\"https:\/\/www.villafloresmartin.com\/es\/wp-content\/uploads\/2023\/02\/La-factura-de-la-luz-en-enero-2023-sera-mas-barata.jpg 1200w, https:\/\/www.villafloresmartin.com\/es\/wp-content\/uploads\/2023\/02\/La-factura-de-la-luz-en-enero-2023-sera-mas-barata-300x200.jpg 300w, https:\/\/www.villafloresmartin.com\/es\/wp-content\/uploads\/2023\/02\/La-factura-de-la-luz-en-enero-2023-sera-mas-barata-1024x683.jpg 1024w, https:\/\/www.villafloresmartin.com\/es\/wp-content\/uploads\/2023\/02\/La-factura-de-la-luz-en-enero-2023-sera-mas-barata-768x512.jpg 768w, https:\/\/www.villafloresmartin.com\/es\/wp-content\/uploads\/2023\/02\/La-factura-de-la-luz-en-enero-2023-sera-mas-barata-90x60.jpg 90w\" sizes=\"auto, (max-width: 1200px) 100vw, 1200px\" \/><\/p>\n<p>Se acerca el fin de mes y, con \u00e9l, tambi\u00e9n viene el cobro de la luz consumida. Parece que nos va a dar un peque\u00f1o descanso con una buena noticia: <strong>la factura de la luz en enero 2023 ser\u00e1 m\u00e1s barata<\/strong> que en meses anteriores; en concreto, ser\u00e1 el de mejor precio que tendremos en casi dos a\u00f1os.<!--more--><\/p>\n<p>Parece incre\u00edble despu\u00e9s de que factores como la invasi\u00f3n de Ucrania, todav\u00eda activa, y el precio disparado del gas que viene estando presente en los \u00faltimos meses de estos a\u00f1os, pueda suceder esto. Entonces, \u00bfqu\u00e9 ha causado esta situaci\u00f3n? Te lo contamos a continuaci\u00f3n.<\/p>\n<h2>Por qu\u00e9 la factura de la luz en enero 2023 ser\u00e1 m\u00e1s barata para las tarifas reguladas<\/h2>\n<p>El principal factor para esta bajada de precio en la factura han sido las <a href=\"https:\/\/www.villafloresmartin.com\/es\/servicios\/energias-renovables\/\" target=\"_blank\" rel=\"noopener\">energ\u00edas renovables<\/a>. En concreto, en nuestro pa\u00eds, <strong>se puede llegar a cubrir con ellas hasta un 80% de la <a href=\"https:\/\/www.villafloresmartin.com\/es\/andalucia-supera-su-record-historico-de-demanda-electrica\/\" target=\"_blank\" rel=\"noopener\">demanda el\u00e9ctrica<\/a>,<\/strong> seg\u00fan el peri\u00f3dico <a href=\"https:\/\/elpais.com\/economia\/negocios\/2023-01-29\/espana-pide-paso-en-la-revolucion-verde.html\" target=\"_blank\" rel=\"noopener\">El Pa\u00eds<\/a>, cifras que no dejan de impresionarnos. En especial, adem\u00e1s de la energ\u00eda solar y e\u00f3lica, el fin de la sequ\u00eda ha sido fundamental, pues los embalses se han puesto en funcionamiento para producir <a href=\"https:\/\/es.wikipedia.org\/wiki\/Energ%C3%ADa_hidr%C3%A1ulica\" target=\"_blank\" rel=\"noopener\">energ\u00eda hidr\u00e1ulica<\/a>.<\/p>\n<p>Por otro lado, <strong>las temperaturas suaves poco frecuentes de esta \u00e9poca tambi\u00e9n han sido de gran ayuda,<\/strong> con lo que la factura de la luz en enero 2023 ser\u00e1 m\u00e1s barata porque el uso de los aparatos para producir calor ha disminuido considerablemente.<\/p>\n<p>Ambos factores tambi\u00e9n han ido <strong>disminuyendo la producci\u00f3n el\u00e9ctrica a trav\u00e9s de gas,<\/strong> con lo que, sumado al tope que se le ha puesto con la <a href=\"https:\/\/www.villafloresmartin.com\/es\/como-afecta-la-excepcion-iberica-a-la-factura-de-la-luz\/\" target=\"_blank\" rel=\"noopener\">excepci\u00f3n ib\u00e9rica<\/a>, nuestros bolsillos van a notar la diferencia frente a otras facturas pagadas durante los dos a\u00f1os anteriores.<\/p>\n<h2>\u00bfCu\u00e1nto ser\u00e1 el precio medio de la factura?<\/h2>\n<p>Si se tiene una tarifa regulada, el peri\u00f3dico online La Informaci\u00f3n nos comenta que la factura estar\u00e1 entre los 50 y 60 euros, un precio que no hemos tenido desde febrero de 2021. Esto nos da un peque\u00f1o respiro despu\u00e9s de los meses tan complicados que hemos vivido en estos dos a\u00f1os, con lo que nos anima a afrontar el inicio de a\u00f1o con alegr\u00eda.<\/p>\n<p>Desde <a href=\"https:\/\/www.villafloresmartin.com\/es\/\" target=\"_blank\" rel=\"noopener\">Villa Flores Mart\u00edn<\/a>, <strong>esperamos que el 2023 traiga buenas noticias<\/strong> y que se mantenga esta bajada de precios en la factura de la luz.<\/p>\n<p style=\"text-align: right;\">Imagen: <a href=\"https:\/\/www.freepik.es\/fotos-premium\/concepto-energia-hombres-que-estan-calculando-ahorro-costos-energia-mano-sosteniendo-bombilla-lapiz-calculadora-modelo-hogar-documento-grafico_25009541.htm#page=2&amp;query=factura%20de%20la%20luz&amp;position=18&amp;from_view=search&amp;track=ais\" target=\"_blank\" rel=\"noopener\">Freepik<\/a><\/p>\n","protected":false},"excerpt":{"rendered":"<p>Se acerca el fin de mes y, con \u00e9l, tambi\u00e9n viene el cobro de la luz consumida. Parece que nos va a dar un peque\u00f1o descanso con una buena noticia: la factura de la luz en enero 2023 ser\u00e1 m\u00e1s barata que en meses anteriores; en concreto, ser\u00e1 el de mejor precio que tendremos en [&#8230;]<\/p>\n<p><a class=\"btn btn-secondary understrap-read-more-link\" href=\"https:\/\/www.villafloresmartin.com\/es\/factura-luz-enero-2023-sera-mas-barata\/\">Leer m\u00e1s&#8230;<\/a><\/p>\n","protected":false},"author":2,"featured_media":2352,"comment_status":"closed","ping_status":"open","sticky":false,"template":"","format":"standard","meta":{"footnotes":""},"categories":[16],"tags":[],"class_list":["post-2350","post","type-post","status-publish","format-standard","has-post-thumbnail","hentry","category-noticias"],"yoast_head":"<!-- This site is optimized with the Yoast SEO plugin v26.9 - https:\/\/yoast.com\/product\/yoast-seo-wordpress\/ -->\n<title>La factura de la luz en enero 2023 ser\u00e1 m\u00e1s barata si tienes una tarifa regulada - Villa Flores Mart\u00edn<\/title>\n<meta name=\"description\" content=\"Se acerca el fin de mes y, con \u00e9l, tambi\u00e9n viene el cobro de la luz consumida. Parece... La factura de la luz en enero 2023 ser\u00e1 m\u00e1s barata\" \/>\n<meta name=\"robots\" content=\"index, follow, max-snippet:-1, max-image-preview:large, max-video-preview:-1\" \/>\n<link rel=\"canonical\" href=\"https:\/\/www.villafloresmartin.com\/es\/factura-luz-enero-2023-sera-mas-barata\/\" \/>\n<meta property=\"og:locale\" content=\"es_ES\" \/>\n<meta property=\"og:type\" content=\"article\" \/>\n<meta property=\"og:title\" content=\"La factura de la luz en enero 2023 ser\u00e1 m\u00e1s barata si tienes una tarifa regulada - Villa Flores Mart\u00edn\" \/>\n<meta property=\"og:description\" content=\"Se acerca el fin de mes y, con \u00e9l, tambi\u00e9n viene el cobro de la luz consumida. Parece... La factura de la luz en enero 2023 ser\u00e1 m\u00e1s barata\" \/>\n<meta property=\"og:url\" content=\"https:\/\/www.villafloresmartin.com\/es\/factura-luz-enero-2023-sera-mas-barata\/\" \/>\n<meta property=\"og:site_name\" content=\"Villa Flores Mart\u00edn\" \/>\n<meta property=\"article:published_time\" content=\"2023-01-15T16:48:16+00:00\" \/>\n<meta property=\"article:modified_time\" content=\"2023-02-01T16:55:50+00:00\" \/>\n<meta property=\"og:image\" content=\"https:\/\/www.villafloresmartin.com\/es\/wp-content\/uploads\/2023\/02\/La-factura-de-la-luz-en-enero-2023-sera-mas-barata.jpg\" \/>\n\t<meta property=\"og:image:width\" content=\"1200\" \/>\n\t<meta property=\"og:image:height\" content=\"800\" \/>\n\t<meta property=\"og:image:type\" content=\"image\/jpeg\" \/>\n<meta name=\"author\" content=\"admin\" \/>\n<meta name=\"twitter:label1\" content=\"Escrito por\" \/>\n\t<meta name=\"twitter:data1\" content=\"admin\" \/>\n\t<meta name=\"twitter:label2\" content=\"Tiempo de lectura\" \/>\n\t<meta name=\"twitter:data2\" content=\"2 minutos\" \/>\n<script type=\"application\/ld+json\" class=\"yoast-schema-graph\">{\"@context\":\"https:\/\/schema.org\",\"@graph\":[{\"@type\":\"Article\",\"@id\":\"https:\/\/www.villafloresmartin.com\/es\/factura-luz-enero-2023-sera-mas-barata\/#article\",\"isPartOf\":{\"@id\":\"https:\/\/www.villafloresmartin.com\/es\/factura-luz-enero-2023-sera-mas-barata\/\"},\"author\":{\"name\":\"admin\",\"@id\":\"https:\/\/www.villafloresmartin.com\/es\/#\/schema\/person\/c2292207708e96921697bf002f8828be\"},\"headline\":\"La factura de la luz en enero 2023 ser\u00e1 m\u00e1s barata si tienes una tarifa regulada\",\"datePublished\":\"2023-01-15T16:48:16+00:00\",\"dateModified\":\"2023-02-01T16:55:50+00:00\",\"mainEntityOfPage\":{\"@id\":\"https:\/\/www.villafloresmartin.com\/es\/factura-luz-enero-2023-sera-mas-barata\/\"},\"wordCount\":432,\"image\":{\"@id\":\"https:\/\/www.villafloresmartin.com\/es\/factura-luz-enero-2023-sera-mas-barata\/#primaryimage\"},\"thumbnailUrl\":\"https:\/\/www.villafloresmartin.com\/es\/wp-content\/uploads\/2023\/02\/La-factura-de-la-luz-en-enero-2023-sera-mas-barata.jpg\",\"articleSection\":[\"Noticias\"],\"inLanguage\":\"es\"},{\"@type\":\"WebPage\",\"@id\":\"https:\/\/www.villafloresmartin.com\/es\/factura-luz-enero-2023-sera-mas-barata\/\",\"url\":\"https:\/\/www.villafloresmartin.com\/es\/factura-luz-enero-2023-sera-mas-barata\/\",\"name\":\"La factura de la luz en enero 2023 ser\u00e1 m\u00e1s barata si tienes una tarifa regulada - Villa Flores Mart\u00edn\",\"isPartOf\":{\"@id\":\"https:\/\/www.villafloresmartin.com\/es\/#website\"},\"primaryImageOfPage\":{\"@id\":\"https:\/\/www.villafloresmartin.com\/es\/factura-luz-enero-2023-sera-mas-barata\/#primaryimage\"},\"image\":{\"@id\":\"https:\/\/www.villafloresmartin.com\/es\/factura-luz-enero-2023-sera-mas-barata\/#primaryimage\"},\"thumbnailUrl\":\"https:\/\/www.villafloresmartin.com\/es\/wp-content\/uploads\/2023\/02\/La-factura-de-la-luz-en-enero-2023-sera-mas-barata.jpg\",\"datePublished\":\"2023-01-15T16:48:16+00:00\",\"dateModified\":\"2023-02-01T16:55:50+00:00\",\"author\":{\"@id\":\"https:\/\/www.villafloresmartin.com\/es\/#\/schema\/person\/c2292207708e96921697bf002f8828be\"},\"description\":\"Se acerca el fin de mes y, con \u00e9l, tambi\u00e9n viene el cobro de la luz consumida. Parece... La factura de la luz en enero 2023 ser\u00e1 m\u00e1s barata\",\"breadcrumb\":{\"@id\":\"https:\/\/www.villafloresmartin.com\/es\/factura-luz-enero-2023-sera-mas-barata\/#breadcrumb\"},\"inLanguage\":\"es\",\"potentialAction\":[{\"@type\":\"ReadAction\",\"target\":[\"https:\/\/www.villafloresmartin.com\/es\/factura-luz-enero-2023-sera-mas-barata\/\"]}]},{\"@type\":\"ImageObject\",\"inLanguage\":\"es\",\"@id\":\"https:\/\/www.villafloresmartin.com\/es\/factura-luz-enero-2023-sera-mas-barata\/#primaryimage\",\"url\":\"https:\/\/www.villafloresmartin.com\/es\/wp-content\/uploads\/2023\/02\/La-factura-de-la-luz-en-enero-2023-sera-mas-barata.jpg\",\"contentUrl\":\"https:\/\/www.villafloresmartin.com\/es\/wp-content\/uploads\/2023\/02\/La-factura-de-la-luz-en-enero-2023-sera-mas-barata.jpg\",\"width\":1200,\"height\":800,\"caption\":\"La factura de la luz en enero 2023 ser\u00e1 m\u00e1s barata\"},{\"@type\":\"BreadcrumbList\",\"@id\":\"https:\/\/www.villafloresmartin.com\/es\/factura-luz-enero-2023-sera-mas-barata\/#breadcrumb\",\"itemListElement\":[{\"@type\":\"ListItem\",\"position\":1,\"name\":\"Portada\",\"item\":\"https:\/\/www.villafloresmartin.com\/es\/\"},{\"@type\":\"ListItem\",\"position\":2,\"name\":\"La factura de la luz en enero 2023 ser\u00e1 m\u00e1s barata si tienes una tarifa regulada\"}]},{\"@type\":\"WebSite\",\"@id\":\"https:\/\/www.villafloresmartin.com\/es\/#website\",\"url\":\"https:\/\/www.villafloresmartin.com\/es\/\",\"name\":\"Villa Flores Mart\u00edn\",\"description\":\"\",\"potentialAction\":[{\"@type\":\"SearchAction\",\"target\":{\"@type\":\"EntryPoint\",\"urlTemplate\":\"https:\/\/www.villafloresmartin.com\/es\/?s={search_term_string}\"},\"query-input\":{\"@type\":\"PropertyValueSpecification\",\"valueRequired\":true,\"valueName\":\"search_term_string\"}}],\"inLanguage\":\"es\"},{\"@type\":\"Person\",\"@id\":\"https:\/\/www.villafloresmartin.com\/es\/#\/schema\/person\/c2292207708e96921697bf002f8828be\",\"name\":\"admin\",\"image\":{\"@type\":\"ImageObject\",\"inLanguage\":\"es\",\"@id\":\"https:\/\/www.villafloresmartin.com\/es\/#\/schema\/person\/image\/\",\"url\":\"https:\/\/secure.gravatar.com\/avatar\/7982f03a93f66ccccbac0ad0746074089942e7448863241b5ddf94dec2148152?s=96&d=mm&r=g\",\"contentUrl\":\"https:\/\/secure.gravatar.com\/avatar\/7982f03a93f66ccccbac0ad0746074089942e7448863241b5ddf94dec2148152?s=96&d=mm&r=g\",\"caption\":\"admin\"}}]}<\/script>\n<!-- \/ Yoast SEO plugin. -->","yoast_head_json":{"title":"La factura de la luz en enero 2023 ser\u00e1 m\u00e1s barata si tienes una tarifa regulada - Villa Flores Mart\u00edn","description":"Se acerca el fin de mes y, con \u00e9l, tambi\u00e9n viene el cobro de la luz consumida. Parece... La factura de la luz en enero 2023 ser\u00e1 m\u00e1s barata","robots":{"index":"index","follow":"follow","max-snippet":"max-snippet:-1","max-image-preview":"max-image-preview:large","max-video-preview":"max-video-preview:-1"},"canonical":"https:\/\/www.villafloresmartin.com\/es\/factura-luz-enero-2023-sera-mas-barata\/","og_locale":"es_ES","og_type":"article","og_title":"La factura de la luz en enero 2023 ser\u00e1 m\u00e1s barata si tienes una tarifa regulada - Villa Flores Mart\u00edn","og_description":"Se acerca el fin de mes y, con \u00e9l, tambi\u00e9n viene el cobro de la luz consumida. Parece... La factura de la luz en enero 2023 ser\u00e1 m\u00e1s barata","og_url":"https:\/\/www.villafloresmartin.com\/es\/factura-luz-enero-2023-sera-mas-barata\/","og_site_name":"Villa Flores Mart\u00edn","article_published_time":"2023-01-15T16:48:16+00:00","article_modified_time":"2023-02-01T16:55:50+00:00","og_image":[{"width":1200,"height":800,"url":"https:\/\/www.villafloresmartin.com\/es\/wp-content\/uploads\/2023\/02\/La-factura-de-la-luz-en-enero-2023-sera-mas-barata.jpg","type":"image\/jpeg"}],"author":"admin","twitter_misc":{"Escrito por":"admin","Tiempo de lectura":"2 minutos"},"schema":{"@context":"https:\/\/schema.org","@graph":[{"@type":"Article","@id":"https:\/\/www.villafloresmartin.com\/es\/factura-luz-enero-2023-sera-mas-barata\/#article","isPartOf":{"@id":"https:\/\/www.villafloresmartin.com\/es\/factura-luz-enero-2023-sera-mas-barata\/"},"author":{"name":"admin","@id":"https:\/\/www.villafloresmartin.com\/es\/#\/schema\/person\/c2292207708e96921697bf002f8828be"},"headline":"La factura de la luz en enero 2023 ser\u00e1 m\u00e1s barata si tienes una tarifa regulada","datePublished":"2023-01-15T16:48:16+00:00","dateModified":"2023-02-01T16:55:50+00:00","mainEntityOfPage":{"@id":"https:\/\/www.villafloresmartin.com\/es\/factura-luz-enero-2023-sera-mas-barata\/"},"wordCount":432,"image":{"@id":"https:\/\/www.villafloresmartin.com\/es\/factura-luz-enero-2023-sera-mas-barata\/#primaryimage"},"thumbnailUrl":"https:\/\/www.villafloresmartin.com\/es\/wp-content\/uploads\/2023\/02\/La-factura-de-la-luz-en-enero-2023-sera-mas-barata.jpg","articleSection":["Noticias"],"inLanguage":"es"},{"@type":"WebPage","@id":"https:\/\/www.villafloresmartin.com\/es\/factura-luz-enero-2023-sera-mas-barata\/","url":"https:\/\/www.villafloresmartin.com\/es\/factura-luz-enero-2023-sera-mas-barata\/","name":"La factura de la luz en enero 2023 ser\u00e1 m\u00e1s barata si tienes una tarifa regulada - Villa Flores Mart\u00edn","isPartOf":{"@id":"https:\/\/www.villafloresmartin.com\/es\/#website"},"primaryImageOfPage":{"@id":"https:\/\/www.villafloresmartin.com\/es\/factura-luz-enero-2023-sera-mas-barata\/#primaryimage"},"image":{"@id":"https:\/\/www.villafloresmartin.com\/es\/factura-luz-enero-2023-sera-mas-barata\/#primaryimage"},"thumbnailUrl":"https:\/\/www.villafloresmartin.com\/es\/wp-content\/uploads\/2023\/02\/La-factura-de-la-luz-en-enero-2023-sera-mas-barata.jpg","datePublished":"2023-01-15T16:48:16+00:00","dateModified":"2023-02-01T16:55:50+00:00","author":{"@id":"https:\/\/www.villafloresmartin.com\/es\/#\/schema\/person\/c2292207708e96921697bf002f8828be"},"description":"Se acerca el fin de mes y, con \u00e9l, tambi\u00e9n viene el cobro de la luz consumida. Parece... La factura de la luz en enero 2023 ser\u00e1 m\u00e1s barata","breadcrumb":{"@id":"https:\/\/www.villafloresmartin.com\/es\/factura-luz-enero-2023-sera-mas-barata\/#breadcrumb"},"inLanguage":"es","potentialAction":[{"@type":"ReadAction","target":["https:\/\/www.villafloresmartin.com\/es\/factura-luz-enero-2023-sera-mas-barata\/"]}]},{"@type":"ImageObject","inLanguage":"es","@id":"https:\/\/www.villafloresmartin.com\/es\/factura-luz-enero-2023-sera-mas-barata\/#primaryimage","url":"https:\/\/www.villafloresmartin.com\/es\/wp-content\/uploads\/2023\/02\/La-factura-de-la-luz-en-enero-2023-sera-mas-barata.jpg","contentUrl":"https:\/\/www.villafloresmartin.com\/es\/wp-content\/uploads\/2023\/02\/La-factura-de-la-luz-en-enero-2023-sera-mas-barata.jpg","width":1200,"height":800,"caption":"La factura de la luz en enero 2023 ser\u00e1 m\u00e1s barata"},{"@type":"BreadcrumbList","@id":"https:\/\/www.villafloresmartin.com\/es\/factura-luz-enero-2023-sera-mas-barata\/#breadcrumb","itemListElement":[{"@type":"ListItem","position":1,"name":"Portada","item":"https:\/\/www.villafloresmartin.com\/es\/"},{"@type":"ListItem","position":2,"name":"La factura de la luz en enero 2023 ser\u00e1 m\u00e1s barata si tienes una tarifa regulada"}]},{"@type":"WebSite","@id":"https:\/\/www.villafloresmartin.com\/es\/#website","url":"https:\/\/www.villafloresmartin.com\/es\/","name":"Villa Flores Mart\u00edn","description":"","potentialAction":[{"@type":"SearchAction","target":{"@type":"EntryPoint","urlTemplate":"https:\/\/www.villafloresmartin.com\/es\/?s={search_term_string}"},"query-input":{"@type":"PropertyValueSpecification","valueRequired":true,"valueName":"search_term_string"}}],"inLanguage":"es"},{"@type":"Person","@id":"https:\/\/www.villafloresmartin.com\/es\/#\/schema\/person\/c2292207708e96921697bf002f8828be","name":"admin","image":{"@type":"ImageObject","inLanguage":"es","@id":"https:\/\/www.villafloresmartin.com\/es\/#\/schema\/person\/image\/","url":"https:\/\/secure.gravatar.com\/avatar\/7982f03a93f66ccccbac0ad0746074089942e7448863241b5ddf94dec2148152?s=96&d=mm&r=g","contentUrl":"https:\/\/secure.gravatar.com\/avatar\/7982f03a93f66ccccbac0ad0746074089942e7448863241b5ddf94dec2148152?s=96&d=mm&r=g","caption":"admin"}}]}},"_links":{"self":[{"href":"https:\/\/www.villafloresmartin.com\/es\/wp-json\/wp\/v2\/posts\/2350","targetHints":{"allow":["GET"]}}],"collection":[{"href":"https:\/\/www.villafloresmartin.com\/es\/wp-json\/wp\/v2\/posts"}],"about":[{"href":"https:\/\/www.villafloresmartin.com\/es\/wp-json\/wp\/v2\/types\/post"}],"author":[{"embeddable":true,"href":"https:\/\/www.villafloresmartin.com\/es\/wp-json\/wp\/v2\/users\/2"}],"replies":[{"embeddable":true,"href":"https:\/\/www.villafloresmartin.com\/es\/wp-json\/wp\/v2\/comments?post=2350"}],"version-history":[{"count":5,"href":"https:\/\/www.villafloresmartin.com\/es\/wp-json\/wp\/v2\/posts\/2350\/revisions"}],"predecessor-version":[{"id":2357,"href":"https:\/\/www.villafloresmartin.com\/es\/wp-json\/wp\/v2\/posts\/2350\/revisions\/2357"}],"wp:featuredmedia":[{"embeddable":true,"href":"https:\/\/www.villafloresmartin.com\/es\/wp-json\/wp\/v2\/media\/2352"}],"wp:attachment":[{"href":"https:\/\/www.villafloresmartin.com\/es\/wp-json\/wp\/v2\/media?parent=2350"}],"wp:term":[{"taxonomy":"category","embeddable":true,"href":"https:\/\/www.villafloresmartin.com\/es\/wp-json\/wp\/v2\/categories?post=2350"},{"taxonomy":"post_tag","embeddable":true,"href":"https:\/\/www.villafloresmartin.com\/es\/wp-json\/wp\/v2\/tags?post=2350"}],"curies":[{"name":"wp","href":"https:\/\/api.w.org\/{rel}","templated":true}]}}