{"id":2336,"date":"2022-12-12T11:58:20","date_gmt":"2022-12-12T10:58:20","guid":{"rendered":"https:\/\/www.villafloresmartin.com\/es\/?p=2336"},"modified":"2023-01-04T12:03:40","modified_gmt":"2023-01-04T11:03:40","slug":"la-red-electrica-europea-necesita-acelerar-la-inversion-para-cumplir-los-objetivos-de-descarbonizacion","status":"publish","type":"post","link":"https:\/\/www.villafloresmartin.com\/es\/la-red-electrica-europea-necesita-acelerar-la-inversion-para-cumplir-los-objetivos-de-descarbonizacion\/","title":{"rendered":"La red el\u00e9ctrica europea necesita acelerar la inversi\u00f3n para cumplir los objetivos de descarbonizaci\u00f3n"},"content":{"rendered":"<p><img  title=\"La red el\u00e9ctrica europea necesita acelerar la inversi\u00f3n para cumplir los objetivos de descarbonizaci\u00f3n - Villa Flores Mart\u00edn\" loading=\"lazy\" decoding=\"async\" class=\"alignleft size-full wp-image-2339\" src=\"https:\/\/www.villafloresmartin.com\/es\/wp-content\/uploads\/2023\/01\/La-red-electrica-europea-necesita-acelerar-la-inversion-para-cumplir-los-objetivos-de-descarbonizacion.png\"  alt=\"La red el\u00e9ctrica europea necesita acelerar la inversi\u00f3n para cumplir los objetivos de descarbonizaci\u00f3n - Villa Flores Mart\u00edn\"  width=\"1200\" height=\"800\" srcset=\"https:\/\/www.villafloresmartin.com\/es\/wp-content\/uploads\/2023\/01\/La-red-electrica-europea-necesita-acelerar-la-inversion-para-cumplir-los-objetivos-de-descarbonizacion.png 1200w, https:\/\/www.villafloresmartin.com\/es\/wp-content\/uploads\/2023\/01\/La-red-electrica-europea-necesita-acelerar-la-inversion-para-cumplir-los-objetivos-de-descarbonizacion-300x200.png 300w, https:\/\/www.villafloresmartin.com\/es\/wp-content\/uploads\/2023\/01\/La-red-electrica-europea-necesita-acelerar-la-inversion-para-cumplir-los-objetivos-de-descarbonizacion-1024x683.png 1024w, https:\/\/www.villafloresmartin.com\/es\/wp-content\/uploads\/2023\/01\/La-red-electrica-europea-necesita-acelerar-la-inversion-para-cumplir-los-objetivos-de-descarbonizacion-768x512.png 768w, https:\/\/www.villafloresmartin.com\/es\/wp-content\/uploads\/2023\/01\/La-red-electrica-europea-necesita-acelerar-la-inversion-para-cumplir-los-objetivos-de-descarbonizacion-90x60.png 90w\" sizes=\"auto, (max-width: 1200px) 100vw, 1200px\" \/><\/p>\n<p><strong>La red el\u00e9ctrica europea necesita acelerar la inversi\u00f3n para cumplir los objetivos de descarbonizaci\u00f3n.<\/strong> La <a href=\"https:\/\/www.iberdrola.com\/conocenos\/descarbonizacion-economia-principios-acciones-regulacion\" target=\"_blank\" rel=\"noopener\">descarbonizaci\u00f3n<\/a> es un tema que tiene al mundo en continua revoluci\u00f3n debido a la lucha frente al cambio clim\u00e1tico en la que estamos envueltos. Ha llegado hasta tal punto que el Consejo Europeo se ha propuesto que la Uni\u00f3n Europea consiga ser clim\u00e1ticamente neutra a partir de 2050.<!--more--><\/p>\n<p>Todav\u00eda queda mucho camino por recorrer, pues la red el\u00e9ctrica europea necesita acelerar la inversi\u00f3n para cumplir los objetivos de descarbonizaci\u00f3n propuestos. Es un verdadero desaf\u00edo, pero con las previsiones actuales, <strong>todav\u00eda se considera que se puede alcanzar.<\/strong> Hablamos del tema a continuaci\u00f3n.<\/p>\n<h2>Si la red el\u00e9ctrica europea necesita acelerar la inversi\u00f3n para cumplir los objetivos de descarbonizaci\u00f3n, qu\u00e9 se puede hacer<\/h2>\n<p>Como coment\u00e1bamos anteriormente, Europa va a seguir creciendo en cuanto a inversiones en la red el\u00e9ctrica, pero todav\u00eda queda mucho camino por recorrer para cumplir con los objetivos de descarbonizaci\u00f3n. <strong>Para seguir siendo l\u00edderes en cuanto a <a href=\"https:\/\/www.villafloresmartin.com\/es\/proyecto-de-ley-de-cambio-climatico-y-transicion-energetica\/\" target=\"_blank\" rel=\"noopener\">transici\u00f3n energ\u00e9tica<\/a>,<\/strong> la capacidad de esta red debe crecer considerablemente.<\/p>\n<p>Por tanto, es importante que se consiga integrar la <strong>capacidad de generaci\u00f3n en los mix energ\u00e9ticos<\/strong> de los pa\u00edses que pertenecen a la Uni\u00f3n Europea y conectarlos mejor para que la energ\u00eda pueda fluir de un lugar a otro de forma \u00f3ptima y eficaz.<\/p>\n<p>Para lograrlo, se est\u00e1n haciendo grandes inversiones en energ\u00edas renovables; <strong>El Peri\u00f3dico de la Energ\u00eda<\/strong> nos comenta que estas van a ser las cifras de media anual que se pretende agregar hasta 2030: <em>\u201cEuropa agregar\u00e1 hasta 530 gigavatios de <a href=\"https:\/\/www.villafloresmartin.com\/es\/instalacion-fotovoltaica-consumo\/\" target=\"_blank\" rel=\"noopener\">energ\u00eda solar fotovoltaica<\/a> y energ\u00eda e\u00f3lica terrestre y marina entre 2022 y 2030, m\u00e1s de 66 GW al a\u00f1o de media\u201d.<\/em> Igualmente, hasta que se afiancen estas energ\u00edas, es importante tener una forma de compensar: para ello, est\u00e1n los combustibles f\u00f3siles. Aunque su uso ralentiza la descarbonizaci\u00f3n, a\u00f1o tras a\u00f1o, este se ver\u00e1 reducido hasta su esperada desaparici\u00f3n.<\/p>\n<p>Adem\u00e1s, es relevante considerar la desigualdad existente entre los pa\u00edses de Europa. Como la principal intenci\u00f3n es desarrollar en las pr\u00f3ximas d\u00e9cadas la energ\u00eda solar y e\u00f3lica, hay que estudiar cu\u00e1les son los lugares menos favorecidos con ambas y desarrollar una red adecuada para que puedan beneficiarse de ellas a pesar de la desventaja que tienen.<\/p>\n<h2>\u00bfC\u00f3mo podemos ayudar desde las empresas a la descarbonizaci\u00f3n?<\/h2>\n<p>La red el\u00e9ctrica europea necesita acelerar la inversi\u00f3n para cumplir los objetivos de descarbonizaci\u00f3n urgentemente, por lo que empresas como <a href=\"\/\/www.villafloresmartin.com\/es\/\" target=\"_blank\" rel=\"noopener\">Villa Flores Mart\u00edn<\/a> tenemos que comprometernos en este proceso. Para lograrlo, nos hemos centrado en las certificaciones m\u00e1s importantes de nuestro sector como la<strong><a href=\"https:\/\/envira.es\/es\/iso-14064\/\" target=\"_blank\" rel=\"noopener\"> ISO 14064-1:2006<\/a> y en distintas iniciativas para el cuidado del planeta.<\/strong><\/p>\n<p>Si quieres saber c\u00f3mo trabajamos en Villa Flores Mart\u00edn para ser una empresa comprometida con el futuro, <strong><a href=\"https:\/\/www.villafloresmartin.com\/es\/contacto\/\" target=\"_blank\" rel=\"noopener\">solo tienes que ponerte en contacto con nosotros.<\/a><\/strong><\/p>\n<p style=\"text-align: right;\"><strong>Imagen:<\/strong> <a href=\"https:\/\/www.freepik.es\/foto-gratis\/poste-alta-tension-o-torre-alta-tension_1242938.htm#page=3&amp;query=red%20el%C3%A9ctrica%20europa&amp;position=26&amp;from_view=search&amp;track=ais\" target=\"_blank\" rel=\"noopener\">Freepik<\/a><\/p>\n","protected":false},"excerpt":{"rendered":"<p>La red el\u00e9ctrica europea necesita acelerar la inversi\u00f3n para cumplir los objetivos de descarbonizaci\u00f3n. La descarbonizaci\u00f3n es un tema que tiene al mundo en continua revoluci\u00f3n debido a la lucha frente al cambio clim\u00e1tico en la que estamos envueltos. Ha llegado hasta tal punto que el Consejo Europeo se ha propuesto que la Uni\u00f3n Europea [&#8230;]<\/p>\n<p><a class=\"btn btn-secondary understrap-read-more-link\" href=\"https:\/\/www.villafloresmartin.com\/es\/la-red-electrica-europea-necesita-acelerar-la-inversion-para-cumplir-los-objetivos-de-descarbonizacion\/\">Leer m\u00e1s&#8230;<\/a><\/p>\n","protected":false},"author":2,"featured_media":2339,"comment_status":"closed","ping_status":"open","sticky":false,"template":"","format":"standard","meta":{"footnotes":""},"categories":[16],"tags":[],"class_list":["post-2336","post","type-post","status-publish","format-standard","has-post-thumbnail","hentry","category-noticias"],"yoast_head":"<!-- This site is optimized with the Yoast SEO plugin v26.9 - https:\/\/yoast.com\/product\/yoast-seo-wordpress\/ -->\n<title>La red el\u00e9ctrica europea necesita acelerar la inversi\u00f3n para cumplir los objetivos de descarbonizaci\u00f3n - Villa Flores Mart\u00edn<\/title>\n<meta name=\"description\" content=\"La descarbonizaci\u00f3n es un tema que... La red el\u00e9ctrica europea necesita acelerar la inversi\u00f3n para cumplir los objetivos de descarbonizaci\u00f3n\" \/>\n<meta name=\"robots\" content=\"index, follow, max-snippet:-1, max-image-preview:large, max-video-preview:-1\" \/>\n<link rel=\"canonical\" href=\"https:\/\/www.villafloresmartin.com\/es\/la-red-electrica-europea-necesita-acelerar-la-inversion-para-cumplir-los-objetivos-de-descarbonizacion\/\" \/>\n<meta property=\"og:locale\" content=\"es_ES\" \/>\n<meta property=\"og:type\" content=\"article\" \/>\n<meta property=\"og:title\" content=\"La red el\u00e9ctrica europea necesita acelerar la inversi\u00f3n para cumplir los objetivos de descarbonizaci\u00f3n - Villa Flores Mart\u00edn\" \/>\n<meta property=\"og:description\" content=\"La descarbonizaci\u00f3n es un tema que... La red el\u00e9ctrica europea necesita acelerar la inversi\u00f3n para cumplir los objetivos de descarbonizaci\u00f3n\" \/>\n<meta property=\"og:url\" content=\"https:\/\/www.villafloresmartin.com\/es\/la-red-electrica-europea-necesita-acelerar-la-inversion-para-cumplir-los-objetivos-de-descarbonizacion\/\" \/>\n<meta property=\"og:site_name\" content=\"Villa Flores Mart\u00edn\" \/>\n<meta property=\"article:published_time\" content=\"2022-12-12T10:58:20+00:00\" \/>\n<meta property=\"article:modified_time\" content=\"2023-01-04T11:03:40+00:00\" \/>\n<meta property=\"og:image\" content=\"https:\/\/www.villafloresmartin.com\/es\/wp-content\/uploads\/2023\/01\/La-red-electrica-europea-necesita-acelerar-la-inversion-para-cumplir-los-objetivos-de-descarbonizacion.png\" \/>\n\t<meta property=\"og:image:width\" content=\"1200\" \/>\n\t<meta property=\"og:image:height\" content=\"800\" \/>\n\t<meta property=\"og:image:type\" content=\"image\/png\" \/>\n<meta name=\"author\" content=\"admin\" \/>\n<meta name=\"twitter:label1\" content=\"Escrito por\" \/>\n\t<meta name=\"twitter:data1\" content=\"admin\" \/>\n\t<meta name=\"twitter:label2\" content=\"Tiempo de lectura\" \/>\n\t<meta name=\"twitter:data2\" content=\"3 minutos\" \/>\n<script type=\"application\/ld+json\" class=\"yoast-schema-graph\">{\"@context\":\"https:\/\/schema.org\",\"@graph\":[{\"@type\":\"Article\",\"@id\":\"https:\/\/www.villafloresmartin.com\/es\/la-red-electrica-europea-necesita-acelerar-la-inversion-para-cumplir-los-objetivos-de-descarbonizacion\/#article\",\"isPartOf\":{\"@id\":\"https:\/\/www.villafloresmartin.com\/es\/la-red-electrica-europea-necesita-acelerar-la-inversion-para-cumplir-los-objetivos-de-descarbonizacion\/\"},\"author\":{\"name\":\"admin\",\"@id\":\"https:\/\/www.villafloresmartin.com\/es\/#\/schema\/person\/c2292207708e96921697bf002f8828be\"},\"headline\":\"La red el\u00e9ctrica europea necesita acelerar la inversi\u00f3n para cumplir los objetivos de descarbonizaci\u00f3n\",\"datePublished\":\"2022-12-12T10:58:20+00:00\",\"dateModified\":\"2023-01-04T11:03:40+00:00\",\"mainEntityOfPage\":{\"@id\":\"https:\/\/www.villafloresmartin.com\/es\/la-red-electrica-europea-necesita-acelerar-la-inversion-para-cumplir-los-objetivos-de-descarbonizacion\/\"},\"wordCount\":534,\"image\":{\"@id\":\"https:\/\/www.villafloresmartin.com\/es\/la-red-electrica-europea-necesita-acelerar-la-inversion-para-cumplir-los-objetivos-de-descarbonizacion\/#primaryimage\"},\"thumbnailUrl\":\"https:\/\/www.villafloresmartin.com\/es\/wp-content\/uploads\/2023\/01\/La-red-electrica-europea-necesita-acelerar-la-inversion-para-cumplir-los-objetivos-de-descarbonizacion.png\",\"articleSection\":[\"Noticias\"],\"inLanguage\":\"es\"},{\"@type\":\"WebPage\",\"@id\":\"https:\/\/www.villafloresmartin.com\/es\/la-red-electrica-europea-necesita-acelerar-la-inversion-para-cumplir-los-objetivos-de-descarbonizacion\/\",\"url\":\"https:\/\/www.villafloresmartin.com\/es\/la-red-electrica-europea-necesita-acelerar-la-inversion-para-cumplir-los-objetivos-de-descarbonizacion\/\",\"name\":\"La red el\u00e9ctrica europea necesita acelerar la inversi\u00f3n para cumplir los objetivos de descarbonizaci\u00f3n - Villa Flores Mart\u00edn\",\"isPartOf\":{\"@id\":\"https:\/\/www.villafloresmartin.com\/es\/#website\"},\"primaryImageOfPage\":{\"@id\":\"https:\/\/www.villafloresmartin.com\/es\/la-red-electrica-europea-necesita-acelerar-la-inversion-para-cumplir-los-objetivos-de-descarbonizacion\/#primaryimage\"},\"image\":{\"@id\":\"https:\/\/www.villafloresmartin.com\/es\/la-red-electrica-europea-necesita-acelerar-la-inversion-para-cumplir-los-objetivos-de-descarbonizacion\/#primaryimage\"},\"thumbnailUrl\":\"https:\/\/www.villafloresmartin.com\/es\/wp-content\/uploads\/2023\/01\/La-red-electrica-europea-necesita-acelerar-la-inversion-para-cumplir-los-objetivos-de-descarbonizacion.png\",\"datePublished\":\"2022-12-12T10:58:20+00:00\",\"dateModified\":\"2023-01-04T11:03:40+00:00\",\"author\":{\"@id\":\"https:\/\/www.villafloresmartin.com\/es\/#\/schema\/person\/c2292207708e96921697bf002f8828be\"},\"description\":\"La descarbonizaci\u00f3n es un tema que... La red el\u00e9ctrica europea necesita acelerar la inversi\u00f3n para cumplir los objetivos de descarbonizaci\u00f3n\",\"breadcrumb\":{\"@id\":\"https:\/\/www.villafloresmartin.com\/es\/la-red-electrica-europea-necesita-acelerar-la-inversion-para-cumplir-los-objetivos-de-descarbonizacion\/#breadcrumb\"},\"inLanguage\":\"es\",\"potentialAction\":[{\"@type\":\"ReadAction\",\"target\":[\"https:\/\/www.villafloresmartin.com\/es\/la-red-electrica-europea-necesita-acelerar-la-inversion-para-cumplir-los-objetivos-de-descarbonizacion\/\"]}]},{\"@type\":\"ImageObject\",\"inLanguage\":\"es\",\"@id\":\"https:\/\/www.villafloresmartin.com\/es\/la-red-electrica-europea-necesita-acelerar-la-inversion-para-cumplir-los-objetivos-de-descarbonizacion\/#primaryimage\",\"url\":\"https:\/\/www.villafloresmartin.com\/es\/wp-content\/uploads\/2023\/01\/La-red-electrica-europea-necesita-acelerar-la-inversion-para-cumplir-los-objetivos-de-descarbonizacion.png\",\"contentUrl\":\"https:\/\/www.villafloresmartin.com\/es\/wp-content\/uploads\/2023\/01\/La-red-electrica-europea-necesita-acelerar-la-inversion-para-cumplir-los-objetivos-de-descarbonizacion.png\",\"width\":1200,\"height\":800,\"caption\":\"La red el\u00e9ctrica europea necesita acelerar la inversi\u00f3n para cumplir los objetivos de descarbonizaci\u00f3n\"},{\"@type\":\"BreadcrumbList\",\"@id\":\"https:\/\/www.villafloresmartin.com\/es\/la-red-electrica-europea-necesita-acelerar-la-inversion-para-cumplir-los-objetivos-de-descarbonizacion\/#breadcrumb\",\"itemListElement\":[{\"@type\":\"ListItem\",\"position\":1,\"name\":\"Portada\",\"item\":\"https:\/\/www.villafloresmartin.com\/es\/\"},{\"@type\":\"ListItem\",\"position\":2,\"name\":\"La red el\u00e9ctrica europea necesita acelerar la inversi\u00f3n para cumplir los objetivos de descarbonizaci\u00f3n\"}]},{\"@type\":\"WebSite\",\"@id\":\"https:\/\/www.villafloresmartin.com\/es\/#website\",\"url\":\"https:\/\/www.villafloresmartin.com\/es\/\",\"name\":\"Villa Flores Mart\u00edn\",\"description\":\"\",\"potentialAction\":[{\"@type\":\"SearchAction\",\"target\":{\"@type\":\"EntryPoint\",\"urlTemplate\":\"https:\/\/www.villafloresmartin.com\/es\/?s={search_term_string}\"},\"query-input\":{\"@type\":\"PropertyValueSpecification\",\"valueRequired\":true,\"valueName\":\"search_term_string\"}}],\"inLanguage\":\"es\"},{\"@type\":\"Person\",\"@id\":\"https:\/\/www.villafloresmartin.com\/es\/#\/schema\/person\/c2292207708e96921697bf002f8828be\",\"name\":\"admin\",\"image\":{\"@type\":\"ImageObject\",\"inLanguage\":\"es\",\"@id\":\"https:\/\/www.villafloresmartin.com\/es\/#\/schema\/person\/image\/\",\"url\":\"https:\/\/secure.gravatar.com\/avatar\/7982f03a93f66ccccbac0ad0746074089942e7448863241b5ddf94dec2148152?s=96&d=mm&r=g\",\"contentUrl\":\"https:\/\/secure.gravatar.com\/avatar\/7982f03a93f66ccccbac0ad0746074089942e7448863241b5ddf94dec2148152?s=96&d=mm&r=g\",\"caption\":\"admin\"}}]}<\/script>\n<!-- \/ Yoast SEO plugin. -->","yoast_head_json":{"title":"La red el\u00e9ctrica europea necesita acelerar la inversi\u00f3n para cumplir los objetivos de descarbonizaci\u00f3n - Villa Flores Mart\u00edn","description":"La descarbonizaci\u00f3n es un tema que... La red el\u00e9ctrica europea necesita acelerar la inversi\u00f3n para cumplir los objetivos de descarbonizaci\u00f3n","robots":{"index":"index","follow":"follow","max-snippet":"max-snippet:-1","max-image-preview":"max-image-preview:large","max-video-preview":"max-video-preview:-1"},"canonical":"https:\/\/www.villafloresmartin.com\/es\/la-red-electrica-europea-necesita-acelerar-la-inversion-para-cumplir-los-objetivos-de-descarbonizacion\/","og_locale":"es_ES","og_type":"article","og_title":"La red el\u00e9ctrica europea necesita acelerar la inversi\u00f3n para cumplir los objetivos de descarbonizaci\u00f3n - Villa Flores Mart\u00edn","og_description":"La descarbonizaci\u00f3n es un tema que... La red el\u00e9ctrica europea necesita acelerar la inversi\u00f3n para cumplir los objetivos de descarbonizaci\u00f3n","og_url":"https:\/\/www.villafloresmartin.com\/es\/la-red-electrica-europea-necesita-acelerar-la-inversion-para-cumplir-los-objetivos-de-descarbonizacion\/","og_site_name":"Villa Flores Mart\u00edn","article_published_time":"2022-12-12T10:58:20+00:00","article_modified_time":"2023-01-04T11:03:40+00:00","og_image":[{"width":1200,"height":800,"url":"https:\/\/www.villafloresmartin.com\/es\/wp-content\/uploads\/2023\/01\/La-red-electrica-europea-necesita-acelerar-la-inversion-para-cumplir-los-objetivos-de-descarbonizacion.png","type":"image\/png"}],"author":"admin","twitter_misc":{"Escrito por":"admin","Tiempo de lectura":"3 minutos"},"schema":{"@context":"https:\/\/schema.org","@graph":[{"@type":"Article","@id":"https:\/\/www.villafloresmartin.com\/es\/la-red-electrica-europea-necesita-acelerar-la-inversion-para-cumplir-los-objetivos-de-descarbonizacion\/#article","isPartOf":{"@id":"https:\/\/www.villafloresmartin.com\/es\/la-red-electrica-europea-necesita-acelerar-la-inversion-para-cumplir-los-objetivos-de-descarbonizacion\/"},"author":{"name":"admin","@id":"https:\/\/www.villafloresmartin.com\/es\/#\/schema\/person\/c2292207708e96921697bf002f8828be"},"headline":"La red el\u00e9ctrica europea necesita acelerar la inversi\u00f3n para cumplir los objetivos de descarbonizaci\u00f3n","datePublished":"2022-12-12T10:58:20+00:00","dateModified":"2023-01-04T11:03:40+00:00","mainEntityOfPage":{"@id":"https:\/\/www.villafloresmartin.com\/es\/la-red-electrica-europea-necesita-acelerar-la-inversion-para-cumplir-los-objetivos-de-descarbonizacion\/"},"wordCount":534,"image":{"@id":"https:\/\/www.villafloresmartin.com\/es\/la-red-electrica-europea-necesita-acelerar-la-inversion-para-cumplir-los-objetivos-de-descarbonizacion\/#primaryimage"},"thumbnailUrl":"https:\/\/www.villafloresmartin.com\/es\/wp-content\/uploads\/2023\/01\/La-red-electrica-europea-necesita-acelerar-la-inversion-para-cumplir-los-objetivos-de-descarbonizacion.png","articleSection":["Noticias"],"inLanguage":"es"},{"@type":"WebPage","@id":"https:\/\/www.villafloresmartin.com\/es\/la-red-electrica-europea-necesita-acelerar-la-inversion-para-cumplir-los-objetivos-de-descarbonizacion\/","url":"https:\/\/www.villafloresmartin.com\/es\/la-red-electrica-europea-necesita-acelerar-la-inversion-para-cumplir-los-objetivos-de-descarbonizacion\/","name":"La red el\u00e9ctrica europea necesita acelerar la inversi\u00f3n para cumplir los objetivos de descarbonizaci\u00f3n - Villa Flores Mart\u00edn","isPartOf":{"@id":"https:\/\/www.villafloresmartin.com\/es\/#website"},"primaryImageOfPage":{"@id":"https:\/\/www.villafloresmartin.com\/es\/la-red-electrica-europea-necesita-acelerar-la-inversion-para-cumplir-los-objetivos-de-descarbonizacion\/#primaryimage"},"image":{"@id":"https:\/\/www.villafloresmartin.com\/es\/la-red-electrica-europea-necesita-acelerar-la-inversion-para-cumplir-los-objetivos-de-descarbonizacion\/#primaryimage"},"thumbnailUrl":"https:\/\/www.villafloresmartin.com\/es\/wp-content\/uploads\/2023\/01\/La-red-electrica-europea-necesita-acelerar-la-inversion-para-cumplir-los-objetivos-de-descarbonizacion.png","datePublished":"2022-12-12T10:58:20+00:00","dateModified":"2023-01-04T11:03:40+00:00","author":{"@id":"https:\/\/www.villafloresmartin.com\/es\/#\/schema\/person\/c2292207708e96921697bf002f8828be"},"description":"La descarbonizaci\u00f3n es un tema que... La red el\u00e9ctrica europea necesita acelerar la inversi\u00f3n para cumplir los objetivos de descarbonizaci\u00f3n","breadcrumb":{"@id":"https:\/\/www.villafloresmartin.com\/es\/la-red-electrica-europea-necesita-acelerar-la-inversion-para-cumplir-los-objetivos-de-descarbonizacion\/#breadcrumb"},"inLanguage":"es","potentialAction":[{"@type":"ReadAction","target":["https:\/\/www.villafloresmartin.com\/es\/la-red-electrica-europea-necesita-acelerar-la-inversion-para-cumplir-los-objetivos-de-descarbonizacion\/"]}]},{"@type":"ImageObject","inLanguage":"es","@id":"https:\/\/www.villafloresmartin.com\/es\/la-red-electrica-europea-necesita-acelerar-la-inversion-para-cumplir-los-objetivos-de-descarbonizacion\/#primaryimage","url":"https:\/\/www.villafloresmartin.com\/es\/wp-content\/uploads\/2023\/01\/La-red-electrica-europea-necesita-acelerar-la-inversion-para-cumplir-los-objetivos-de-descarbonizacion.png","contentUrl":"https:\/\/www.villafloresmartin.com\/es\/wp-content\/uploads\/2023\/01\/La-red-electrica-europea-necesita-acelerar-la-inversion-para-cumplir-los-objetivos-de-descarbonizacion.png","width":1200,"height":800,"caption":"La red el\u00e9ctrica europea necesita acelerar la inversi\u00f3n para cumplir los objetivos de descarbonizaci\u00f3n"},{"@type":"BreadcrumbList","@id":"https:\/\/www.villafloresmartin.com\/es\/la-red-electrica-europea-necesita-acelerar-la-inversion-para-cumplir-los-objetivos-de-descarbonizacion\/#breadcrumb","itemListElement":[{"@type":"ListItem","position":1,"name":"Portada","item":"https:\/\/www.villafloresmartin.com\/es\/"},{"@type":"ListItem","position":2,"name":"La red el\u00e9ctrica europea necesita acelerar la inversi\u00f3n para cumplir los objetivos de descarbonizaci\u00f3n"}]},{"@type":"WebSite","@id":"https:\/\/www.villafloresmartin.com\/es\/#website","url":"https:\/\/www.villafloresmartin.com\/es\/","name":"Villa Flores Mart\u00edn","description":"","potentialAction":[{"@type":"SearchAction","target":{"@type":"EntryPoint","urlTemplate":"https:\/\/www.villafloresmartin.com\/es\/?s={search_term_string}"},"query-input":{"@type":"PropertyValueSpecification","valueRequired":true,"valueName":"search_term_string"}}],"inLanguage":"es"},{"@type":"Person","@id":"https:\/\/www.villafloresmartin.com\/es\/#\/schema\/person\/c2292207708e96921697bf002f8828be","name":"admin","image":{"@type":"ImageObject","inLanguage":"es","@id":"https:\/\/www.villafloresmartin.com\/es\/#\/schema\/person\/image\/","url":"https:\/\/secure.gravatar.com\/avatar\/7982f03a93f66ccccbac0ad0746074089942e7448863241b5ddf94dec2148152?s=96&d=mm&r=g","contentUrl":"https:\/\/secure.gravatar.com\/avatar\/7982f03a93f66ccccbac0ad0746074089942e7448863241b5ddf94dec2148152?s=96&d=mm&r=g","caption":"admin"}}]}},"_links":{"self":[{"href":"https:\/\/www.villafloresmartin.com\/es\/wp-json\/wp\/v2\/posts\/2336","targetHints":{"allow":["GET"]}}],"collection":[{"href":"https:\/\/www.villafloresmartin.com\/es\/wp-json\/wp\/v2\/posts"}],"about":[{"href":"https:\/\/www.villafloresmartin.com\/es\/wp-json\/wp\/v2\/types\/post"}],"author":[{"embeddable":true,"href":"https:\/\/www.villafloresmartin.com\/es\/wp-json\/wp\/v2\/users\/2"}],"replies":[{"embeddable":true,"href":"https:\/\/www.villafloresmartin.com\/es\/wp-json\/wp\/v2\/comments?post=2336"}],"version-history":[{"count":3,"href":"https:\/\/www.villafloresmartin.com\/es\/wp-json\/wp\/v2\/posts\/2336\/revisions"}],"predecessor-version":[{"id":2346,"href":"https:\/\/www.villafloresmartin.com\/es\/wp-json\/wp\/v2\/posts\/2336\/revisions\/2346"}],"wp:featuredmedia":[{"embeddable":true,"href":"https:\/\/www.villafloresmartin.com\/es\/wp-json\/wp\/v2\/media\/2339"}],"wp:attachment":[{"href":"https:\/\/www.villafloresmartin.com\/es\/wp-json\/wp\/v2\/media?parent=2336"}],"wp:term":[{"taxonomy":"category","embeddable":true,"href":"https:\/\/www.villafloresmartin.com\/es\/wp-json\/wp\/v2\/categories?post=2336"},{"taxonomy":"post_tag","embeddable":true,"href":"https:\/\/www.villafloresmartin.com\/es\/wp-json\/wp\/v2\/tags?post=2336"}],"curies":[{"name":"wp","href":"https:\/\/api.w.org\/{rel}","templated":true}]}}