{"id":2327,"date":"2022-11-30T11:45:53","date_gmt":"2022-11-30T10:45:53","guid":{"rendered":"https:\/\/www.villafloresmartin.com\/es\/?p=2327"},"modified":"2022-11-30T11:46:46","modified_gmt":"2022-11-30T10:46:46","slug":"espana-ha-vivido-el-octubre-con-menor-demanda-de-electricidad-en-diez-anos","status":"publish","type":"post","link":"https:\/\/www.villafloresmartin.com\/es\/espana-ha-vivido-el-octubre-con-menor-demanda-de-electricidad-en-diez-anos\/","title":{"rendered":"Espa\u00f1a ha vivido el octubre con menor demanda de electricidad en diez a\u00f1os"},"content":{"rendered":"<p><img  title=\"Espa\u00f1a ha vivido el octubre con menor demanda de electricidad en diez a\u00f1os - Villa Flores Mart\u00edn\" loading=\"lazy\" decoding=\"async\" class=\"alignleft size-full wp-image-2328\" src=\"https:\/\/www.villafloresmartin.com\/es\/wp-content\/uploads\/2022\/11\/Espana-ha-vivido-el-octubre-con-menor-demanda-de-electricidad-en-diez-anos-1.jpg\"  alt=\"Espa\u00f1a ha vivido el octubre con menor demanda de electricidad en diez a\u00f1os - Villa Flores Mart\u00edn\"  width=\"1200\" height=\"800\" srcset=\"https:\/\/www.villafloresmartin.com\/es\/wp-content\/uploads\/2022\/11\/Espana-ha-vivido-el-octubre-con-menor-demanda-de-electricidad-en-diez-anos-1.jpg 1200w, https:\/\/www.villafloresmartin.com\/es\/wp-content\/uploads\/2022\/11\/Espana-ha-vivido-el-octubre-con-menor-demanda-de-electricidad-en-diez-anos-1-300x200.jpg 300w, https:\/\/www.villafloresmartin.com\/es\/wp-content\/uploads\/2022\/11\/Espana-ha-vivido-el-octubre-con-menor-demanda-de-electricidad-en-diez-anos-1-1024x683.jpg 1024w, https:\/\/www.villafloresmartin.com\/es\/wp-content\/uploads\/2022\/11\/Espana-ha-vivido-el-octubre-con-menor-demanda-de-electricidad-en-diez-anos-1-768x512.jpg 768w, https:\/\/www.villafloresmartin.com\/es\/wp-content\/uploads\/2022\/11\/Espana-ha-vivido-el-octubre-con-menor-demanda-de-electricidad-en-diez-anos-1-90x60.jpg 90w\" sizes=\"auto, (max-width: 1200px) 100vw, 1200px\" \/><\/p>\n<p><strong>Espa\u00f1a ha vivido el octubre con menor demanda de electricidad en diez a\u00f1os.<\/strong> La <a href=\"https:\/\/www.villafloresmartin.com\/es\/electricidad-4-0-para-un-futuro-sostenible\/\" target=\"_blank\" rel=\"noopener\">electricidad<\/a> es un bien fundamental para que un pa\u00eds funcione correctamente. Por tanto, estudiar el consumo que se hace de ella es importante para conocer las necesidades de la sociedad seg\u00fan los distintos momentos del a\u00f1o.<!--more--><\/p>\n<p>As\u00ed, Red El\u00e9ctrica de Espa\u00f1a (REE), ha realizado el Balance mensual del pasado mes de octubre y ha publicado un dato de inter\u00e9s: <strong>La demanda de <a href=\"https:\/\/www.villafloresmartin.com\/es\/cuando-se-debe-realizar-el-mantenimiento-y-revision-de-centros-de-transformacion-de-energia-electrica\/\" target=\"_blank\" rel=\"noopener\">energ\u00eda el\u00e9ctrica<\/a> ha descendido en esta fecha un 5,1% con respecto al a\u00f1o pasado.<\/strong><\/p>\n<p>Como conclusi\u00f3n, podemos observar que Espa\u00f1a ha vivido el octubre con menos demanda de electricidad en diez a\u00f1os. Hacemos un resumen de la situaci\u00f3n en nuestro nuevo blog.<\/p>\n<h2>Recapitulamos los datos que demuestran que Espa\u00f1a ha vivido el octubre con menor demanda de electricidad en diez a\u00f1os<\/h2>\n<p>Red El\u00e9ctrica de Espa\u00f1a, tras corregir y descontar los efectos de laboralidad y de las temperaturas del mes de octubre, ha realizado un an\u00e1lisis y ha descubierto que Espa\u00f1a ha vivido el octubre con menor demanda de electricidad en diez a\u00f1os.<\/p>\n<p>En total, en t\u00e9rminos brutos, <a href=\"https:\/\/www.ree.es\/es\" target=\"_blank\" rel=\"noopener\">REE<\/a> ha estimado que la <strong>demanda bruta fue de 19.505 Gwh.<\/strong> Una vez comparado con el mes de octubre del a\u00f1o pasado, se descubre que se ha reducido un 3,4% inferior y, <strong>descontados los efectos de las temperaturas y la laboralidad, hasta un 5,1%.<\/strong><\/p>\n<p>As\u00ed, se demuestra una tendencia que lleva ocurriendo en nuestro pa\u00eds desde meses anteriores: Estamos consumiendo menos electricidad que otros a\u00f1os. En estos diez meses de 2022, REE puede dar datos provisionales sobre la demanda en Espa\u00f1a: Se ha registrado un 2,4% menos de <a href=\"https:\/\/www.epdata.es\/datos\/demanda-generacion-energia-electrica-espana-datos-graficos\/636\" target=\"_blank\" rel=\"noopener\">demanda el\u00e9ctrica<\/a> que el a\u00f1o anterior.<\/p>\n<h2>\u00bfQu\u00e9 m\u00e1s nos cuenta el informe de REE sobre la situaci\u00f3n en nuestro pa\u00eds?<\/h2>\n<p>Es de gran inter\u00e9s conocer la situaci\u00f3n de Espa\u00f1a en cuanto a generaci\u00f3n el\u00e9ctrica a trav\u00e9s de fuentes renovables, comparada con octubre del 2021:<\/p>\n<ul>\n<li><strong>E\u00f3lica:<\/strong> Ha aumentado un 17,5%<\/li>\n<li><strong>Solar fotovoltaica:<\/strong> Se ha incrementado un 12,9%<\/li>\n<li><strong>Hidr\u00e1ulica:<\/strong> Es la \u00fanica que ha descendido. Comparada con 2021, ha disminuido un 25% debido a la falta de lluvia<\/li>\n<\/ul>\n<p>En <a href=\"https:\/\/www.villafloresmartin.com\/es\/\" target=\"_blank\" rel=\"noopener\">Villa Flores Mart\u00edn<\/a> sabemos la importancia que tiene para el sector conocer estos datos, por lo que consideramos importante incluirlos en nuestro blog. Igualmente, si necesitas asesoramiento sobre algunos de nuestros servicios de energ\u00eda el\u00e9ctrica, no dudes en <strong><a href=\"https:\/\/www.villafloresmartin.com\/es\/contacto\/\" target=\"_blank\" rel=\"noopener\">ponerte en contacto con nosotros.<\/a><\/strong><\/p>\n<p style=\"text-align: right;\">Imagen: <a href=\"https:\/\/www.freepik.es\/fotos-premium\/lineas-electricas-flecha-desplegable-junto-bandera-ucraniana-crisis-energetica-ucrania-disminucion-generacion-suministro-electricidad-apagon-ua_33235207.htm#page=4&amp;query=energ%C3%ADa%20el%C3%A9ctrica&amp;position=47&amp;from_view=search&amp;track=sph\" target=\"_blank\" rel=\"noopener\">Freepik<\/a><\/p>\n","protected":false},"excerpt":{"rendered":"<p>Espa\u00f1a ha vivido el octubre con menor demanda de electricidad en diez a\u00f1os. La electricidad es un bien fundamental para que un pa\u00eds funcione correctamente. Por tanto, estudiar el consumo que se hace de ella es importante para conocer las necesidades de la sociedad seg\u00fan los distintos momentos del a\u00f1o. [&#8230;]<\/p>\n<p><a class=\"btn btn-secondary understrap-read-more-link\" href=\"https:\/\/www.villafloresmartin.com\/es\/espana-ha-vivido-el-octubre-con-menor-demanda-de-electricidad-en-diez-anos\/\">Leer m\u00e1s&#8230;<\/a><\/p>\n","protected":false},"author":2,"featured_media":2328,"comment_status":"closed","ping_status":"open","sticky":false,"template":"","format":"standard","meta":{"footnotes":""},"categories":[16],"tags":[],"class_list":["post-2327","post","type-post","status-publish","format-standard","has-post-thumbnail","hentry","category-noticias"],"yoast_head":"<!-- This site is optimized with the Yoast SEO plugin v26.9 - https:\/\/yoast.com\/product\/yoast-seo-wordpress\/ -->\n<title>Espa\u00f1a ha vivido el octubre con menor demanda de electricidad en diez a\u00f1os - Villa Flores Mart\u00edn<\/title>\n<meta name=\"description\" content=\"La electricidad es un bien fundamental para que un pa\u00eds... Espa\u00f1a ha vivido el octubre con menor demanda de electricidad en diez a\u00f1os\" \/>\n<meta name=\"robots\" content=\"index, follow, max-snippet:-1, max-image-preview:large, max-video-preview:-1\" \/>\n<link rel=\"canonical\" href=\"https:\/\/www.villafloresmartin.com\/es\/espana-ha-vivido-el-octubre-con-menor-demanda-de-electricidad-en-diez-anos\/\" \/>\n<meta property=\"og:locale\" content=\"es_ES\" \/>\n<meta property=\"og:type\" content=\"article\" \/>\n<meta property=\"og:title\" content=\"Espa\u00f1a ha vivido el octubre con menor demanda de electricidad en diez a\u00f1os - Villa Flores Mart\u00edn\" \/>\n<meta property=\"og:description\" content=\"La electricidad es un bien fundamental para que un pa\u00eds... Espa\u00f1a ha vivido el octubre con menor demanda de electricidad en diez a\u00f1os\" \/>\n<meta property=\"og:url\" content=\"https:\/\/www.villafloresmartin.com\/es\/espana-ha-vivido-el-octubre-con-menor-demanda-de-electricidad-en-diez-anos\/\" \/>\n<meta property=\"og:site_name\" content=\"Villa Flores Mart\u00edn\" \/>\n<meta property=\"article:published_time\" content=\"2022-11-30T10:45:53+00:00\" \/>\n<meta property=\"article:modified_time\" content=\"2022-11-30T10:46:46+00:00\" \/>\n<meta property=\"og:image\" content=\"https:\/\/www.villafloresmartin.com\/es\/wp-content\/uploads\/2022\/11\/Espana-ha-vivido-el-octubre-con-menor-demanda-de-electricidad-en-diez-anos-1.jpg\" \/>\n\t<meta property=\"og:image:width\" content=\"1200\" \/>\n\t<meta property=\"og:image:height\" content=\"800\" \/>\n\t<meta property=\"og:image:type\" content=\"image\/jpeg\" \/>\n<meta name=\"author\" content=\"admin\" \/>\n<meta name=\"twitter:label1\" content=\"Escrito por\" \/>\n\t<meta name=\"twitter:data1\" content=\"admin\" \/>\n\t<meta name=\"twitter:label2\" content=\"Tiempo de lectura\" \/>\n\t<meta name=\"twitter:data2\" content=\"3 minutos\" \/>\n<script type=\"application\/ld+json\" class=\"yoast-schema-graph\">{\"@context\":\"https:\/\/schema.org\",\"@graph\":[{\"@type\":\"Article\",\"@id\":\"https:\/\/www.villafloresmartin.com\/es\/espana-ha-vivido-el-octubre-con-menor-demanda-de-electricidad-en-diez-anos\/#article\",\"isPartOf\":{\"@id\":\"https:\/\/www.villafloresmartin.com\/es\/espana-ha-vivido-el-octubre-con-menor-demanda-de-electricidad-en-diez-anos\/\"},\"author\":{\"name\":\"admin\",\"@id\":\"https:\/\/www.villafloresmartin.com\/es\/#\/schema\/person\/c2292207708e96921697bf002f8828be\"},\"headline\":\"Espa\u00f1a ha vivido el octubre con menor demanda de electricidad en diez a\u00f1os\",\"datePublished\":\"2022-11-30T10:45:53+00:00\",\"dateModified\":\"2022-11-30T10:46:46+00:00\",\"mainEntityOfPage\":{\"@id\":\"https:\/\/www.villafloresmartin.com\/es\/espana-ha-vivido-el-octubre-con-menor-demanda-de-electricidad-en-diez-anos\/\"},\"wordCount\":440,\"image\":{\"@id\":\"https:\/\/www.villafloresmartin.com\/es\/espana-ha-vivido-el-octubre-con-menor-demanda-de-electricidad-en-diez-anos\/#primaryimage\"},\"thumbnailUrl\":\"https:\/\/www.villafloresmartin.com\/es\/wp-content\/uploads\/2022\/11\/Espana-ha-vivido-el-octubre-con-menor-demanda-de-electricidad-en-diez-anos-1.jpg\",\"articleSection\":[\"Noticias\"],\"inLanguage\":\"es\"},{\"@type\":\"WebPage\",\"@id\":\"https:\/\/www.villafloresmartin.com\/es\/espana-ha-vivido-el-octubre-con-menor-demanda-de-electricidad-en-diez-anos\/\",\"url\":\"https:\/\/www.villafloresmartin.com\/es\/espana-ha-vivido-el-octubre-con-menor-demanda-de-electricidad-en-diez-anos\/\",\"name\":\"Espa\u00f1a ha vivido el octubre con menor demanda de electricidad en diez a\u00f1os - Villa Flores Mart\u00edn\",\"isPartOf\":{\"@id\":\"https:\/\/www.villafloresmartin.com\/es\/#website\"},\"primaryImageOfPage\":{\"@id\":\"https:\/\/www.villafloresmartin.com\/es\/espana-ha-vivido-el-octubre-con-menor-demanda-de-electricidad-en-diez-anos\/#primaryimage\"},\"image\":{\"@id\":\"https:\/\/www.villafloresmartin.com\/es\/espana-ha-vivido-el-octubre-con-menor-demanda-de-electricidad-en-diez-anos\/#primaryimage\"},\"thumbnailUrl\":\"https:\/\/www.villafloresmartin.com\/es\/wp-content\/uploads\/2022\/11\/Espana-ha-vivido-el-octubre-con-menor-demanda-de-electricidad-en-diez-anos-1.jpg\",\"datePublished\":\"2022-11-30T10:45:53+00:00\",\"dateModified\":\"2022-11-30T10:46:46+00:00\",\"author\":{\"@id\":\"https:\/\/www.villafloresmartin.com\/es\/#\/schema\/person\/c2292207708e96921697bf002f8828be\"},\"description\":\"La electricidad es un bien fundamental para que un pa\u00eds... Espa\u00f1a ha vivido el octubre con menor demanda de electricidad en diez a\u00f1os\",\"breadcrumb\":{\"@id\":\"https:\/\/www.villafloresmartin.com\/es\/espana-ha-vivido-el-octubre-con-menor-demanda-de-electricidad-en-diez-anos\/#breadcrumb\"},\"inLanguage\":\"es\",\"potentialAction\":[{\"@type\":\"ReadAction\",\"target\":[\"https:\/\/www.villafloresmartin.com\/es\/espana-ha-vivido-el-octubre-con-menor-demanda-de-electricidad-en-diez-anos\/\"]}]},{\"@type\":\"ImageObject\",\"inLanguage\":\"es\",\"@id\":\"https:\/\/www.villafloresmartin.com\/es\/espana-ha-vivido-el-octubre-con-menor-demanda-de-electricidad-en-diez-anos\/#primaryimage\",\"url\":\"https:\/\/www.villafloresmartin.com\/es\/wp-content\/uploads\/2022\/11\/Espana-ha-vivido-el-octubre-con-menor-demanda-de-electricidad-en-diez-anos-1.jpg\",\"contentUrl\":\"https:\/\/www.villafloresmartin.com\/es\/wp-content\/uploads\/2022\/11\/Espana-ha-vivido-el-octubre-con-menor-demanda-de-electricidad-en-diez-anos-1.jpg\",\"width\":1200,\"height\":800,\"caption\":\"Espa\u00f1a ha vivido el octubre con menor demanda de electricidad en diez a\u00f1os\"},{\"@type\":\"BreadcrumbList\",\"@id\":\"https:\/\/www.villafloresmartin.com\/es\/espana-ha-vivido-el-octubre-con-menor-demanda-de-electricidad-en-diez-anos\/#breadcrumb\",\"itemListElement\":[{\"@type\":\"ListItem\",\"position\":1,\"name\":\"Portada\",\"item\":\"https:\/\/www.villafloresmartin.com\/es\/\"},{\"@type\":\"ListItem\",\"position\":2,\"name\":\"Espa\u00f1a ha vivido el octubre con menor demanda de electricidad en diez a\u00f1os\"}]},{\"@type\":\"WebSite\",\"@id\":\"https:\/\/www.villafloresmartin.com\/es\/#website\",\"url\":\"https:\/\/www.villafloresmartin.com\/es\/\",\"name\":\"Villa Flores Mart\u00edn\",\"description\":\"\",\"potentialAction\":[{\"@type\":\"SearchAction\",\"target\":{\"@type\":\"EntryPoint\",\"urlTemplate\":\"https:\/\/www.villafloresmartin.com\/es\/?s={search_term_string}\"},\"query-input\":{\"@type\":\"PropertyValueSpecification\",\"valueRequired\":true,\"valueName\":\"search_term_string\"}}],\"inLanguage\":\"es\"},{\"@type\":\"Person\",\"@id\":\"https:\/\/www.villafloresmartin.com\/es\/#\/schema\/person\/c2292207708e96921697bf002f8828be\",\"name\":\"admin\",\"image\":{\"@type\":\"ImageObject\",\"inLanguage\":\"es\",\"@id\":\"https:\/\/www.villafloresmartin.com\/es\/#\/schema\/person\/image\/\",\"url\":\"https:\/\/secure.gravatar.com\/avatar\/7982f03a93f66ccccbac0ad0746074089942e7448863241b5ddf94dec2148152?s=96&d=mm&r=g\",\"contentUrl\":\"https:\/\/secure.gravatar.com\/avatar\/7982f03a93f66ccccbac0ad0746074089942e7448863241b5ddf94dec2148152?s=96&d=mm&r=g\",\"caption\":\"admin\"}}]}<\/script>\n<!-- \/ Yoast SEO plugin. -->","yoast_head_json":{"title":"Espa\u00f1a ha vivido el octubre con menor demanda de electricidad en diez a\u00f1os - Villa Flores Mart\u00edn","description":"La electricidad es un bien fundamental para que un pa\u00eds... Espa\u00f1a ha vivido el octubre con menor demanda de electricidad en diez a\u00f1os","robots":{"index":"index","follow":"follow","max-snippet":"max-snippet:-1","max-image-preview":"max-image-preview:large","max-video-preview":"max-video-preview:-1"},"canonical":"https:\/\/www.villafloresmartin.com\/es\/espana-ha-vivido-el-octubre-con-menor-demanda-de-electricidad-en-diez-anos\/","og_locale":"es_ES","og_type":"article","og_title":"Espa\u00f1a ha vivido el octubre con menor demanda de electricidad en diez a\u00f1os - Villa Flores Mart\u00edn","og_description":"La electricidad es un bien fundamental para que un pa\u00eds... Espa\u00f1a ha vivido el octubre con menor demanda de electricidad en diez a\u00f1os","og_url":"https:\/\/www.villafloresmartin.com\/es\/espana-ha-vivido-el-octubre-con-menor-demanda-de-electricidad-en-diez-anos\/","og_site_name":"Villa Flores Mart\u00edn","article_published_time":"2022-11-30T10:45:53+00:00","article_modified_time":"2022-11-30T10:46:46+00:00","og_image":[{"width":1200,"height":800,"url":"https:\/\/www.villafloresmartin.com\/es\/wp-content\/uploads\/2022\/11\/Espana-ha-vivido-el-octubre-con-menor-demanda-de-electricidad-en-diez-anos-1.jpg","type":"image\/jpeg"}],"author":"admin","twitter_misc":{"Escrito por":"admin","Tiempo de lectura":"3 minutos"},"schema":{"@context":"https:\/\/schema.org","@graph":[{"@type":"Article","@id":"https:\/\/www.villafloresmartin.com\/es\/espana-ha-vivido-el-octubre-con-menor-demanda-de-electricidad-en-diez-anos\/#article","isPartOf":{"@id":"https:\/\/www.villafloresmartin.com\/es\/espana-ha-vivido-el-octubre-con-menor-demanda-de-electricidad-en-diez-anos\/"},"author":{"name":"admin","@id":"https:\/\/www.villafloresmartin.com\/es\/#\/schema\/person\/c2292207708e96921697bf002f8828be"},"headline":"Espa\u00f1a ha vivido el octubre con menor demanda de electricidad en diez a\u00f1os","datePublished":"2022-11-30T10:45:53+00:00","dateModified":"2022-11-30T10:46:46+00:00","mainEntityOfPage":{"@id":"https:\/\/www.villafloresmartin.com\/es\/espana-ha-vivido-el-octubre-con-menor-demanda-de-electricidad-en-diez-anos\/"},"wordCount":440,"image":{"@id":"https:\/\/www.villafloresmartin.com\/es\/espana-ha-vivido-el-octubre-con-menor-demanda-de-electricidad-en-diez-anos\/#primaryimage"},"thumbnailUrl":"https:\/\/www.villafloresmartin.com\/es\/wp-content\/uploads\/2022\/11\/Espana-ha-vivido-el-octubre-con-menor-demanda-de-electricidad-en-diez-anos-1.jpg","articleSection":["Noticias"],"inLanguage":"es"},{"@type":"WebPage","@id":"https:\/\/www.villafloresmartin.com\/es\/espana-ha-vivido-el-octubre-con-menor-demanda-de-electricidad-en-diez-anos\/","url":"https:\/\/www.villafloresmartin.com\/es\/espana-ha-vivido-el-octubre-con-menor-demanda-de-electricidad-en-diez-anos\/","name":"Espa\u00f1a ha vivido el octubre con menor demanda de electricidad en diez a\u00f1os - Villa Flores Mart\u00edn","isPartOf":{"@id":"https:\/\/www.villafloresmartin.com\/es\/#website"},"primaryImageOfPage":{"@id":"https:\/\/www.villafloresmartin.com\/es\/espana-ha-vivido-el-octubre-con-menor-demanda-de-electricidad-en-diez-anos\/#primaryimage"},"image":{"@id":"https:\/\/www.villafloresmartin.com\/es\/espana-ha-vivido-el-octubre-con-menor-demanda-de-electricidad-en-diez-anos\/#primaryimage"},"thumbnailUrl":"https:\/\/www.villafloresmartin.com\/es\/wp-content\/uploads\/2022\/11\/Espana-ha-vivido-el-octubre-con-menor-demanda-de-electricidad-en-diez-anos-1.jpg","datePublished":"2022-11-30T10:45:53+00:00","dateModified":"2022-11-30T10:46:46+00:00","author":{"@id":"https:\/\/www.villafloresmartin.com\/es\/#\/schema\/person\/c2292207708e96921697bf002f8828be"},"description":"La electricidad es un bien fundamental para que un pa\u00eds... Espa\u00f1a ha vivido el octubre con menor demanda de electricidad en diez a\u00f1os","breadcrumb":{"@id":"https:\/\/www.villafloresmartin.com\/es\/espana-ha-vivido-el-octubre-con-menor-demanda-de-electricidad-en-diez-anos\/#breadcrumb"},"inLanguage":"es","potentialAction":[{"@type":"ReadAction","target":["https:\/\/www.villafloresmartin.com\/es\/espana-ha-vivido-el-octubre-con-menor-demanda-de-electricidad-en-diez-anos\/"]}]},{"@type":"ImageObject","inLanguage":"es","@id":"https:\/\/www.villafloresmartin.com\/es\/espana-ha-vivido-el-octubre-con-menor-demanda-de-electricidad-en-diez-anos\/#primaryimage","url":"https:\/\/www.villafloresmartin.com\/es\/wp-content\/uploads\/2022\/11\/Espana-ha-vivido-el-octubre-con-menor-demanda-de-electricidad-en-diez-anos-1.jpg","contentUrl":"https:\/\/www.villafloresmartin.com\/es\/wp-content\/uploads\/2022\/11\/Espana-ha-vivido-el-octubre-con-menor-demanda-de-electricidad-en-diez-anos-1.jpg","width":1200,"height":800,"caption":"Espa\u00f1a ha vivido el octubre con menor demanda de electricidad en diez a\u00f1os"},{"@type":"BreadcrumbList","@id":"https:\/\/www.villafloresmartin.com\/es\/espana-ha-vivido-el-octubre-con-menor-demanda-de-electricidad-en-diez-anos\/#breadcrumb","itemListElement":[{"@type":"ListItem","position":1,"name":"Portada","item":"https:\/\/www.villafloresmartin.com\/es\/"},{"@type":"ListItem","position":2,"name":"Espa\u00f1a ha vivido el octubre con menor demanda de electricidad en diez a\u00f1os"}]},{"@type":"WebSite","@id":"https:\/\/www.villafloresmartin.com\/es\/#website","url":"https:\/\/www.villafloresmartin.com\/es\/","name":"Villa Flores Mart\u00edn","description":"","potentialAction":[{"@type":"SearchAction","target":{"@type":"EntryPoint","urlTemplate":"https:\/\/www.villafloresmartin.com\/es\/?s={search_term_string}"},"query-input":{"@type":"PropertyValueSpecification","valueRequired":true,"valueName":"search_term_string"}}],"inLanguage":"es"},{"@type":"Person","@id":"https:\/\/www.villafloresmartin.com\/es\/#\/schema\/person\/c2292207708e96921697bf002f8828be","name":"admin","image":{"@type":"ImageObject","inLanguage":"es","@id":"https:\/\/www.villafloresmartin.com\/es\/#\/schema\/person\/image\/","url":"https:\/\/secure.gravatar.com\/avatar\/7982f03a93f66ccccbac0ad0746074089942e7448863241b5ddf94dec2148152?s=96&d=mm&r=g","contentUrl":"https:\/\/secure.gravatar.com\/avatar\/7982f03a93f66ccccbac0ad0746074089942e7448863241b5ddf94dec2148152?s=96&d=mm&r=g","caption":"admin"}}]}},"_links":{"self":[{"href":"https:\/\/www.villafloresmartin.com\/es\/wp-json\/wp\/v2\/posts\/2327","targetHints":{"allow":["GET"]}}],"collection":[{"href":"https:\/\/www.villafloresmartin.com\/es\/wp-json\/wp\/v2\/posts"}],"about":[{"href":"https:\/\/www.villafloresmartin.com\/es\/wp-json\/wp\/v2\/types\/post"}],"author":[{"embeddable":true,"href":"https:\/\/www.villafloresmartin.com\/es\/wp-json\/wp\/v2\/users\/2"}],"replies":[{"embeddable":true,"href":"https:\/\/www.villafloresmartin.com\/es\/wp-json\/wp\/v2\/comments?post=2327"}],"version-history":[{"count":3,"href":"https:\/\/www.villafloresmartin.com\/es\/wp-json\/wp\/v2\/posts\/2327\/revisions"}],"predecessor-version":[{"id":2331,"href":"https:\/\/www.villafloresmartin.com\/es\/wp-json\/wp\/v2\/posts\/2327\/revisions\/2331"}],"wp:featuredmedia":[{"embeddable":true,"href":"https:\/\/www.villafloresmartin.com\/es\/wp-json\/wp\/v2\/media\/2328"}],"wp:attachment":[{"href":"https:\/\/www.villafloresmartin.com\/es\/wp-json\/wp\/v2\/media?parent=2327"}],"wp:term":[{"taxonomy":"category","embeddable":true,"href":"https:\/\/www.villafloresmartin.com\/es\/wp-json\/wp\/v2\/categories?post=2327"},{"taxonomy":"post_tag","embeddable":true,"href":"https:\/\/www.villafloresmartin.com\/es\/wp-json\/wp\/v2\/tags?post=2327"}],"curies":[{"name":"wp","href":"https:\/\/api.w.org\/{rel}","templated":true}]}}