{"id":2258,"date":"2022-06-30T12:43:46","date_gmt":"2022-06-30T10:43:46","guid":{"rendered":"https:\/\/www.villafloresmartin.com\/es\/?p=2258"},"modified":"2022-06-30T12:44:07","modified_gmt":"2022-06-30T10:44:07","slug":"como-calcular-y-reducir-tu-huella-de-carbono-producida-por-el-uso-de-la-electricidad","status":"publish","type":"post","link":"https:\/\/www.villafloresmartin.com\/es\/como-calcular-y-reducir-tu-huella-de-carbono-producida-por-el-uso-de-la-electricidad\/","title":{"rendered":"C\u00f3mo calcular y reducir tu huella de carbono producida por el uso de la electricidad de forma efectiva"},"content":{"rendered":"<p><img  title=\"C\u00f3mo calcular y reducir tu huella de carbono producida por el uso de la electricidad de forma efectiva - Villa Flores Mart\u00edn\" loading=\"lazy\" decoding=\"async\" class=\"alignleft size-full wp-image-2260\" src=\"https:\/\/www.villafloresmartin.com\/es\/wp-content\/uploads\/2022\/06\/como-calcular-y-reducir-tu-huella-de-carbono-producida-por-el-uso-de-la-electricidad.jpg\"  alt=\"C\u00f3mo calcular y reducir tu huella de carbono producida por el uso de la electricidad de forma efectiva - Villa Flores Mart\u00edn\"  width=\"1200\" height=\"800\" srcset=\"https:\/\/www.villafloresmartin.com\/es\/wp-content\/uploads\/2022\/06\/como-calcular-y-reducir-tu-huella-de-carbono-producida-por-el-uso-de-la-electricidad.jpg 1200w, https:\/\/www.villafloresmartin.com\/es\/wp-content\/uploads\/2022\/06\/como-calcular-y-reducir-tu-huella-de-carbono-producida-por-el-uso-de-la-electricidad-300x200.jpg 300w, https:\/\/www.villafloresmartin.com\/es\/wp-content\/uploads\/2022\/06\/como-calcular-y-reducir-tu-huella-de-carbono-producida-por-el-uso-de-la-electricidad-1024x683.jpg 1024w, https:\/\/www.villafloresmartin.com\/es\/wp-content\/uploads\/2022\/06\/como-calcular-y-reducir-tu-huella-de-carbono-producida-por-el-uso-de-la-electricidad-768x512.jpg 768w, https:\/\/www.villafloresmartin.com\/es\/wp-content\/uploads\/2022\/06\/como-calcular-y-reducir-tu-huella-de-carbono-producida-por-el-uso-de-la-electricidad-90x60.jpg 90w\" sizes=\"auto, (max-width: 1200px) 100vw, 1200px\" \/><\/p>\n<p><strong>C\u00f3mo calcular y reducir tu huella de carbono producida por el uso de la electricidad.<\/strong> Cada vez escuchamos m\u00e1s hablar de la huella de carbono, pero no todas las personas son conscientes de su importancia. Su definici\u00f3n ser\u00eda la siguiente: medida con la que se calcula la cantidad de gases de efecto invernadero que se emiten a la atm\u00f3sfera. Se puede hacer por vivienda, por empresa o incluso por persona.<!--more--><\/p>\n<p>Disminuir nuestro impacto en el planeta es importante para su salud, pero conocer los gases que producimos no siempre es f\u00e1cil. Te ense\u00f1amos c\u00f3mo calcular y reducir tu huella de carbono producida por el <a href=\"https:\/\/www.villafloresmartin.com\/es\/que-significa-at-y-bt-en-electricidad\/\" target=\"_blank\" rel=\"noopener\">uso de la electricidad<\/a>. \u00a1Seguro que te va a interesar ayudar al medioambiente tras leer nuestro nuevo blog!<\/p>\n<h2>C\u00f3mo calcular y reducir tu huella de carbono producida por el uso de la electricidad<\/h2>\n<p>Como referencia, nos parece correcto tomar informaci\u00f3n de empresas como <a href=\"https:\/\/www.endesa.com\/es\/blog\/blog-de-endesa\/otros\/calcular-huella-carbono\" target=\"_blank\" rel=\"noopener\">Endesa<\/a>, compa\u00f1\u00eda espa\u00f1ola l\u00edder en cuanto a operaciones del sector el\u00e9ctrico. En su web nos indica las variables principales que se usan para calcular la huella de carbono que producimos al consumir electricidad:<\/p>\n<ul>\n<li><strong>Calcula la energ\u00eda que consumes en tu vivienda y en tu lugar de trabajo:<\/strong> Tienes que tener en cuenta el uso que haces de la electricidad de forma diaria para hacerte una idea de los gases que puedes llegar a producir. No solo te preocupes por utilizar bombillas y electrodom\u00e9sticos de bajo consumo, estudia tambi\u00e9n que eviten originar da\u00f1os en el planeta. \u00bfC\u00f3mo poner soluci\u00f3n en este caso? Con detalles tan sencillos como apagar luces y aparatos electr\u00f3nicos cuando no est\u00e9n en uso.<\/li>\n<li><strong>Estudia cu\u00e1les son tus h\u00e1bitos de transporte:<\/strong> F\u00edjate bien en los transportes que utilizas en todos tus trayectos, ya sean cortos o largos, e inf\u00f3rmate sobre cu\u00e1nto contaminan. La mejor manera de cuidar en este caso del planeta es utilizar el transporte p\u00fablico si vas lejos y, en el caso de que te sea posible ir andando, todav\u00eda mejor.<\/li>\n<li><strong>Ten en cuenta c\u00f3mo se producen los alimentos que consumes:<\/strong> Hay veces que los alimentos que compramos est\u00e1n produciendo muchos gases de efecto invernadero porque para llegar a ti han tenido que trasladarse desde muy lejos o producirse por medios muy contaminantes, adem\u00e1s de un exceso de uso de electricidad. \u00bfLa soluci\u00f3n? Consume m\u00e1s producto local, ecol\u00f3gico y evita tomar mucha carne, cuya producci\u00f3n es menos ecol\u00f3gica que otras.<\/li>\n<li><strong>Descubre otro tipo de h\u00e1bitos que est\u00e9n suponiendo la producci\u00f3n de gases de efecto invernadero:<\/strong> No reciclar, el consumo de productos como ropas o aparatos electr\u00f3nicos en vez de arreglar los que ya tenemos, el tener en mal estado los electrodom\u00e9sticos, aparatos de aire\u2026 son solo algunos de los h\u00e1bitos que realizamos en nuestro d\u00eda a d\u00eda y que contribuyen a que nuestra huella de carbono resulte excesiva por el uso desbordante de la electricidad.<\/li>\n<\/ul>\n<h2>En Villa Flores Mart\u00edn disminuimos nuestra huella de carbono para el cuidado de planeta<\/h2>\n<p>Sabemos que para que la reducci\u00f3n de la huella de carbono sea efectiva y no da\u00f1e al planeta, no solo tenemos que trabajar individualmente, sino todos en grupo. Por tanto, en <a href=\"https:\/\/www.villafloresmartin.com\/es\/\" target=\"_blank\" rel=\"noopener\">Villa Flores Mart\u00edn<\/a> no solo realizamos los servicios de electricidad pensando en darles soluci\u00f3n, sino haciendo que estos contaminen lo menos posible.<\/p>\n<p>Iniciativas como ser una <a href=\"https:\/\/www.villafloresmartin.com\/es\/empresa-certificada-en-huella-de-carbono\/\" target=\"_blank\" rel=\"noopener\">empresa certificada en Huella de Carbono<\/a> y el apadrinamiento de 500 \u00e1rboles de la mano de <a href=\"https:\/\/co2gestion.com\/\" target=\"_blank\" rel=\"noopener\">CO2 GESTI\u00d3N<\/a> son algunas de las medidas que hemos tomado para reducir nuestro impacto. Si quieres concerlas en profundidad, solo tienes que <strong><a href=\"https:\/\/www.villafloresmartin.com\/es\/contacto\/\" target=\"_blank\" rel=\"noopener\">ponerte en contacto con nosotros.<\/a><\/strong> \u00a1Por el futuro de nuestro planeta!<\/p>\n<p style=\"text-align: right;\"><strong>Imagen:<\/strong> <a href=\"https:\/\/www.freepik.es\/fotos-premium\/bombilla-pequena-planta-suelo-sol-concepto-ahorro-energia-naturaleza_4021610.htm#query=huella%20de%20carbono&amp;position=11&amp;from_view=search\" target=\"_blank\" rel=\"noopener\">Freepik<\/a><\/p>\n","protected":false},"excerpt":{"rendered":"<p>C\u00f3mo calcular y reducir tu huella de carbono producida por el uso de la electricidad. Cada vez escuchamos m\u00e1s hablar de la huella de carbono, pero no todas las personas son conscientes de su importancia. Su definici\u00f3n ser\u00eda la siguiente: medida con la que se calcula la cantidad de gases de efecto invernadero que se [&#8230;]<\/p>\n<p><a class=\"btn btn-secondary understrap-read-more-link\" href=\"https:\/\/www.villafloresmartin.com\/es\/como-calcular-y-reducir-tu-huella-de-carbono-producida-por-el-uso-de-la-electricidad\/\">Leer m\u00e1s&#8230;<\/a><\/p>\n","protected":false},"author":2,"featured_media":2260,"comment_status":"closed","ping_status":"open","sticky":false,"template":"","format":"standard","meta":{"footnotes":""},"categories":[16],"tags":[],"class_list":["post-2258","post","type-post","status-publish","format-standard","has-post-thumbnail","hentry","category-noticias"],"yoast_head":"<!-- This site is optimized with the Yoast SEO plugin v26.9 - https:\/\/yoast.com\/product\/yoast-seo-wordpress\/ -->\n<title>C\u00f3mo calcular y reducir tu huella de carbono producida por el uso de la electricidad de forma efectiva - Villa Flores Mart\u00edn<\/title>\n<meta name=\"description\" content=\"Cada vez escuchamos m\u00e1s hablar de la huella de... C\u00f3mo calcular y reducir tu huella de carbono producida por el uso de la electricidad\" \/>\n<meta name=\"robots\" content=\"index, follow, max-snippet:-1, max-image-preview:large, max-video-preview:-1\" \/>\n<link rel=\"canonical\" href=\"https:\/\/www.villafloresmartin.com\/es\/como-calcular-y-reducir-tu-huella-de-carbono-producida-por-el-uso-de-la-electricidad\/\" \/>\n<meta property=\"og:locale\" content=\"es_ES\" \/>\n<meta property=\"og:type\" content=\"article\" \/>\n<meta property=\"og:title\" content=\"C\u00f3mo calcular y reducir tu huella de carbono producida por el uso de la electricidad de forma efectiva - Villa Flores Mart\u00edn\" \/>\n<meta property=\"og:description\" content=\"Cada vez escuchamos m\u00e1s hablar de la huella de... C\u00f3mo calcular y reducir tu huella de carbono producida por el uso de la electricidad\" \/>\n<meta property=\"og:url\" content=\"https:\/\/www.villafloresmartin.com\/es\/como-calcular-y-reducir-tu-huella-de-carbono-producida-por-el-uso-de-la-electricidad\/\" \/>\n<meta property=\"og:site_name\" content=\"Villa Flores Mart\u00edn\" \/>\n<meta property=\"article:published_time\" content=\"2022-06-30T10:43:46+00:00\" \/>\n<meta property=\"article:modified_time\" content=\"2022-06-30T10:44:07+00:00\" \/>\n<meta property=\"og:image\" content=\"https:\/\/www.villafloresmartin.com\/es\/wp-content\/uploads\/2022\/06\/como-calcular-y-reducir-tu-huella-de-carbono-producida-por-el-uso-de-la-electricidad.jpg\" \/>\n\t<meta property=\"og:image:width\" content=\"1200\" \/>\n\t<meta property=\"og:image:height\" content=\"800\" \/>\n\t<meta property=\"og:image:type\" content=\"image\/jpeg\" \/>\n<meta name=\"author\" content=\"admin\" \/>\n<meta name=\"twitter:label1\" content=\"Escrito por\" \/>\n\t<meta name=\"twitter:data1\" content=\"admin\" \/>\n\t<meta name=\"twitter:label2\" content=\"Tiempo de lectura\" \/>\n\t<meta name=\"twitter:data2\" content=\"3 minutos\" \/>\n<script type=\"application\/ld+json\" class=\"yoast-schema-graph\">{\"@context\":\"https:\/\/schema.org\",\"@graph\":[{\"@type\":\"Article\",\"@id\":\"https:\/\/www.villafloresmartin.com\/es\/como-calcular-y-reducir-tu-huella-de-carbono-producida-por-el-uso-de-la-electricidad\/#article\",\"isPartOf\":{\"@id\":\"https:\/\/www.villafloresmartin.com\/es\/como-calcular-y-reducir-tu-huella-de-carbono-producida-por-el-uso-de-la-electricidad\/\"},\"author\":{\"name\":\"admin\",\"@id\":\"https:\/\/www.villafloresmartin.com\/es\/#\/schema\/person\/c2292207708e96921697bf002f8828be\"},\"headline\":\"C\u00f3mo calcular y reducir tu huella de carbono producida por el uso de la electricidad de forma efectiva\",\"datePublished\":\"2022-06-30T10:43:46+00:00\",\"dateModified\":\"2022-06-30T10:44:07+00:00\",\"mainEntityOfPage\":{\"@id\":\"https:\/\/www.villafloresmartin.com\/es\/como-calcular-y-reducir-tu-huella-de-carbono-producida-por-el-uso-de-la-electricidad\/\"},\"wordCount\":657,\"image\":{\"@id\":\"https:\/\/www.villafloresmartin.com\/es\/como-calcular-y-reducir-tu-huella-de-carbono-producida-por-el-uso-de-la-electricidad\/#primaryimage\"},\"thumbnailUrl\":\"https:\/\/www.villafloresmartin.com\/es\/wp-content\/uploads\/2022\/06\/como-calcular-y-reducir-tu-huella-de-carbono-producida-por-el-uso-de-la-electricidad.jpg\",\"articleSection\":[\"Noticias\"],\"inLanguage\":\"es\"},{\"@type\":\"WebPage\",\"@id\":\"https:\/\/www.villafloresmartin.com\/es\/como-calcular-y-reducir-tu-huella-de-carbono-producida-por-el-uso-de-la-electricidad\/\",\"url\":\"https:\/\/www.villafloresmartin.com\/es\/como-calcular-y-reducir-tu-huella-de-carbono-producida-por-el-uso-de-la-electricidad\/\",\"name\":\"C\u00f3mo calcular y reducir tu huella de carbono producida por el uso de la electricidad de forma efectiva - Villa Flores Mart\u00edn\",\"isPartOf\":{\"@id\":\"https:\/\/www.villafloresmartin.com\/es\/#website\"},\"primaryImageOfPage\":{\"@id\":\"https:\/\/www.villafloresmartin.com\/es\/como-calcular-y-reducir-tu-huella-de-carbono-producida-por-el-uso-de-la-electricidad\/#primaryimage\"},\"image\":{\"@id\":\"https:\/\/www.villafloresmartin.com\/es\/como-calcular-y-reducir-tu-huella-de-carbono-producida-por-el-uso-de-la-electricidad\/#primaryimage\"},\"thumbnailUrl\":\"https:\/\/www.villafloresmartin.com\/es\/wp-content\/uploads\/2022\/06\/como-calcular-y-reducir-tu-huella-de-carbono-producida-por-el-uso-de-la-electricidad.jpg\",\"datePublished\":\"2022-06-30T10:43:46+00:00\",\"dateModified\":\"2022-06-30T10:44:07+00:00\",\"author\":{\"@id\":\"https:\/\/www.villafloresmartin.com\/es\/#\/schema\/person\/c2292207708e96921697bf002f8828be\"},\"description\":\"Cada vez escuchamos m\u00e1s hablar de la huella de... C\u00f3mo calcular y reducir tu huella de carbono producida por el uso de la electricidad\",\"breadcrumb\":{\"@id\":\"https:\/\/www.villafloresmartin.com\/es\/como-calcular-y-reducir-tu-huella-de-carbono-producida-por-el-uso-de-la-electricidad\/#breadcrumb\"},\"inLanguage\":\"es\",\"potentialAction\":[{\"@type\":\"ReadAction\",\"target\":[\"https:\/\/www.villafloresmartin.com\/es\/como-calcular-y-reducir-tu-huella-de-carbono-producida-por-el-uso-de-la-electricidad\/\"]}]},{\"@type\":\"ImageObject\",\"inLanguage\":\"es\",\"@id\":\"https:\/\/www.villafloresmartin.com\/es\/como-calcular-y-reducir-tu-huella-de-carbono-producida-por-el-uso-de-la-electricidad\/#primaryimage\",\"url\":\"https:\/\/www.villafloresmartin.com\/es\/wp-content\/uploads\/2022\/06\/como-calcular-y-reducir-tu-huella-de-carbono-producida-por-el-uso-de-la-electricidad.jpg\",\"contentUrl\":\"https:\/\/www.villafloresmartin.com\/es\/wp-content\/uploads\/2022\/06\/como-calcular-y-reducir-tu-huella-de-carbono-producida-por-el-uso-de-la-electricidad.jpg\",\"width\":1200,\"height\":800,\"caption\":\"C\u00f3mo calcular y reducir tu huella de carbono producida por el uso de la electricidad\"},{\"@type\":\"BreadcrumbList\",\"@id\":\"https:\/\/www.villafloresmartin.com\/es\/como-calcular-y-reducir-tu-huella-de-carbono-producida-por-el-uso-de-la-electricidad\/#breadcrumb\",\"itemListElement\":[{\"@type\":\"ListItem\",\"position\":1,\"name\":\"Portada\",\"item\":\"https:\/\/www.villafloresmartin.com\/es\/\"},{\"@type\":\"ListItem\",\"position\":2,\"name\":\"C\u00f3mo calcular y reducir tu huella de carbono producida por el uso de la electricidad de forma efectiva\"}]},{\"@type\":\"WebSite\",\"@id\":\"https:\/\/www.villafloresmartin.com\/es\/#website\",\"url\":\"https:\/\/www.villafloresmartin.com\/es\/\",\"name\":\"Villa Flores Mart\u00edn\",\"description\":\"\",\"potentialAction\":[{\"@type\":\"SearchAction\",\"target\":{\"@type\":\"EntryPoint\",\"urlTemplate\":\"https:\/\/www.villafloresmartin.com\/es\/?s={search_term_string}\"},\"query-input\":{\"@type\":\"PropertyValueSpecification\",\"valueRequired\":true,\"valueName\":\"search_term_string\"}}],\"inLanguage\":\"es\"},{\"@type\":\"Person\",\"@id\":\"https:\/\/www.villafloresmartin.com\/es\/#\/schema\/person\/c2292207708e96921697bf002f8828be\",\"name\":\"admin\",\"image\":{\"@type\":\"ImageObject\",\"inLanguage\":\"es\",\"@id\":\"https:\/\/www.villafloresmartin.com\/es\/#\/schema\/person\/image\/\",\"url\":\"https:\/\/secure.gravatar.com\/avatar\/7982f03a93f66ccccbac0ad0746074089942e7448863241b5ddf94dec2148152?s=96&d=mm&r=g\",\"contentUrl\":\"https:\/\/secure.gravatar.com\/avatar\/7982f03a93f66ccccbac0ad0746074089942e7448863241b5ddf94dec2148152?s=96&d=mm&r=g\",\"caption\":\"admin\"}}]}<\/script>\n<!-- \/ Yoast SEO plugin. -->","yoast_head_json":{"title":"C\u00f3mo calcular y reducir tu huella de carbono producida por el uso de la electricidad de forma efectiva - Villa Flores Mart\u00edn","description":"Cada vez escuchamos m\u00e1s hablar de la huella de... C\u00f3mo calcular y reducir tu huella de carbono producida por el uso de la electricidad","robots":{"index":"index","follow":"follow","max-snippet":"max-snippet:-1","max-image-preview":"max-image-preview:large","max-video-preview":"max-video-preview:-1"},"canonical":"https:\/\/www.villafloresmartin.com\/es\/como-calcular-y-reducir-tu-huella-de-carbono-producida-por-el-uso-de-la-electricidad\/","og_locale":"es_ES","og_type":"article","og_title":"C\u00f3mo calcular y reducir tu huella de carbono producida por el uso de la electricidad de forma efectiva - Villa Flores Mart\u00edn","og_description":"Cada vez escuchamos m\u00e1s hablar de la huella de... C\u00f3mo calcular y reducir tu huella de carbono producida por el uso de la electricidad","og_url":"https:\/\/www.villafloresmartin.com\/es\/como-calcular-y-reducir-tu-huella-de-carbono-producida-por-el-uso-de-la-electricidad\/","og_site_name":"Villa Flores Mart\u00edn","article_published_time":"2022-06-30T10:43:46+00:00","article_modified_time":"2022-06-30T10:44:07+00:00","og_image":[{"width":1200,"height":800,"url":"https:\/\/www.villafloresmartin.com\/es\/wp-content\/uploads\/2022\/06\/como-calcular-y-reducir-tu-huella-de-carbono-producida-por-el-uso-de-la-electricidad.jpg","type":"image\/jpeg"}],"author":"admin","twitter_misc":{"Escrito por":"admin","Tiempo de lectura":"3 minutos"},"schema":{"@context":"https:\/\/schema.org","@graph":[{"@type":"Article","@id":"https:\/\/www.villafloresmartin.com\/es\/como-calcular-y-reducir-tu-huella-de-carbono-producida-por-el-uso-de-la-electricidad\/#article","isPartOf":{"@id":"https:\/\/www.villafloresmartin.com\/es\/como-calcular-y-reducir-tu-huella-de-carbono-producida-por-el-uso-de-la-electricidad\/"},"author":{"name":"admin","@id":"https:\/\/www.villafloresmartin.com\/es\/#\/schema\/person\/c2292207708e96921697bf002f8828be"},"headline":"C\u00f3mo calcular y reducir tu huella de carbono producida por el uso de la electricidad de forma efectiva","datePublished":"2022-06-30T10:43:46+00:00","dateModified":"2022-06-30T10:44:07+00:00","mainEntityOfPage":{"@id":"https:\/\/www.villafloresmartin.com\/es\/como-calcular-y-reducir-tu-huella-de-carbono-producida-por-el-uso-de-la-electricidad\/"},"wordCount":657,"image":{"@id":"https:\/\/www.villafloresmartin.com\/es\/como-calcular-y-reducir-tu-huella-de-carbono-producida-por-el-uso-de-la-electricidad\/#primaryimage"},"thumbnailUrl":"https:\/\/www.villafloresmartin.com\/es\/wp-content\/uploads\/2022\/06\/como-calcular-y-reducir-tu-huella-de-carbono-producida-por-el-uso-de-la-electricidad.jpg","articleSection":["Noticias"],"inLanguage":"es"},{"@type":"WebPage","@id":"https:\/\/www.villafloresmartin.com\/es\/como-calcular-y-reducir-tu-huella-de-carbono-producida-por-el-uso-de-la-electricidad\/","url":"https:\/\/www.villafloresmartin.com\/es\/como-calcular-y-reducir-tu-huella-de-carbono-producida-por-el-uso-de-la-electricidad\/","name":"C\u00f3mo calcular y reducir tu huella de carbono producida por el uso de la electricidad de forma efectiva - Villa Flores Mart\u00edn","isPartOf":{"@id":"https:\/\/www.villafloresmartin.com\/es\/#website"},"primaryImageOfPage":{"@id":"https:\/\/www.villafloresmartin.com\/es\/como-calcular-y-reducir-tu-huella-de-carbono-producida-por-el-uso-de-la-electricidad\/#primaryimage"},"image":{"@id":"https:\/\/www.villafloresmartin.com\/es\/como-calcular-y-reducir-tu-huella-de-carbono-producida-por-el-uso-de-la-electricidad\/#primaryimage"},"thumbnailUrl":"https:\/\/www.villafloresmartin.com\/es\/wp-content\/uploads\/2022\/06\/como-calcular-y-reducir-tu-huella-de-carbono-producida-por-el-uso-de-la-electricidad.jpg","datePublished":"2022-06-30T10:43:46+00:00","dateModified":"2022-06-30T10:44:07+00:00","author":{"@id":"https:\/\/www.villafloresmartin.com\/es\/#\/schema\/person\/c2292207708e96921697bf002f8828be"},"description":"Cada vez escuchamos m\u00e1s hablar de la huella de... C\u00f3mo calcular y reducir tu huella de carbono producida por el uso de la electricidad","breadcrumb":{"@id":"https:\/\/www.villafloresmartin.com\/es\/como-calcular-y-reducir-tu-huella-de-carbono-producida-por-el-uso-de-la-electricidad\/#breadcrumb"},"inLanguage":"es","potentialAction":[{"@type":"ReadAction","target":["https:\/\/www.villafloresmartin.com\/es\/como-calcular-y-reducir-tu-huella-de-carbono-producida-por-el-uso-de-la-electricidad\/"]}]},{"@type":"ImageObject","inLanguage":"es","@id":"https:\/\/www.villafloresmartin.com\/es\/como-calcular-y-reducir-tu-huella-de-carbono-producida-por-el-uso-de-la-electricidad\/#primaryimage","url":"https:\/\/www.villafloresmartin.com\/es\/wp-content\/uploads\/2022\/06\/como-calcular-y-reducir-tu-huella-de-carbono-producida-por-el-uso-de-la-electricidad.jpg","contentUrl":"https:\/\/www.villafloresmartin.com\/es\/wp-content\/uploads\/2022\/06\/como-calcular-y-reducir-tu-huella-de-carbono-producida-por-el-uso-de-la-electricidad.jpg","width":1200,"height":800,"caption":"C\u00f3mo calcular y reducir tu huella de carbono producida por el uso de la electricidad"},{"@type":"BreadcrumbList","@id":"https:\/\/www.villafloresmartin.com\/es\/como-calcular-y-reducir-tu-huella-de-carbono-producida-por-el-uso-de-la-electricidad\/#breadcrumb","itemListElement":[{"@type":"ListItem","position":1,"name":"Portada","item":"https:\/\/www.villafloresmartin.com\/es\/"},{"@type":"ListItem","position":2,"name":"C\u00f3mo calcular y reducir tu huella de carbono producida por el uso de la electricidad de forma efectiva"}]},{"@type":"WebSite","@id":"https:\/\/www.villafloresmartin.com\/es\/#website","url":"https:\/\/www.villafloresmartin.com\/es\/","name":"Villa Flores Mart\u00edn","description":"","potentialAction":[{"@type":"SearchAction","target":{"@type":"EntryPoint","urlTemplate":"https:\/\/www.villafloresmartin.com\/es\/?s={search_term_string}"},"query-input":{"@type":"PropertyValueSpecification","valueRequired":true,"valueName":"search_term_string"}}],"inLanguage":"es"},{"@type":"Person","@id":"https:\/\/www.villafloresmartin.com\/es\/#\/schema\/person\/c2292207708e96921697bf002f8828be","name":"admin","image":{"@type":"ImageObject","inLanguage":"es","@id":"https:\/\/www.villafloresmartin.com\/es\/#\/schema\/person\/image\/","url":"https:\/\/secure.gravatar.com\/avatar\/7982f03a93f66ccccbac0ad0746074089942e7448863241b5ddf94dec2148152?s=96&d=mm&r=g","contentUrl":"https:\/\/secure.gravatar.com\/avatar\/7982f03a93f66ccccbac0ad0746074089942e7448863241b5ddf94dec2148152?s=96&d=mm&r=g","caption":"admin"}}]}},"_links":{"self":[{"href":"https:\/\/www.villafloresmartin.com\/es\/wp-json\/wp\/v2\/posts\/2258","targetHints":{"allow":["GET"]}}],"collection":[{"href":"https:\/\/www.villafloresmartin.com\/es\/wp-json\/wp\/v2\/posts"}],"about":[{"href":"https:\/\/www.villafloresmartin.com\/es\/wp-json\/wp\/v2\/types\/post"}],"author":[{"embeddable":true,"href":"https:\/\/www.villafloresmartin.com\/es\/wp-json\/wp\/v2\/users\/2"}],"replies":[{"embeddable":true,"href":"https:\/\/www.villafloresmartin.com\/es\/wp-json\/wp\/v2\/comments?post=2258"}],"version-history":[{"count":0,"href":"https:\/\/www.villafloresmartin.com\/es\/wp-json\/wp\/v2\/posts\/2258\/revisions"}],"wp:featuredmedia":[{"embeddable":true,"href":"https:\/\/www.villafloresmartin.com\/es\/wp-json\/wp\/v2\/media\/2260"}],"wp:attachment":[{"href":"https:\/\/www.villafloresmartin.com\/es\/wp-json\/wp\/v2\/media?parent=2258"}],"wp:term":[{"taxonomy":"category","embeddable":true,"href":"https:\/\/www.villafloresmartin.com\/es\/wp-json\/wp\/v2\/categories?post=2258"},{"taxonomy":"post_tag","embeddable":true,"href":"https:\/\/www.villafloresmartin.com\/es\/wp-json\/wp\/v2\/tags?post=2258"}],"curies":[{"name":"wp","href":"https:\/\/api.w.org\/{rel}","templated":true}]}}