{"id":2237,"date":"2022-05-20T17:23:38","date_gmt":"2022-05-20T15:23:38","guid":{"rendered":"https:\/\/www.villafloresmartin.com\/es\/?p=2237"},"modified":"2022-05-26T17:26:45","modified_gmt":"2022-05-26T15:26:45","slug":"como-afecta-la-excepcion-iberica-a-la-factura-de-la-luz","status":"publish","type":"post","link":"https:\/\/www.villafloresmartin.com\/es\/como-afecta-la-excepcion-iberica-a-la-factura-de-la-luz\/","title":{"rendered":"C\u00f3mo afecta la excepci\u00f3n ib\u00e9rica a la factura de la luz"},"content":{"rendered":"<p><img  title=\"C\u00f3mo afecta la excepci\u00f3n ib\u00e9rica a la factura de la luz - Villa Flores Mart\u00edn\" loading=\"lazy\" decoding=\"async\" class=\"alignleft size-full wp-image-2238\" src=\"https:\/\/www.villafloresmartin.com\/es\/wp-content\/uploads\/2022\/05\/como-afecta-la-excepcion-iberica-a-la-factura-de-la-luz.jpg\"  alt=\"C\u00f3mo afecta la excepci\u00f3n ib\u00e9rica a la factura de la luz - Villa Flores Mart\u00edn\"  width=\"1200\" height=\"801\" srcset=\"https:\/\/www.villafloresmartin.com\/es\/wp-content\/uploads\/2022\/05\/como-afecta-la-excepcion-iberica-a-la-factura-de-la-luz.jpg 1200w, https:\/\/www.villafloresmartin.com\/es\/wp-content\/uploads\/2022\/05\/como-afecta-la-excepcion-iberica-a-la-factura-de-la-luz-300x200.jpg 300w, https:\/\/www.villafloresmartin.com\/es\/wp-content\/uploads\/2022\/05\/como-afecta-la-excepcion-iberica-a-la-factura-de-la-luz-1024x684.jpg 1024w, https:\/\/www.villafloresmartin.com\/es\/wp-content\/uploads\/2022\/05\/como-afecta-la-excepcion-iberica-a-la-factura-de-la-luz-768x513.jpg 768w, https:\/\/www.villafloresmartin.com\/es\/wp-content\/uploads\/2022\/05\/como-afecta-la-excepcion-iberica-a-la-factura-de-la-luz-90x60.jpg 90w\" sizes=\"auto, (max-width: 1200px) 100vw, 1200px\" \/><\/p>\n<p><strong>C\u00f3mo afecta la excepci\u00f3n ib\u00e9rica a la factura de la luz.<\/strong> La luz se encuentra situada a r\u00e9cords hist\u00f3ricos en cuanto a <a href=\"https:\/\/www.villafloresmartin.com\/es\/records-historicos-del-precio-de-la-luz\/\" target=\"_blank\" rel=\"noopener\">precio<\/a>. Algunos de los motivos son la subida de los derechos de <a href=\"https:\/\/www.bbva.com\/es\/sostenibilidad\/que-es-el-dioxido-de-carbono-co2-y-como-impacta-en-el-planeta\/\" target=\"_blank\" rel=\"noopener\">emisi\u00f3n de CO2<\/a> y la situaci\u00f3n geopol\u00edtica de guerra que se est\u00e1 viviendo en un pa\u00eds de nuestro continente, <a href=\"https:\/\/elpais.com\/noticias\/ucrania\/\" target=\"_blank\" rel=\"noopener\">Ucrania<\/a>. Pero existe otro factor al que se quiere poner un l\u00edmite en <a href=\"https:\/\/www.villafloresmartin.com\/es\/alza-del-precio-de-la-luz-en-espana\/\">Espa\u00f1a<\/a> y Portugal: el coste del gas natural.<!--more--><\/p>\n<p>Si quieres conocer c\u00f3mo afecta la excepci\u00f3n ib\u00e9rica a la factura de la luz, te hacemos un peque\u00f1o resumen de todo el proceso.<\/p>\n<h2>Resumen de c\u00f3mo afecta la excepci\u00f3n ib\u00e9rica a la factura de la luz<\/h2>\n<p>Debido a la situaci\u00f3n mundial actual, se han estado buscando formas de reducir el coste para los usuarios de la luz. El gas es uno de los factores m\u00e1s importantes en esta subida, pues al ser uno de los f\u00f3siles m\u00e1s usados para <a href=\"https:\/\/www.villafloresmartin.com\/es\/servicios\/energias-renovables\/\" target=\"_blank\" rel=\"noopener\">generar energ\u00eda<\/a>, sus centrales generadoras tendr\u00e1n m\u00e1s costes para producir electricidad. Y esto revertir\u00e1 en nosotros.<\/p>\n<p>Por tanto, Espa\u00f1a y Portugal <strong>han estado pidiendo una limitaci\u00f3n del precio del gas de forma temporal (12 meses),<\/strong> para paliar los efectos de estas subidas. As\u00ed, el pasado viernes 13 de mayo, la Comisi\u00f3n Europea les ha concedido que el precio del gas para generar electricidad se quede como <strong>m\u00e1ximo a 40 euros\/MWh<\/strong> durante seis meses, <strong>para subir posteriormente a 50 euros\/Mwh.<\/strong><\/p>\n<h2>Consecuencias de esta excepci\u00f3n ib\u00e9rica a nivel europeo y peninsular<\/h2>\n<p>Estas medidas no afectar\u00e1n al mercado europeo de la electricidad, tan solo pretenden <strong>disminuir el coste de las facturas de la luz en un 20% y un 30%<\/strong> de los ciudadanos de ambos pa\u00edses durante un tiempo, mientras que se van tomando otras medidas para resolver la situaci\u00f3n que vivimos actualmente.<\/p>\n<p>Adem\u00e1s, esto ha supuesto un precedente para una de las medidas que ya barajaba la Uni\u00f3n Europea: <strong>la desvinculaci\u00f3n del gas del mercado el\u00e9ctrico mayorista<\/strong> para frenar el efecto de una sobre otra.<\/p>\n<p>En <a href=\"https:\/\/www.villafloresmartin.com\/es\/\" target=\"_blank\" rel=\"noopener\">Villa Flores Mart\u00edn<\/a> trabajamos en el sector de la electricidad, por lo que todas estas noticias nos son muy cercanas. Si quieres estar al tanto de las novedades, <strong>no dudes en seguirnos en redes sociales.<\/strong> \u00a1Te esperamos!<\/p>\n<p style=\"text-align: right;\"><strong>Imagen:<\/strong> <a href=\"https:\/\/www.freepik.es\/fotos-premium\/ahorro-energia-tecnologia-dispositivos-modernos-modernizacion-facturas-electricidad-bombillas-led-calculadora-termostato-calor-espacio-copia-mesa-verde-claro-concepto-costos-energia-verde_24733884.htm#page=4&amp;query=factura%20luz&amp;position=38&amp;from_view=search\" target=\"_blank\" rel=\"noopener\">Freepik<\/a><\/p>\n","protected":false},"excerpt":{"rendered":"<p>C\u00f3mo afecta la excepci\u00f3n ib\u00e9rica a la factura de la luz. La luz se encuentra situada a r\u00e9cords hist\u00f3ricos en cuanto a precio. Algunos de los motivos son la subida de los derechos de emisi\u00f3n de CO2 y la situaci\u00f3n geopol\u00edtica de guerra que se est\u00e1 viviendo en un pa\u00eds de nuestro continente, Ucrania. Pero [&#8230;]<\/p>\n<p><a class=\"btn btn-secondary understrap-read-more-link\" href=\"https:\/\/www.villafloresmartin.com\/es\/como-afecta-la-excepcion-iberica-a-la-factura-de-la-luz\/\">Leer m\u00e1s&#8230;<\/a><\/p>\n","protected":false},"author":2,"featured_media":2238,"comment_status":"closed","ping_status":"open","sticky":false,"template":"","format":"standard","meta":{"footnotes":""},"categories":[16],"tags":[],"class_list":["post-2237","post","type-post","status-publish","format-standard","has-post-thumbnail","hentry","category-noticias"],"yoast_head":"<!-- This site is optimized with the Yoast SEO plugin v26.9 - https:\/\/yoast.com\/product\/yoast-seo-wordpress\/ -->\n<title>C\u00f3mo afecta la excepci\u00f3n ib\u00e9rica a la factura de la luz - Villa Flores Mart\u00edn<\/title>\n<meta name=\"description\" content=\"La luz se encuentra situada a r\u00e9cords hist\u00f3ricos en cuanto a precio. Algunos de lo... C\u00f3mo afecta la excepci\u00f3n ib\u00e9rica a la factura de la luz\" \/>\n<meta name=\"robots\" content=\"index, follow, max-snippet:-1, max-image-preview:large, max-video-preview:-1\" \/>\n<link rel=\"canonical\" href=\"https:\/\/www.villafloresmartin.com\/es\/como-afecta-la-excepcion-iberica-a-la-factura-de-la-luz\/\" \/>\n<meta property=\"og:locale\" content=\"es_ES\" \/>\n<meta property=\"og:type\" content=\"article\" \/>\n<meta property=\"og:title\" content=\"C\u00f3mo afecta la excepci\u00f3n ib\u00e9rica a la factura de la luz - Villa Flores Mart\u00edn\" \/>\n<meta property=\"og:description\" content=\"La luz se encuentra situada a r\u00e9cords hist\u00f3ricos en cuanto a precio. Algunos de lo... C\u00f3mo afecta la excepci\u00f3n ib\u00e9rica a la factura de la luz\" \/>\n<meta property=\"og:url\" content=\"https:\/\/www.villafloresmartin.com\/es\/como-afecta-la-excepcion-iberica-a-la-factura-de-la-luz\/\" \/>\n<meta property=\"og:site_name\" content=\"Villa Flores Mart\u00edn\" \/>\n<meta property=\"article:published_time\" content=\"2022-05-20T15:23:38+00:00\" \/>\n<meta property=\"article:modified_time\" content=\"2022-05-26T15:26:45+00:00\" \/>\n<meta property=\"og:image\" content=\"https:\/\/www.villafloresmartin.com\/es\/wp-content\/uploads\/2022\/05\/como-afecta-la-excepcion-iberica-a-la-factura-de-la-luz.jpg\" \/>\n\t<meta property=\"og:image:width\" content=\"1200\" \/>\n\t<meta property=\"og:image:height\" content=\"801\" \/>\n\t<meta property=\"og:image:type\" content=\"image\/jpeg\" \/>\n<meta name=\"author\" content=\"admin\" \/>\n<meta name=\"twitter:label1\" content=\"Escrito por\" \/>\n\t<meta name=\"twitter:data1\" content=\"admin\" \/>\n\t<meta name=\"twitter:label2\" content=\"Tiempo de lectura\" \/>\n\t<meta name=\"twitter:data2\" content=\"2 minutos\" \/>\n<script type=\"application\/ld+json\" class=\"yoast-schema-graph\">{\"@context\":\"https:\/\/schema.org\",\"@graph\":[{\"@type\":\"Article\",\"@id\":\"https:\/\/www.villafloresmartin.com\/es\/como-afecta-la-excepcion-iberica-a-la-factura-de-la-luz\/#article\",\"isPartOf\":{\"@id\":\"https:\/\/www.villafloresmartin.com\/es\/como-afecta-la-excepcion-iberica-a-la-factura-de-la-luz\/\"},\"author\":{\"name\":\"admin\",\"@id\":\"https:\/\/www.villafloresmartin.com\/es\/#\/schema\/person\/c2292207708e96921697bf002f8828be\"},\"headline\":\"C\u00f3mo afecta la excepci\u00f3n ib\u00e9rica a la factura de la luz\",\"datePublished\":\"2022-05-20T15:23:38+00:00\",\"dateModified\":\"2022-05-26T15:26:45+00:00\",\"mainEntityOfPage\":{\"@id\":\"https:\/\/www.villafloresmartin.com\/es\/como-afecta-la-excepcion-iberica-a-la-factura-de-la-luz\/\"},\"wordCount\":415,\"image\":{\"@id\":\"https:\/\/www.villafloresmartin.com\/es\/como-afecta-la-excepcion-iberica-a-la-factura-de-la-luz\/#primaryimage\"},\"thumbnailUrl\":\"https:\/\/www.villafloresmartin.com\/es\/wp-content\/uploads\/2022\/05\/como-afecta-la-excepcion-iberica-a-la-factura-de-la-luz.jpg\",\"articleSection\":[\"Noticias\"],\"inLanguage\":\"es\"},{\"@type\":\"WebPage\",\"@id\":\"https:\/\/www.villafloresmartin.com\/es\/como-afecta-la-excepcion-iberica-a-la-factura-de-la-luz\/\",\"url\":\"https:\/\/www.villafloresmartin.com\/es\/como-afecta-la-excepcion-iberica-a-la-factura-de-la-luz\/\",\"name\":\"C\u00f3mo afecta la excepci\u00f3n ib\u00e9rica a la factura de la luz - Villa Flores Mart\u00edn\",\"isPartOf\":{\"@id\":\"https:\/\/www.villafloresmartin.com\/es\/#website\"},\"primaryImageOfPage\":{\"@id\":\"https:\/\/www.villafloresmartin.com\/es\/como-afecta-la-excepcion-iberica-a-la-factura-de-la-luz\/#primaryimage\"},\"image\":{\"@id\":\"https:\/\/www.villafloresmartin.com\/es\/como-afecta-la-excepcion-iberica-a-la-factura-de-la-luz\/#primaryimage\"},\"thumbnailUrl\":\"https:\/\/www.villafloresmartin.com\/es\/wp-content\/uploads\/2022\/05\/como-afecta-la-excepcion-iberica-a-la-factura-de-la-luz.jpg\",\"datePublished\":\"2022-05-20T15:23:38+00:00\",\"dateModified\":\"2022-05-26T15:26:45+00:00\",\"author\":{\"@id\":\"https:\/\/www.villafloresmartin.com\/es\/#\/schema\/person\/c2292207708e96921697bf002f8828be\"},\"description\":\"La luz se encuentra situada a r\u00e9cords hist\u00f3ricos en cuanto a precio. Algunos de lo... C\u00f3mo afecta la excepci\u00f3n ib\u00e9rica a la factura de la luz\",\"breadcrumb\":{\"@id\":\"https:\/\/www.villafloresmartin.com\/es\/como-afecta-la-excepcion-iberica-a-la-factura-de-la-luz\/#breadcrumb\"},\"inLanguage\":\"es\",\"potentialAction\":[{\"@type\":\"ReadAction\",\"target\":[\"https:\/\/www.villafloresmartin.com\/es\/como-afecta-la-excepcion-iberica-a-la-factura-de-la-luz\/\"]}]},{\"@type\":\"ImageObject\",\"inLanguage\":\"es\",\"@id\":\"https:\/\/www.villafloresmartin.com\/es\/como-afecta-la-excepcion-iberica-a-la-factura-de-la-luz\/#primaryimage\",\"url\":\"https:\/\/www.villafloresmartin.com\/es\/wp-content\/uploads\/2022\/05\/como-afecta-la-excepcion-iberica-a-la-factura-de-la-luz.jpg\",\"contentUrl\":\"https:\/\/www.villafloresmartin.com\/es\/wp-content\/uploads\/2022\/05\/como-afecta-la-excepcion-iberica-a-la-factura-de-la-luz.jpg\",\"width\":1200,\"height\":801,\"caption\":\"C\u00f3mo afecta la excepci\u00f3n ib\u00e9rica a la factura de la luz\"},{\"@type\":\"BreadcrumbList\",\"@id\":\"https:\/\/www.villafloresmartin.com\/es\/como-afecta-la-excepcion-iberica-a-la-factura-de-la-luz\/#breadcrumb\",\"itemListElement\":[{\"@type\":\"ListItem\",\"position\":1,\"name\":\"Portada\",\"item\":\"https:\/\/www.villafloresmartin.com\/es\/\"},{\"@type\":\"ListItem\",\"position\":2,\"name\":\"C\u00f3mo afecta la excepci\u00f3n ib\u00e9rica a la factura de la luz\"}]},{\"@type\":\"WebSite\",\"@id\":\"https:\/\/www.villafloresmartin.com\/es\/#website\",\"url\":\"https:\/\/www.villafloresmartin.com\/es\/\",\"name\":\"Villa Flores Mart\u00edn\",\"description\":\"\",\"potentialAction\":[{\"@type\":\"SearchAction\",\"target\":{\"@type\":\"EntryPoint\",\"urlTemplate\":\"https:\/\/www.villafloresmartin.com\/es\/?s={search_term_string}\"},\"query-input\":{\"@type\":\"PropertyValueSpecification\",\"valueRequired\":true,\"valueName\":\"search_term_string\"}}],\"inLanguage\":\"es\"},{\"@type\":\"Person\",\"@id\":\"https:\/\/www.villafloresmartin.com\/es\/#\/schema\/person\/c2292207708e96921697bf002f8828be\",\"name\":\"admin\",\"image\":{\"@type\":\"ImageObject\",\"inLanguage\":\"es\",\"@id\":\"https:\/\/www.villafloresmartin.com\/es\/#\/schema\/person\/image\/\",\"url\":\"https:\/\/secure.gravatar.com\/avatar\/7982f03a93f66ccccbac0ad0746074089942e7448863241b5ddf94dec2148152?s=96&d=mm&r=g\",\"contentUrl\":\"https:\/\/secure.gravatar.com\/avatar\/7982f03a93f66ccccbac0ad0746074089942e7448863241b5ddf94dec2148152?s=96&d=mm&r=g\",\"caption\":\"admin\"}}]}<\/script>\n<!-- \/ Yoast SEO plugin. -->","yoast_head_json":{"title":"C\u00f3mo afecta la excepci\u00f3n ib\u00e9rica a la factura de la luz - Villa Flores Mart\u00edn","description":"La luz se encuentra situada a r\u00e9cords hist\u00f3ricos en cuanto a precio. Algunos de lo... C\u00f3mo afecta la excepci\u00f3n ib\u00e9rica a la factura de la luz","robots":{"index":"index","follow":"follow","max-snippet":"max-snippet:-1","max-image-preview":"max-image-preview:large","max-video-preview":"max-video-preview:-1"},"canonical":"https:\/\/www.villafloresmartin.com\/es\/como-afecta-la-excepcion-iberica-a-la-factura-de-la-luz\/","og_locale":"es_ES","og_type":"article","og_title":"C\u00f3mo afecta la excepci\u00f3n ib\u00e9rica a la factura de la luz - Villa Flores Mart\u00edn","og_description":"La luz se encuentra situada a r\u00e9cords hist\u00f3ricos en cuanto a precio. Algunos de lo... C\u00f3mo afecta la excepci\u00f3n ib\u00e9rica a la factura de la luz","og_url":"https:\/\/www.villafloresmartin.com\/es\/como-afecta-la-excepcion-iberica-a-la-factura-de-la-luz\/","og_site_name":"Villa Flores Mart\u00edn","article_published_time":"2022-05-20T15:23:38+00:00","article_modified_time":"2022-05-26T15:26:45+00:00","og_image":[{"width":1200,"height":801,"url":"https:\/\/www.villafloresmartin.com\/es\/wp-content\/uploads\/2022\/05\/como-afecta-la-excepcion-iberica-a-la-factura-de-la-luz.jpg","type":"image\/jpeg"}],"author":"admin","twitter_misc":{"Escrito por":"admin","Tiempo de lectura":"2 minutos"},"schema":{"@context":"https:\/\/schema.org","@graph":[{"@type":"Article","@id":"https:\/\/www.villafloresmartin.com\/es\/como-afecta-la-excepcion-iberica-a-la-factura-de-la-luz\/#article","isPartOf":{"@id":"https:\/\/www.villafloresmartin.com\/es\/como-afecta-la-excepcion-iberica-a-la-factura-de-la-luz\/"},"author":{"name":"admin","@id":"https:\/\/www.villafloresmartin.com\/es\/#\/schema\/person\/c2292207708e96921697bf002f8828be"},"headline":"C\u00f3mo afecta la excepci\u00f3n ib\u00e9rica a la factura de la luz","datePublished":"2022-05-20T15:23:38+00:00","dateModified":"2022-05-26T15:26:45+00:00","mainEntityOfPage":{"@id":"https:\/\/www.villafloresmartin.com\/es\/como-afecta-la-excepcion-iberica-a-la-factura-de-la-luz\/"},"wordCount":415,"image":{"@id":"https:\/\/www.villafloresmartin.com\/es\/como-afecta-la-excepcion-iberica-a-la-factura-de-la-luz\/#primaryimage"},"thumbnailUrl":"https:\/\/www.villafloresmartin.com\/es\/wp-content\/uploads\/2022\/05\/como-afecta-la-excepcion-iberica-a-la-factura-de-la-luz.jpg","articleSection":["Noticias"],"inLanguage":"es"},{"@type":"WebPage","@id":"https:\/\/www.villafloresmartin.com\/es\/como-afecta-la-excepcion-iberica-a-la-factura-de-la-luz\/","url":"https:\/\/www.villafloresmartin.com\/es\/como-afecta-la-excepcion-iberica-a-la-factura-de-la-luz\/","name":"C\u00f3mo afecta la excepci\u00f3n ib\u00e9rica a la factura de la luz - Villa Flores Mart\u00edn","isPartOf":{"@id":"https:\/\/www.villafloresmartin.com\/es\/#website"},"primaryImageOfPage":{"@id":"https:\/\/www.villafloresmartin.com\/es\/como-afecta-la-excepcion-iberica-a-la-factura-de-la-luz\/#primaryimage"},"image":{"@id":"https:\/\/www.villafloresmartin.com\/es\/como-afecta-la-excepcion-iberica-a-la-factura-de-la-luz\/#primaryimage"},"thumbnailUrl":"https:\/\/www.villafloresmartin.com\/es\/wp-content\/uploads\/2022\/05\/como-afecta-la-excepcion-iberica-a-la-factura-de-la-luz.jpg","datePublished":"2022-05-20T15:23:38+00:00","dateModified":"2022-05-26T15:26:45+00:00","author":{"@id":"https:\/\/www.villafloresmartin.com\/es\/#\/schema\/person\/c2292207708e96921697bf002f8828be"},"description":"La luz se encuentra situada a r\u00e9cords hist\u00f3ricos en cuanto a precio. Algunos de lo... C\u00f3mo afecta la excepci\u00f3n ib\u00e9rica a la factura de la luz","breadcrumb":{"@id":"https:\/\/www.villafloresmartin.com\/es\/como-afecta-la-excepcion-iberica-a-la-factura-de-la-luz\/#breadcrumb"},"inLanguage":"es","potentialAction":[{"@type":"ReadAction","target":["https:\/\/www.villafloresmartin.com\/es\/como-afecta-la-excepcion-iberica-a-la-factura-de-la-luz\/"]}]},{"@type":"ImageObject","inLanguage":"es","@id":"https:\/\/www.villafloresmartin.com\/es\/como-afecta-la-excepcion-iberica-a-la-factura-de-la-luz\/#primaryimage","url":"https:\/\/www.villafloresmartin.com\/es\/wp-content\/uploads\/2022\/05\/como-afecta-la-excepcion-iberica-a-la-factura-de-la-luz.jpg","contentUrl":"https:\/\/www.villafloresmartin.com\/es\/wp-content\/uploads\/2022\/05\/como-afecta-la-excepcion-iberica-a-la-factura-de-la-luz.jpg","width":1200,"height":801,"caption":"C\u00f3mo afecta la excepci\u00f3n ib\u00e9rica a la factura de la luz"},{"@type":"BreadcrumbList","@id":"https:\/\/www.villafloresmartin.com\/es\/como-afecta-la-excepcion-iberica-a-la-factura-de-la-luz\/#breadcrumb","itemListElement":[{"@type":"ListItem","position":1,"name":"Portada","item":"https:\/\/www.villafloresmartin.com\/es\/"},{"@type":"ListItem","position":2,"name":"C\u00f3mo afecta la excepci\u00f3n ib\u00e9rica a la factura de la luz"}]},{"@type":"WebSite","@id":"https:\/\/www.villafloresmartin.com\/es\/#website","url":"https:\/\/www.villafloresmartin.com\/es\/","name":"Villa Flores Mart\u00edn","description":"","potentialAction":[{"@type":"SearchAction","target":{"@type":"EntryPoint","urlTemplate":"https:\/\/www.villafloresmartin.com\/es\/?s={search_term_string}"},"query-input":{"@type":"PropertyValueSpecification","valueRequired":true,"valueName":"search_term_string"}}],"inLanguage":"es"},{"@type":"Person","@id":"https:\/\/www.villafloresmartin.com\/es\/#\/schema\/person\/c2292207708e96921697bf002f8828be","name":"admin","image":{"@type":"ImageObject","inLanguage":"es","@id":"https:\/\/www.villafloresmartin.com\/es\/#\/schema\/person\/image\/","url":"https:\/\/secure.gravatar.com\/avatar\/7982f03a93f66ccccbac0ad0746074089942e7448863241b5ddf94dec2148152?s=96&d=mm&r=g","contentUrl":"https:\/\/secure.gravatar.com\/avatar\/7982f03a93f66ccccbac0ad0746074089942e7448863241b5ddf94dec2148152?s=96&d=mm&r=g","caption":"admin"}}]}},"_links":{"self":[{"href":"https:\/\/www.villafloresmartin.com\/es\/wp-json\/wp\/v2\/posts\/2237","targetHints":{"allow":["GET"]}}],"collection":[{"href":"https:\/\/www.villafloresmartin.com\/es\/wp-json\/wp\/v2\/posts"}],"about":[{"href":"https:\/\/www.villafloresmartin.com\/es\/wp-json\/wp\/v2\/types\/post"}],"author":[{"embeddable":true,"href":"https:\/\/www.villafloresmartin.com\/es\/wp-json\/wp\/v2\/users\/2"}],"replies":[{"embeddable":true,"href":"https:\/\/www.villafloresmartin.com\/es\/wp-json\/wp\/v2\/comments?post=2237"}],"version-history":[{"count":0,"href":"https:\/\/www.villafloresmartin.com\/es\/wp-json\/wp\/v2\/posts\/2237\/revisions"}],"wp:featuredmedia":[{"embeddable":true,"href":"https:\/\/www.villafloresmartin.com\/es\/wp-json\/wp\/v2\/media\/2238"}],"wp:attachment":[{"href":"https:\/\/www.villafloresmartin.com\/es\/wp-json\/wp\/v2\/media?parent=2237"}],"wp:term":[{"taxonomy":"category","embeddable":true,"href":"https:\/\/www.villafloresmartin.com\/es\/wp-json\/wp\/v2\/categories?post=2237"},{"taxonomy":"post_tag","embeddable":true,"href":"https:\/\/www.villafloresmartin.com\/es\/wp-json\/wp\/v2\/tags?post=2237"}],"curies":[{"name":"wp","href":"https:\/\/api.w.org\/{rel}","templated":true}]}}