{"id":2217,"date":"2022-03-20T15:07:05","date_gmt":"2022-03-20T14:07:05","guid":{"rendered":"https:\/\/www.villafloresmartin.com\/es\/?p=2217"},"modified":"2022-04-08T15:08:14","modified_gmt":"2022-04-08T13:08:14","slug":"alza-del-precio-de-la-luz-en-espana","status":"publish","type":"post","link":"https:\/\/www.villafloresmartin.com\/es\/alza-del-precio-de-la-luz-en-espana\/","title":{"rendered":"El por qu\u00e9 del alza del precio de la luz en Espa\u00f1a desde inicios de 2022"},"content":{"rendered":"<p><img  title=\"El por qu\u00e9 del alza del precio de la luz en Espa\u00f1a desde inicios de 2022 - Villa Flores Mart\u00edn\" loading=\"lazy\" decoding=\"async\" class=\"alignleft size-full wp-image-2219\" src=\"https:\/\/www.villafloresmartin.com\/es\/wp-content\/uploads\/2022\/04\/alza-del-precio-de-la-luz-en-espana.jpg\"  alt=\"El por qu\u00e9 del alza del precio de la luz en Espa\u00f1a desde inicios de 2022 - Villa Flores Mart\u00edn\"  width=\"1200\" height=\"800\" srcset=\"https:\/\/www.villafloresmartin.com\/es\/wp-content\/uploads\/2022\/04\/alza-del-precio-de-la-luz-en-espana.jpg 1200w, https:\/\/www.villafloresmartin.com\/es\/wp-content\/uploads\/2022\/04\/alza-del-precio-de-la-luz-en-espana-300x200.jpg 300w, https:\/\/www.villafloresmartin.com\/es\/wp-content\/uploads\/2022\/04\/alza-del-precio-de-la-luz-en-espana-1024x683.jpg 1024w, https:\/\/www.villafloresmartin.com\/es\/wp-content\/uploads\/2022\/04\/alza-del-precio-de-la-luz-en-espana-768x512.jpg 768w, https:\/\/www.villafloresmartin.com\/es\/wp-content\/uploads\/2022\/04\/alza-del-precio-de-la-luz-en-espana-90x60.jpg 90w\" sizes=\"auto, (max-width: 1200px) 100vw, 1200px\" \/><\/p>\n<p><strong>Alza del precio de la luz en Espa\u00f1a.<\/strong> Los \u00faltimos seis meses del fin de 2021 se caracterizaron por el incremento de la factura de la luz debido a factores como la subida de los precios de los derechos de emisi\u00f3n de CO2 y del gas natural, tal y como os cont\u00e1bamos en nuestro blog \u201c<a href=\"https:\/\/www.villafloresmartin.com\/es\/records-historicos-del-precio-de-la-luz\/\" target=\"_blank\" rel=\"noopener\">\u00bfa qu\u00e9 se deben los r\u00e9cords hist\u00f3ricos del precio de la luz?<\/a>\u201d.<!--more--><\/p>\n<p>Este alza del precio de la luz en Espa\u00f1a no ha parado al entrar 2022, sino que <strong>ha continuado en el primer trimestre.<\/strong> \u00bfQuieres saber cu\u00e1les son los factores que est\u00e1n haciendo esto posible? Te lo contamos.<\/p>\n<h2>Factores que afectan al alza del precio de la luz en Espa\u00f1a<\/h2>\n<p>En un primer momento,<strong> siguen afect\u00e1ndonos los precios de los derechos de emisi\u00f3n de CO2,<\/strong> que en los \u00faltimos meses han llegado a alcanzar los 90 euros por tonelada, y el coste superior de materias como el gas natural, cuyo precio medio durante el mes de marzo ha llegado al 180\u20ac\/MWh seg\u00fan <a href=\"https:\/\/www.mibgas.es\/\" target=\"_blank\" rel=\"noopener\">MIBGAS<\/a>.<\/p>\n<p><img  title=\"El por qu\u00e9 del alza del precio de la luz en Espa\u00f1a desde inicios de 2022 - Villa Flores Mart\u00edn\" loading=\"lazy\" decoding=\"async\" class=\"alignleft size-full wp-image-2220\" src=\"https:\/\/www.villafloresmartin.com\/es\/wp-content\/uploads\/2022\/04\/precio-luz.png\"  alt=\"El por qu\u00e9 del alza del precio de la luz en Espa\u00f1a desde inicios de 2022 - Villa Flores Mart\u00edn\"  width=\"855\" height=\"457\" srcset=\"https:\/\/www.villafloresmartin.com\/es\/wp-content\/uploads\/2022\/04\/precio-luz.png 855w, https:\/\/www.villafloresmartin.com\/es\/wp-content\/uploads\/2022\/04\/precio-luz-300x160.png 300w, https:\/\/www.villafloresmartin.com\/es\/wp-content\/uploads\/2022\/04\/precio-luz-768x410.png 768w\" sizes=\"auto, (max-width: 855px) 100vw, 855px\" \/><\/p>\n<p>Adem\u00e1s, hay dos factores que est\u00e1n afectando especialmente en esta \u00e9poca del a\u00f1o 2022:<\/p>\n<ul>\n<li><strong>La alta demanda de los consumidores:<\/strong> El invierno es una \u00e9poca en la que las temperaturas disminuyen considerablemente, con lo que utilizamos un mayor n\u00famero de aparatos electr\u00f3nicos para calentar hogares y oficinas. Como la demanda ha aumentado, las distribuidoras tienen que generar m\u00e1s <a href=\"https:\/\/www.villafloresmartin.com\/es\/procedimientos-para-evitar-la-electricidad-estatica\/\" target=\"_blank\" rel=\"noopener\">electricidad<\/a>, lo que conlleva el aumento de los precios.<\/li>\n<li><strong>La situaci\u00f3n geopol\u00edtica mundial:<\/strong> El conflicto entre Rusia y Ucrania, aunque no nos afecte directamente, s\u00ed lo hace indirectamente a trav\u00e9s del gas: ha hecho que el pecio se dispare con respecto a los meses previos. Con ello, se ha visto la electricidad afectada, haciendo que llegue a costar m\u00e1s de los 400 \u20ac\/Mwh. Como medida para frenar esta subida, la Uni\u00f3n Europea se plantea desvincular el gas del mercado el\u00e9ctrico mayorista.<\/li>\n<\/ul>\n<h2>\u00bfQu\u00e9 puedo hacer para saber los horarios m\u00e1s caros de luz?<\/h2>\n<p>Para comprobar si contin\u00faa el alza del precio de la luz en Espa\u00f1a, tienes la opci\u00f3n de ver en peri\u00f3dicos online como <a href=\"https:\/\/www.lavanguardia.com\/economia\/bolsillo\" target=\"_blank\" rel=\"noopener\">La Vanguardia<\/a> un <strong>an\u00e1lisis diario del coste medio.<\/strong> Adem\u00e1s, podr\u00e1s observar cu\u00e1les son las horas m\u00e1s caras y m\u00e1s baratas para saber cu\u00e1ndo poner los aparatos electr\u00f3nicos m\u00e1s costosos.<\/p>\n<p>En <a href=\"https:\/\/www.villafloresmartin.com\/es\/\" target=\"_blank\" rel=\"noopener\">Villa Flores Mart\u00edn<\/a> estamos al d\u00eda sobre las novedades del sector el\u00e9ctrico y su subida de precios, as\u00ed que no dudes en seguirnos en redes sociales para conocer las novedades. Por otro lado, otra forma de ahorrar en la factura de la luz por parte de empresas y organismos es tener todo el sistema el\u00e9ctrico en correcto estado, as\u00ed que si quieres conocer los servicios que ofrecemos para ello, no dudes en <strong><a href=\"https:\/\/www.villafloresmartin.com\/es\/contacto\/\" target=\"_blank\" rel=\"noopener\">ponerte en contacto con nosotros<\/a>.<\/strong><\/p>\n<p style=\"text-align: right;\">Imagen: <a href=\"https:\/\/www.freepik.es\/fotos-premium\/mano-sosteniendo-bombilla-luz-led-diodos-emisores-luz-grafico-fondo-bolsa-valores_17782774.htm#page=3&amp;query=electricidad%20factura&amp;position=24&amp;from_view=search\" target=\"_blank\" rel=\"noopener\">Freepik<\/a><\/p>\n","protected":false},"excerpt":{"rendered":"<p>Alza del precio de la luz en Espa\u00f1a. Los \u00faltimos seis meses del fin de 2021 se caracterizaron por el incremento de la factura de la luz debido a factores como la subida de los precios de los derechos de emisi\u00f3n de CO2 y del gas natural, tal y como os cont\u00e1bamos en nuestro blog [&#8230;]<\/p>\n<p><a class=\"btn btn-secondary understrap-read-more-link\" href=\"https:\/\/www.villafloresmartin.com\/es\/alza-del-precio-de-la-luz-en-espana\/\">Leer m\u00e1s&#8230;<\/a><\/p>\n","protected":false},"author":2,"featured_media":2219,"comment_status":"closed","ping_status":"open","sticky":false,"template":"","format":"standard","meta":{"footnotes":""},"categories":[16],"tags":[],"class_list":["post-2217","post","type-post","status-publish","format-standard","has-post-thumbnail","hentry","category-noticias"],"yoast_head":"<!-- This site is optimized with the Yoast SEO plugin v26.9 - https:\/\/yoast.com\/product\/yoast-seo-wordpress\/ -->\n<title>El por qu\u00e9 del alza del precio de la luz en Espa\u00f1a desde inicios de 2022 - Villa Flores Mart\u00edn<\/title>\n<meta name=\"description\" content=\"Los \u00faltimos seis meses del fin de 2021 se caracterizaron por el incremento de la factura de la luz... Alza del precio de la luz en Espa\u00f1a\" \/>\n<meta name=\"robots\" content=\"index, follow, max-snippet:-1, max-image-preview:large, max-video-preview:-1\" \/>\n<link rel=\"canonical\" href=\"https:\/\/www.villafloresmartin.com\/es\/alza-del-precio-de-la-luz-en-espana\/\" \/>\n<meta property=\"og:locale\" content=\"es_ES\" \/>\n<meta property=\"og:type\" content=\"article\" \/>\n<meta property=\"og:title\" content=\"El por qu\u00e9 del alza del precio de la luz en Espa\u00f1a desde inicios de 2022 - Villa Flores Mart\u00edn\" \/>\n<meta property=\"og:description\" content=\"Los \u00faltimos seis meses del fin de 2021 se caracterizaron por el incremento de la factura de la luz... Alza del precio de la luz en Espa\u00f1a\" \/>\n<meta property=\"og:url\" content=\"https:\/\/www.villafloresmartin.com\/es\/alza-del-precio-de-la-luz-en-espana\/\" \/>\n<meta property=\"og:site_name\" content=\"Villa Flores Mart\u00edn\" \/>\n<meta property=\"article:published_time\" content=\"2022-03-20T14:07:05+00:00\" \/>\n<meta property=\"article:modified_time\" content=\"2022-04-08T13:08:14+00:00\" \/>\n<meta property=\"og:image\" content=\"https:\/\/www.villafloresmartin.com\/es\/wp-content\/uploads\/2022\/04\/alza-del-precio-de-la-luz-en-espana.jpg\" \/>\n\t<meta property=\"og:image:width\" content=\"1200\" \/>\n\t<meta property=\"og:image:height\" content=\"800\" \/>\n\t<meta property=\"og:image:type\" content=\"image\/jpeg\" \/>\n<meta name=\"author\" content=\"admin\" \/>\n<meta name=\"twitter:label1\" content=\"Escrito por\" \/>\n\t<meta name=\"twitter:data1\" content=\"admin\" \/>\n\t<meta name=\"twitter:label2\" content=\"Tiempo de lectura\" \/>\n\t<meta name=\"twitter:data2\" content=\"3 minutos\" \/>\n<script type=\"application\/ld+json\" class=\"yoast-schema-graph\">{\"@context\":\"https:\/\/schema.org\",\"@graph\":[{\"@type\":\"Article\",\"@id\":\"https:\/\/www.villafloresmartin.com\/es\/alza-del-precio-de-la-luz-en-espana\/#article\",\"isPartOf\":{\"@id\":\"https:\/\/www.villafloresmartin.com\/es\/alza-del-precio-de-la-luz-en-espana\/\"},\"author\":{\"name\":\"admin\",\"@id\":\"https:\/\/www.villafloresmartin.com\/es\/#\/schema\/person\/c2292207708e96921697bf002f8828be\"},\"headline\":\"El por qu\u00e9 del alza del precio de la luz en Espa\u00f1a desde inicios de 2022\",\"datePublished\":\"2022-03-20T14:07:05+00:00\",\"dateModified\":\"2022-04-08T13:08:14+00:00\",\"mainEntityOfPage\":{\"@id\":\"https:\/\/www.villafloresmartin.com\/es\/alza-del-precio-de-la-luz-en-espana\/\"},\"wordCount\":503,\"image\":{\"@id\":\"https:\/\/www.villafloresmartin.com\/es\/alza-del-precio-de-la-luz-en-espana\/#primaryimage\"},\"thumbnailUrl\":\"https:\/\/www.villafloresmartin.com\/es\/wp-content\/uploads\/2022\/04\/alza-del-precio-de-la-luz-en-espana.jpg\",\"articleSection\":[\"Noticias\"],\"inLanguage\":\"es\"},{\"@type\":\"WebPage\",\"@id\":\"https:\/\/www.villafloresmartin.com\/es\/alza-del-precio-de-la-luz-en-espana\/\",\"url\":\"https:\/\/www.villafloresmartin.com\/es\/alza-del-precio-de-la-luz-en-espana\/\",\"name\":\"El por qu\u00e9 del alza del precio de la luz en Espa\u00f1a desde inicios de 2022 - Villa Flores Mart\u00edn\",\"isPartOf\":{\"@id\":\"https:\/\/www.villafloresmartin.com\/es\/#website\"},\"primaryImageOfPage\":{\"@id\":\"https:\/\/www.villafloresmartin.com\/es\/alza-del-precio-de-la-luz-en-espana\/#primaryimage\"},\"image\":{\"@id\":\"https:\/\/www.villafloresmartin.com\/es\/alza-del-precio-de-la-luz-en-espana\/#primaryimage\"},\"thumbnailUrl\":\"https:\/\/www.villafloresmartin.com\/es\/wp-content\/uploads\/2022\/04\/alza-del-precio-de-la-luz-en-espana.jpg\",\"datePublished\":\"2022-03-20T14:07:05+00:00\",\"dateModified\":\"2022-04-08T13:08:14+00:00\",\"author\":{\"@id\":\"https:\/\/www.villafloresmartin.com\/es\/#\/schema\/person\/c2292207708e96921697bf002f8828be\"},\"description\":\"Los \u00faltimos seis meses del fin de 2021 se caracterizaron por el incremento de la factura de la luz... Alza del precio de la luz en Espa\u00f1a\",\"breadcrumb\":{\"@id\":\"https:\/\/www.villafloresmartin.com\/es\/alza-del-precio-de-la-luz-en-espana\/#breadcrumb\"},\"inLanguage\":\"es\",\"potentialAction\":[{\"@type\":\"ReadAction\",\"target\":[\"https:\/\/www.villafloresmartin.com\/es\/alza-del-precio-de-la-luz-en-espana\/\"]}]},{\"@type\":\"ImageObject\",\"inLanguage\":\"es\",\"@id\":\"https:\/\/www.villafloresmartin.com\/es\/alza-del-precio-de-la-luz-en-espana\/#primaryimage\",\"url\":\"https:\/\/www.villafloresmartin.com\/es\/wp-content\/uploads\/2022\/04\/alza-del-precio-de-la-luz-en-espana.jpg\",\"contentUrl\":\"https:\/\/www.villafloresmartin.com\/es\/wp-content\/uploads\/2022\/04\/alza-del-precio-de-la-luz-en-espana.jpg\",\"width\":1200,\"height\":800,\"caption\":\"Alza del precio de la luz en Espa\u00f1a\"},{\"@type\":\"BreadcrumbList\",\"@id\":\"https:\/\/www.villafloresmartin.com\/es\/alza-del-precio-de-la-luz-en-espana\/#breadcrumb\",\"itemListElement\":[{\"@type\":\"ListItem\",\"position\":1,\"name\":\"Portada\",\"item\":\"https:\/\/www.villafloresmartin.com\/es\/\"},{\"@type\":\"ListItem\",\"position\":2,\"name\":\"El por qu\u00e9 del alza del precio de la luz en Espa\u00f1a desde inicios de 2022\"}]},{\"@type\":\"WebSite\",\"@id\":\"https:\/\/www.villafloresmartin.com\/es\/#website\",\"url\":\"https:\/\/www.villafloresmartin.com\/es\/\",\"name\":\"Villa Flores Mart\u00edn\",\"description\":\"\",\"potentialAction\":[{\"@type\":\"SearchAction\",\"target\":{\"@type\":\"EntryPoint\",\"urlTemplate\":\"https:\/\/www.villafloresmartin.com\/es\/?s={search_term_string}\"},\"query-input\":{\"@type\":\"PropertyValueSpecification\",\"valueRequired\":true,\"valueName\":\"search_term_string\"}}],\"inLanguage\":\"es\"},{\"@type\":\"Person\",\"@id\":\"https:\/\/www.villafloresmartin.com\/es\/#\/schema\/person\/c2292207708e96921697bf002f8828be\",\"name\":\"admin\",\"image\":{\"@type\":\"ImageObject\",\"inLanguage\":\"es\",\"@id\":\"https:\/\/www.villafloresmartin.com\/es\/#\/schema\/person\/image\/\",\"url\":\"https:\/\/secure.gravatar.com\/avatar\/7982f03a93f66ccccbac0ad0746074089942e7448863241b5ddf94dec2148152?s=96&d=mm&r=g\",\"contentUrl\":\"https:\/\/secure.gravatar.com\/avatar\/7982f03a93f66ccccbac0ad0746074089942e7448863241b5ddf94dec2148152?s=96&d=mm&r=g\",\"caption\":\"admin\"}}]}<\/script>\n<!-- \/ Yoast SEO plugin. -->","yoast_head_json":{"title":"El por qu\u00e9 del alza del precio de la luz en Espa\u00f1a desde inicios de 2022 - Villa Flores Mart\u00edn","description":"Los \u00faltimos seis meses del fin de 2021 se caracterizaron por el incremento de la factura de la luz... Alza del precio de la luz en Espa\u00f1a","robots":{"index":"index","follow":"follow","max-snippet":"max-snippet:-1","max-image-preview":"max-image-preview:large","max-video-preview":"max-video-preview:-1"},"canonical":"https:\/\/www.villafloresmartin.com\/es\/alza-del-precio-de-la-luz-en-espana\/","og_locale":"es_ES","og_type":"article","og_title":"El por qu\u00e9 del alza del precio de la luz en Espa\u00f1a desde inicios de 2022 - Villa Flores Mart\u00edn","og_description":"Los \u00faltimos seis meses del fin de 2021 se caracterizaron por el incremento de la factura de la luz... Alza del precio de la luz en Espa\u00f1a","og_url":"https:\/\/www.villafloresmartin.com\/es\/alza-del-precio-de-la-luz-en-espana\/","og_site_name":"Villa Flores Mart\u00edn","article_published_time":"2022-03-20T14:07:05+00:00","article_modified_time":"2022-04-08T13:08:14+00:00","og_image":[{"width":1200,"height":800,"url":"https:\/\/www.villafloresmartin.com\/es\/wp-content\/uploads\/2022\/04\/alza-del-precio-de-la-luz-en-espana.jpg","type":"image\/jpeg"}],"author":"admin","twitter_misc":{"Escrito por":"admin","Tiempo de lectura":"3 minutos"},"schema":{"@context":"https:\/\/schema.org","@graph":[{"@type":"Article","@id":"https:\/\/www.villafloresmartin.com\/es\/alza-del-precio-de-la-luz-en-espana\/#article","isPartOf":{"@id":"https:\/\/www.villafloresmartin.com\/es\/alza-del-precio-de-la-luz-en-espana\/"},"author":{"name":"admin","@id":"https:\/\/www.villafloresmartin.com\/es\/#\/schema\/person\/c2292207708e96921697bf002f8828be"},"headline":"El por qu\u00e9 del alza del precio de la luz en Espa\u00f1a desde inicios de 2022","datePublished":"2022-03-20T14:07:05+00:00","dateModified":"2022-04-08T13:08:14+00:00","mainEntityOfPage":{"@id":"https:\/\/www.villafloresmartin.com\/es\/alza-del-precio-de-la-luz-en-espana\/"},"wordCount":503,"image":{"@id":"https:\/\/www.villafloresmartin.com\/es\/alza-del-precio-de-la-luz-en-espana\/#primaryimage"},"thumbnailUrl":"https:\/\/www.villafloresmartin.com\/es\/wp-content\/uploads\/2022\/04\/alza-del-precio-de-la-luz-en-espana.jpg","articleSection":["Noticias"],"inLanguage":"es"},{"@type":"WebPage","@id":"https:\/\/www.villafloresmartin.com\/es\/alza-del-precio-de-la-luz-en-espana\/","url":"https:\/\/www.villafloresmartin.com\/es\/alza-del-precio-de-la-luz-en-espana\/","name":"El por qu\u00e9 del alza del precio de la luz en Espa\u00f1a desde inicios de 2022 - Villa Flores Mart\u00edn","isPartOf":{"@id":"https:\/\/www.villafloresmartin.com\/es\/#website"},"primaryImageOfPage":{"@id":"https:\/\/www.villafloresmartin.com\/es\/alza-del-precio-de-la-luz-en-espana\/#primaryimage"},"image":{"@id":"https:\/\/www.villafloresmartin.com\/es\/alza-del-precio-de-la-luz-en-espana\/#primaryimage"},"thumbnailUrl":"https:\/\/www.villafloresmartin.com\/es\/wp-content\/uploads\/2022\/04\/alza-del-precio-de-la-luz-en-espana.jpg","datePublished":"2022-03-20T14:07:05+00:00","dateModified":"2022-04-08T13:08:14+00:00","author":{"@id":"https:\/\/www.villafloresmartin.com\/es\/#\/schema\/person\/c2292207708e96921697bf002f8828be"},"description":"Los \u00faltimos seis meses del fin de 2021 se caracterizaron por el incremento de la factura de la luz... Alza del precio de la luz en Espa\u00f1a","breadcrumb":{"@id":"https:\/\/www.villafloresmartin.com\/es\/alza-del-precio-de-la-luz-en-espana\/#breadcrumb"},"inLanguage":"es","potentialAction":[{"@type":"ReadAction","target":["https:\/\/www.villafloresmartin.com\/es\/alza-del-precio-de-la-luz-en-espana\/"]}]},{"@type":"ImageObject","inLanguage":"es","@id":"https:\/\/www.villafloresmartin.com\/es\/alza-del-precio-de-la-luz-en-espana\/#primaryimage","url":"https:\/\/www.villafloresmartin.com\/es\/wp-content\/uploads\/2022\/04\/alza-del-precio-de-la-luz-en-espana.jpg","contentUrl":"https:\/\/www.villafloresmartin.com\/es\/wp-content\/uploads\/2022\/04\/alza-del-precio-de-la-luz-en-espana.jpg","width":1200,"height":800,"caption":"Alza del precio de la luz en Espa\u00f1a"},{"@type":"BreadcrumbList","@id":"https:\/\/www.villafloresmartin.com\/es\/alza-del-precio-de-la-luz-en-espana\/#breadcrumb","itemListElement":[{"@type":"ListItem","position":1,"name":"Portada","item":"https:\/\/www.villafloresmartin.com\/es\/"},{"@type":"ListItem","position":2,"name":"El por qu\u00e9 del alza del precio de la luz en Espa\u00f1a desde inicios de 2022"}]},{"@type":"WebSite","@id":"https:\/\/www.villafloresmartin.com\/es\/#website","url":"https:\/\/www.villafloresmartin.com\/es\/","name":"Villa Flores Mart\u00edn","description":"","potentialAction":[{"@type":"SearchAction","target":{"@type":"EntryPoint","urlTemplate":"https:\/\/www.villafloresmartin.com\/es\/?s={search_term_string}"},"query-input":{"@type":"PropertyValueSpecification","valueRequired":true,"valueName":"search_term_string"}}],"inLanguage":"es"},{"@type":"Person","@id":"https:\/\/www.villafloresmartin.com\/es\/#\/schema\/person\/c2292207708e96921697bf002f8828be","name":"admin","image":{"@type":"ImageObject","inLanguage":"es","@id":"https:\/\/www.villafloresmartin.com\/es\/#\/schema\/person\/image\/","url":"https:\/\/secure.gravatar.com\/avatar\/7982f03a93f66ccccbac0ad0746074089942e7448863241b5ddf94dec2148152?s=96&d=mm&r=g","contentUrl":"https:\/\/secure.gravatar.com\/avatar\/7982f03a93f66ccccbac0ad0746074089942e7448863241b5ddf94dec2148152?s=96&d=mm&r=g","caption":"admin"}}]}},"_links":{"self":[{"href":"https:\/\/www.villafloresmartin.com\/es\/wp-json\/wp\/v2\/posts\/2217","targetHints":{"allow":["GET"]}}],"collection":[{"href":"https:\/\/www.villafloresmartin.com\/es\/wp-json\/wp\/v2\/posts"}],"about":[{"href":"https:\/\/www.villafloresmartin.com\/es\/wp-json\/wp\/v2\/types\/post"}],"author":[{"embeddable":true,"href":"https:\/\/www.villafloresmartin.com\/es\/wp-json\/wp\/v2\/users\/2"}],"replies":[{"embeddable":true,"href":"https:\/\/www.villafloresmartin.com\/es\/wp-json\/wp\/v2\/comments?post=2217"}],"version-history":[{"count":0,"href":"https:\/\/www.villafloresmartin.com\/es\/wp-json\/wp\/v2\/posts\/2217\/revisions"}],"wp:featuredmedia":[{"embeddable":true,"href":"https:\/\/www.villafloresmartin.com\/es\/wp-json\/wp\/v2\/media\/2219"}],"wp:attachment":[{"href":"https:\/\/www.villafloresmartin.com\/es\/wp-json\/wp\/v2\/media?parent=2217"}],"wp:term":[{"taxonomy":"category","embeddable":true,"href":"https:\/\/www.villafloresmartin.com\/es\/wp-json\/wp\/v2\/categories?post=2217"},{"taxonomy":"post_tag","embeddable":true,"href":"https:\/\/www.villafloresmartin.com\/es\/wp-json\/wp\/v2\/tags?post=2217"}],"curies":[{"name":"wp","href":"https:\/\/api.w.org\/{rel}","templated":true}]}}