{"id":2186,"date":"2021-11-25T11:49:51","date_gmt":"2021-11-25T10:49:51","guid":{"rendered":"https:\/\/www.villafloresmartin.com\/es\/?p=2186"},"modified":"2022-03-25T12:51:28","modified_gmt":"2022-03-25T11:51:28","slug":"que-es-y-cuando-ocurrira-el-gran-apagon-mundial","status":"publish","type":"post","link":"https:\/\/www.villafloresmartin.com\/es\/que-es-y-cuando-ocurrira-el-gran-apagon-mundial\/","title":{"rendered":"Qu\u00e9 es y cu\u00e1ndo ocurrir\u00e1 el gran apag\u00f3n mundial: conoce todos los detalles"},"content":{"rendered":"<p><img  title=\"Qu\u00e9 es y cu\u00e1ndo ocurrir\u00e1 el gran apag\u00f3n mundial: conoce todos los detalles - Villa Flores Mart\u00edn\" loading=\"lazy\" decoding=\"async\" class=\"alignleft wp-image-2187 size-full\" src=\"https:\/\/www.villafloresmartin.com\/es\/wp-content\/uploads\/2021\/12\/Que-es-y-cuando-ocurrira-el-gran-apagon-mundial-scaled-e1639479177115.jpg\"  alt=\"Qu\u00e9 es y cu\u00e1ndo ocurrir\u00e1 el gran apag\u00f3n mundial: conoce todos los detalles - Villa Flores Mart\u00edn\"  width=\"1200\" height=\"825\" srcset=\"https:\/\/www.villafloresmartin.com\/es\/wp-content\/uploads\/2021\/12\/Que-es-y-cuando-ocurrira-el-gran-apagon-mundial-scaled-e1639479177115.jpg 1200w, https:\/\/www.villafloresmartin.com\/es\/wp-content\/uploads\/2021\/12\/Que-es-y-cuando-ocurrira-el-gran-apagon-mundial-scaled-e1639479177115-300x206.jpg 300w, https:\/\/www.villafloresmartin.com\/es\/wp-content\/uploads\/2021\/12\/Que-es-y-cuando-ocurrira-el-gran-apagon-mundial-scaled-e1639479177115-1024x704.jpg 1024w, https:\/\/www.villafloresmartin.com\/es\/wp-content\/uploads\/2021\/12\/Que-es-y-cuando-ocurrira-el-gran-apagon-mundial-scaled-e1639479177115-768x528.jpg 768w, https:\/\/www.villafloresmartin.com\/es\/wp-content\/uploads\/2021\/12\/Que-es-y-cuando-ocurrira-el-gran-apagon-mundial-scaled-e1639479177115-87x60.jpg 87w\" sizes=\"auto, (max-width: 1200px) 100vw, 1200px\" \/><\/p>\n<p style=\"text-align: left;\"><strong>Qu\u00e9 es y cu\u00e1ndo ocurrir\u00e1 el gran apag\u00f3n mundial.<\/strong> Hace un tiempo, la ministra de Defensa de Austria, Klaudia Tanner anunciaba que actualmente existe un riesgo real de que se produzca un <a href=\"https:\/\/www.villafloresmartin.com\/es\/evita-los-apagones-con-grupos-electrogenos-para-festivales%ef%bb%bf\/\" target=\"_blank\" rel=\"noopener\">apag\u00f3n<\/a> el\u00e9ctrico a nivel europeo.<\/p>\n<p><!--more--><\/p>\n<p style=\"text-align: left;\">Aunque esta situaci\u00f3n parezca algo nuevo y aterrorizante, a lo largo de la historia <strong>han existido casos anteriores en distintos pa\u00edses.<\/strong> Seg\u00fan <a href=\"https:\/\/okdiario.com\/sociedad\/cuando-sera-gran-apagon-mundial-fecha-8020222\" target=\"_blank\" rel=\"noopener\">Ok Diario<\/a>, en 2019 se vieron afectados tanto Colombia como Venezuela durante unos 9 meses. En Europa, Suecia tuvo en 1983 a cuatro millones y medio de personas sin electricidad durante 3 meses.<\/p>\n<p style=\"text-align: left;\">Igualmente, hay que estar preparados sin asustarnos por si realmente pudiera ocurrir en alg\u00fan momento, por lo que aprovechamos para informarte sobre qu\u00e9 es y cuando ocurrir\u00e1 el gran apag\u00f3n mundial. Seguro que te va a interesar.<\/p>\n<h2 style=\"text-align: left;\">Qu\u00e9 es y cu\u00e1ndo ocurrir\u00e1 el apag\u00f3n mundial<\/h2>\n<p style=\"text-align: left;\">El futuro apag\u00f3n mundial es una <strong>amenaza real que puede dejar a Europa sin suministros el\u00e9ctricos<\/strong> durante tiempo indefinido. Este \u201capag\u00f3n\u201d, puede llegar a tener un fuerte impacto en nuestra sociedad si no se buscan remedios para ser autosuficientes, pues servicios b\u00e1sicos de nuestro d\u00eda a d\u00eda como internet, cajeros autom\u00e1ticos, tel\u00e9fonos, dejar\u00edan de funcionar. Por no hablar de c\u00f3mo puede afectar a hospitales y polic\u00eda.<\/p>\n<p style=\"text-align: left;\">Parece que se est\u00e1 fechando este hecho para 2025, as\u00ed que son muchos los <strong>pa\u00edses que est\u00e1n concienciando a su poblaci\u00f3n<\/strong> sobre qu\u00e9 hacer en caso de que ocurra.<\/p>\n<h2 style=\"text-align: left;\">\u00bfY en Espa\u00f1a?<\/h2>\n<p style=\"text-align: left;\">Aunque Espa\u00f1a sea uno de los pa\u00edses que se pueden ver afectados, son muchos los expertos que aseguran que el impacto va a ser m\u00ednimo. El suministro llega desde puntos distintos puntos a los de otros pa\u00edses de Europa e, incluso, contamos con una de las <strong>redes el\u00e9ctricas m\u00e1s fiables a nivel mundial.<\/strong><\/p>\n<p style=\"text-align: left;\">Adem\u00e1s, seg\u00fan <a href=\"https:\/\/www.europapress.es\/comunicados\/empresas-00908\/noticia-comunicadoirec-cree-posibilidad-apagon-global-muy-baja-porque-red-electrica-presenta-gran-fiabilidad-20211105145542.html\" target=\"_blank\" rel=\"noopener\">Europapress<\/a>, por ley se debe cumplir que de media el tiempo m\u00e1ximo por usuario sin servicio el\u00e9ctrico sea inferior a una hora al a\u00f1o, as\u00ed que muchos operadores se han preparado para que, en casos como este, el da\u00f1o sea el menor posible.<\/p>\n<p style=\"text-align: left;\">Igualmente, si tienes cualquier duda sobre qu\u00e9 es y cu\u00e1ndo ocurrir\u00e1 el apag\u00f3n mundial o sobre el sistema el\u00e9ctrico de nuestro pa\u00eds, <strong>no dudes en<a href=\"https:\/\/www.villafloresmartin.com\/es\/contacto\/\" target=\"_blank\" rel=\"noopener\"> ponerte en contacto<\/a> con <a href=\"https:\/\/www.villafloresmartin.com\/es\/\" target=\"_blank\" rel=\"noopener\">Villa Flores Mart\u00edn<\/a>.<\/strong> Somos una compa\u00f1\u00eda de servicios p\u00fablicos de <a href=\"https:\/\/www.villafloresmartin.com\/es\/se-ahorra-electricidad-en-el-cambio-de-hora-de-invierno\/\" target=\"_blank\" rel=\"noopener\">electricidad<\/a> con una amplia experiencia en el tema.<\/p>\n<p style=\"text-align: right;\">Imagen: <a href=\"https:\/\/www.freepik.es\/fotos-premium\/concepto-apagon-energia-vela-encendida-lata-conservas-manos-mans-pobreza-energetica_20188655.htm#page=1&amp;query=apag%C3%B3n&amp;position=44&amp;from_view=search\" target=\"_blank\" rel=\"noopener\">Freepik<\/a><\/p>\n","protected":false},"excerpt":{"rendered":"<p>Qu\u00e9 es y cu\u00e1ndo ocurrir\u00e1 el gran apag\u00f3n mundial. Hace un tiempo, la ministra de Defensa de Austria, Klaudia Tanner anunciaba que actualmente existe un riesgo real de que se produzca un apag\u00f3n el\u00e9ctrico a nivel europeo. [&#8230;]<\/p>\n<p><a class=\"btn btn-secondary understrap-read-more-link\" href=\"https:\/\/www.villafloresmartin.com\/es\/que-es-y-cuando-ocurrira-el-gran-apagon-mundial\/\">Leer m\u00e1s&#8230;<\/a><\/p>\n","protected":false},"author":2,"featured_media":2187,"comment_status":"closed","ping_status":"closed","sticky":false,"template":"","format":"standard","meta":{"footnotes":""},"categories":[16],"tags":[],"class_list":["post-2186","post","type-post","status-publish","format-standard","has-post-thumbnail","hentry","category-noticias"],"yoast_head":"<!-- This site is optimized with the Yoast SEO plugin v26.9 - https:\/\/yoast.com\/product\/yoast-seo-wordpress\/ -->\n<title>Qu\u00e9 es y cu\u00e1ndo ocurrir\u00e1 el gran apag\u00f3n mundial: conoce todos los detalles - Villa Flores Mart\u00edn<\/title>\n<meta name=\"description\" content=\"Hace un tiempo, la ministra de Defensa de Austria, Klaudia Tanner anunciaba que... Qu\u00e9 es y cu\u00e1ndo ocurrir\u00e1 el gran apag\u00f3n mundial\" \/>\n<meta name=\"robots\" content=\"index, follow, max-snippet:-1, max-image-preview:large, max-video-preview:-1\" \/>\n<link rel=\"canonical\" href=\"https:\/\/www.villafloresmartin.com\/es\/que-es-y-cuando-ocurrira-el-gran-apagon-mundial\/\" \/>\n<meta property=\"og:locale\" content=\"es_ES\" \/>\n<meta property=\"og:type\" content=\"article\" \/>\n<meta property=\"og:title\" content=\"Qu\u00e9 es y cu\u00e1ndo ocurrir\u00e1 el gran apag\u00f3n mundial: conoce todos los detalles - Villa Flores Mart\u00edn\" \/>\n<meta property=\"og:description\" content=\"Hace un tiempo, la ministra de Defensa de Austria, Klaudia Tanner anunciaba que... Qu\u00e9 es y cu\u00e1ndo ocurrir\u00e1 el gran apag\u00f3n mundial\" \/>\n<meta property=\"og:url\" content=\"https:\/\/www.villafloresmartin.com\/es\/que-es-y-cuando-ocurrira-el-gran-apagon-mundial\/\" \/>\n<meta property=\"og:site_name\" content=\"Villa Flores Mart\u00edn\" \/>\n<meta property=\"article:published_time\" content=\"2021-11-25T10:49:51+00:00\" \/>\n<meta property=\"article:modified_time\" content=\"2022-03-25T11:51:28+00:00\" \/>\n<meta property=\"og:image\" content=\"https:\/\/www.villafloresmartin.com\/es\/wp-content\/uploads\/2021\/12\/Que-es-y-cuando-ocurrira-el-gran-apagon-mundial-scaled-e1639479177115.jpg\" \/>\n\t<meta property=\"og:image:width\" content=\"1200\" \/>\n\t<meta property=\"og:image:height\" content=\"825\" \/>\n\t<meta property=\"og:image:type\" content=\"image\/jpeg\" \/>\n<meta name=\"author\" content=\"admin\" \/>\n<meta name=\"twitter:label1\" content=\"Escrito por\" \/>\n\t<meta name=\"twitter:data1\" content=\"admin\" \/>\n\t<meta name=\"twitter:label2\" content=\"Tiempo de lectura\" \/>\n\t<meta name=\"twitter:data2\" content=\"2 minutos\" \/>\n<script type=\"application\/ld+json\" class=\"yoast-schema-graph\">{\"@context\":\"https:\/\/schema.org\",\"@graph\":[{\"@type\":\"Article\",\"@id\":\"https:\/\/www.villafloresmartin.com\/es\/que-es-y-cuando-ocurrira-el-gran-apagon-mundial\/#article\",\"isPartOf\":{\"@id\":\"https:\/\/www.villafloresmartin.com\/es\/que-es-y-cuando-ocurrira-el-gran-apagon-mundial\/\"},\"author\":{\"name\":\"admin\",\"@id\":\"https:\/\/www.villafloresmartin.com\/es\/#\/schema\/person\/c2292207708e96921697bf002f8828be\"},\"headline\":\"Qu\u00e9 es y cu\u00e1ndo ocurrir\u00e1 el gran apag\u00f3n mundial: conoce todos los detalles\",\"datePublished\":\"2021-11-25T10:49:51+00:00\",\"dateModified\":\"2022-03-25T11:51:28+00:00\",\"mainEntityOfPage\":{\"@id\":\"https:\/\/www.villafloresmartin.com\/es\/que-es-y-cuando-ocurrira-el-gran-apagon-mundial\/\"},\"wordCount\":437,\"image\":{\"@id\":\"https:\/\/www.villafloresmartin.com\/es\/que-es-y-cuando-ocurrira-el-gran-apagon-mundial\/#primaryimage\"},\"thumbnailUrl\":\"https:\/\/www.villafloresmartin.com\/es\/wp-content\/uploads\/2021\/12\/Que-es-y-cuando-ocurrira-el-gran-apagon-mundial-scaled-e1639479177115.jpg\",\"articleSection\":[\"Noticias\"],\"inLanguage\":\"es\"},{\"@type\":\"WebPage\",\"@id\":\"https:\/\/www.villafloresmartin.com\/es\/que-es-y-cuando-ocurrira-el-gran-apagon-mundial\/\",\"url\":\"https:\/\/www.villafloresmartin.com\/es\/que-es-y-cuando-ocurrira-el-gran-apagon-mundial\/\",\"name\":\"Qu\u00e9 es y cu\u00e1ndo ocurrir\u00e1 el gran apag\u00f3n mundial: conoce todos los detalles - Villa Flores Mart\u00edn\",\"isPartOf\":{\"@id\":\"https:\/\/www.villafloresmartin.com\/es\/#website\"},\"primaryImageOfPage\":{\"@id\":\"https:\/\/www.villafloresmartin.com\/es\/que-es-y-cuando-ocurrira-el-gran-apagon-mundial\/#primaryimage\"},\"image\":{\"@id\":\"https:\/\/www.villafloresmartin.com\/es\/que-es-y-cuando-ocurrira-el-gran-apagon-mundial\/#primaryimage\"},\"thumbnailUrl\":\"https:\/\/www.villafloresmartin.com\/es\/wp-content\/uploads\/2021\/12\/Que-es-y-cuando-ocurrira-el-gran-apagon-mundial-scaled-e1639479177115.jpg\",\"datePublished\":\"2021-11-25T10:49:51+00:00\",\"dateModified\":\"2022-03-25T11:51:28+00:00\",\"author\":{\"@id\":\"https:\/\/www.villafloresmartin.com\/es\/#\/schema\/person\/c2292207708e96921697bf002f8828be\"},\"description\":\"Hace un tiempo, la ministra de Defensa de Austria, Klaudia Tanner anunciaba que... Qu\u00e9 es y cu\u00e1ndo ocurrir\u00e1 el gran apag\u00f3n mundial\",\"breadcrumb\":{\"@id\":\"https:\/\/www.villafloresmartin.com\/es\/que-es-y-cuando-ocurrira-el-gran-apagon-mundial\/#breadcrumb\"},\"inLanguage\":\"es\",\"potentialAction\":[{\"@type\":\"ReadAction\",\"target\":[\"https:\/\/www.villafloresmartin.com\/es\/que-es-y-cuando-ocurrira-el-gran-apagon-mundial\/\"]}]},{\"@type\":\"ImageObject\",\"inLanguage\":\"es\",\"@id\":\"https:\/\/www.villafloresmartin.com\/es\/que-es-y-cuando-ocurrira-el-gran-apagon-mundial\/#primaryimage\",\"url\":\"https:\/\/www.villafloresmartin.com\/es\/wp-content\/uploads\/2021\/12\/Que-es-y-cuando-ocurrira-el-gran-apagon-mundial-scaled-e1639479177115.jpg\",\"contentUrl\":\"https:\/\/www.villafloresmartin.com\/es\/wp-content\/uploads\/2021\/12\/Que-es-y-cuando-ocurrira-el-gran-apagon-mundial-scaled-e1639479177115.jpg\",\"width\":1200,\"height\":825,\"caption\":\"Qu\u00e9 es y cu\u00e1ndo ocurrir\u00e1 el gran apag\u00f3n mundial\"},{\"@type\":\"BreadcrumbList\",\"@id\":\"https:\/\/www.villafloresmartin.com\/es\/que-es-y-cuando-ocurrira-el-gran-apagon-mundial\/#breadcrumb\",\"itemListElement\":[{\"@type\":\"ListItem\",\"position\":1,\"name\":\"Portada\",\"item\":\"https:\/\/www.villafloresmartin.com\/es\/\"},{\"@type\":\"ListItem\",\"position\":2,\"name\":\"Qu\u00e9 es y cu\u00e1ndo ocurrir\u00e1 el gran apag\u00f3n mundial: conoce todos los detalles\"}]},{\"@type\":\"WebSite\",\"@id\":\"https:\/\/www.villafloresmartin.com\/es\/#website\",\"url\":\"https:\/\/www.villafloresmartin.com\/es\/\",\"name\":\"Villa Flores Mart\u00edn\",\"description\":\"\",\"potentialAction\":[{\"@type\":\"SearchAction\",\"target\":{\"@type\":\"EntryPoint\",\"urlTemplate\":\"https:\/\/www.villafloresmartin.com\/es\/?s={search_term_string}\"},\"query-input\":{\"@type\":\"PropertyValueSpecification\",\"valueRequired\":true,\"valueName\":\"search_term_string\"}}],\"inLanguage\":\"es\"},{\"@type\":\"Person\",\"@id\":\"https:\/\/www.villafloresmartin.com\/es\/#\/schema\/person\/c2292207708e96921697bf002f8828be\",\"name\":\"admin\",\"image\":{\"@type\":\"ImageObject\",\"inLanguage\":\"es\",\"@id\":\"https:\/\/www.villafloresmartin.com\/es\/#\/schema\/person\/image\/\",\"url\":\"https:\/\/secure.gravatar.com\/avatar\/7982f03a93f66ccccbac0ad0746074089942e7448863241b5ddf94dec2148152?s=96&d=mm&r=g\",\"contentUrl\":\"https:\/\/secure.gravatar.com\/avatar\/7982f03a93f66ccccbac0ad0746074089942e7448863241b5ddf94dec2148152?s=96&d=mm&r=g\",\"caption\":\"admin\"}}]}<\/script>\n<!-- \/ Yoast SEO plugin. -->","yoast_head_json":{"title":"Qu\u00e9 es y cu\u00e1ndo ocurrir\u00e1 el gran apag\u00f3n mundial: conoce todos los detalles - Villa Flores Mart\u00edn","description":"Hace un tiempo, la ministra de Defensa de Austria, Klaudia Tanner anunciaba que... Qu\u00e9 es y cu\u00e1ndo ocurrir\u00e1 el gran apag\u00f3n mundial","robots":{"index":"index","follow":"follow","max-snippet":"max-snippet:-1","max-image-preview":"max-image-preview:large","max-video-preview":"max-video-preview:-1"},"canonical":"https:\/\/www.villafloresmartin.com\/es\/que-es-y-cuando-ocurrira-el-gran-apagon-mundial\/","og_locale":"es_ES","og_type":"article","og_title":"Qu\u00e9 es y cu\u00e1ndo ocurrir\u00e1 el gran apag\u00f3n mundial: conoce todos los detalles - Villa Flores Mart\u00edn","og_description":"Hace un tiempo, la ministra de Defensa de Austria, Klaudia Tanner anunciaba que... Qu\u00e9 es y cu\u00e1ndo ocurrir\u00e1 el gran apag\u00f3n mundial","og_url":"https:\/\/www.villafloresmartin.com\/es\/que-es-y-cuando-ocurrira-el-gran-apagon-mundial\/","og_site_name":"Villa Flores Mart\u00edn","article_published_time":"2021-11-25T10:49:51+00:00","article_modified_time":"2022-03-25T11:51:28+00:00","og_image":[{"width":1200,"height":825,"url":"https:\/\/www.villafloresmartin.com\/es\/wp-content\/uploads\/2021\/12\/Que-es-y-cuando-ocurrira-el-gran-apagon-mundial-scaled-e1639479177115.jpg","type":"image\/jpeg"}],"author":"admin","twitter_misc":{"Escrito por":"admin","Tiempo de lectura":"2 minutos"},"schema":{"@context":"https:\/\/schema.org","@graph":[{"@type":"Article","@id":"https:\/\/www.villafloresmartin.com\/es\/que-es-y-cuando-ocurrira-el-gran-apagon-mundial\/#article","isPartOf":{"@id":"https:\/\/www.villafloresmartin.com\/es\/que-es-y-cuando-ocurrira-el-gran-apagon-mundial\/"},"author":{"name":"admin","@id":"https:\/\/www.villafloresmartin.com\/es\/#\/schema\/person\/c2292207708e96921697bf002f8828be"},"headline":"Qu\u00e9 es y cu\u00e1ndo ocurrir\u00e1 el gran apag\u00f3n mundial: conoce todos los detalles","datePublished":"2021-11-25T10:49:51+00:00","dateModified":"2022-03-25T11:51:28+00:00","mainEntityOfPage":{"@id":"https:\/\/www.villafloresmartin.com\/es\/que-es-y-cuando-ocurrira-el-gran-apagon-mundial\/"},"wordCount":437,"image":{"@id":"https:\/\/www.villafloresmartin.com\/es\/que-es-y-cuando-ocurrira-el-gran-apagon-mundial\/#primaryimage"},"thumbnailUrl":"https:\/\/www.villafloresmartin.com\/es\/wp-content\/uploads\/2021\/12\/Que-es-y-cuando-ocurrira-el-gran-apagon-mundial-scaled-e1639479177115.jpg","articleSection":["Noticias"],"inLanguage":"es"},{"@type":"WebPage","@id":"https:\/\/www.villafloresmartin.com\/es\/que-es-y-cuando-ocurrira-el-gran-apagon-mundial\/","url":"https:\/\/www.villafloresmartin.com\/es\/que-es-y-cuando-ocurrira-el-gran-apagon-mundial\/","name":"Qu\u00e9 es y cu\u00e1ndo ocurrir\u00e1 el gran apag\u00f3n mundial: conoce todos los detalles - Villa Flores Mart\u00edn","isPartOf":{"@id":"https:\/\/www.villafloresmartin.com\/es\/#website"},"primaryImageOfPage":{"@id":"https:\/\/www.villafloresmartin.com\/es\/que-es-y-cuando-ocurrira-el-gran-apagon-mundial\/#primaryimage"},"image":{"@id":"https:\/\/www.villafloresmartin.com\/es\/que-es-y-cuando-ocurrira-el-gran-apagon-mundial\/#primaryimage"},"thumbnailUrl":"https:\/\/www.villafloresmartin.com\/es\/wp-content\/uploads\/2021\/12\/Que-es-y-cuando-ocurrira-el-gran-apagon-mundial-scaled-e1639479177115.jpg","datePublished":"2021-11-25T10:49:51+00:00","dateModified":"2022-03-25T11:51:28+00:00","author":{"@id":"https:\/\/www.villafloresmartin.com\/es\/#\/schema\/person\/c2292207708e96921697bf002f8828be"},"description":"Hace un tiempo, la ministra de Defensa de Austria, Klaudia Tanner anunciaba que... Qu\u00e9 es y cu\u00e1ndo ocurrir\u00e1 el gran apag\u00f3n mundial","breadcrumb":{"@id":"https:\/\/www.villafloresmartin.com\/es\/que-es-y-cuando-ocurrira-el-gran-apagon-mundial\/#breadcrumb"},"inLanguage":"es","potentialAction":[{"@type":"ReadAction","target":["https:\/\/www.villafloresmartin.com\/es\/que-es-y-cuando-ocurrira-el-gran-apagon-mundial\/"]}]},{"@type":"ImageObject","inLanguage":"es","@id":"https:\/\/www.villafloresmartin.com\/es\/que-es-y-cuando-ocurrira-el-gran-apagon-mundial\/#primaryimage","url":"https:\/\/www.villafloresmartin.com\/es\/wp-content\/uploads\/2021\/12\/Que-es-y-cuando-ocurrira-el-gran-apagon-mundial-scaled-e1639479177115.jpg","contentUrl":"https:\/\/www.villafloresmartin.com\/es\/wp-content\/uploads\/2021\/12\/Que-es-y-cuando-ocurrira-el-gran-apagon-mundial-scaled-e1639479177115.jpg","width":1200,"height":825,"caption":"Qu\u00e9 es y cu\u00e1ndo ocurrir\u00e1 el gran apag\u00f3n mundial"},{"@type":"BreadcrumbList","@id":"https:\/\/www.villafloresmartin.com\/es\/que-es-y-cuando-ocurrira-el-gran-apagon-mundial\/#breadcrumb","itemListElement":[{"@type":"ListItem","position":1,"name":"Portada","item":"https:\/\/www.villafloresmartin.com\/es\/"},{"@type":"ListItem","position":2,"name":"Qu\u00e9 es y cu\u00e1ndo ocurrir\u00e1 el gran apag\u00f3n mundial: conoce todos los detalles"}]},{"@type":"WebSite","@id":"https:\/\/www.villafloresmartin.com\/es\/#website","url":"https:\/\/www.villafloresmartin.com\/es\/","name":"Villa Flores Mart\u00edn","description":"","potentialAction":[{"@type":"SearchAction","target":{"@type":"EntryPoint","urlTemplate":"https:\/\/www.villafloresmartin.com\/es\/?s={search_term_string}"},"query-input":{"@type":"PropertyValueSpecification","valueRequired":true,"valueName":"search_term_string"}}],"inLanguage":"es"},{"@type":"Person","@id":"https:\/\/www.villafloresmartin.com\/es\/#\/schema\/person\/c2292207708e96921697bf002f8828be","name":"admin","image":{"@type":"ImageObject","inLanguage":"es","@id":"https:\/\/www.villafloresmartin.com\/es\/#\/schema\/person\/image\/","url":"https:\/\/secure.gravatar.com\/avatar\/7982f03a93f66ccccbac0ad0746074089942e7448863241b5ddf94dec2148152?s=96&d=mm&r=g","contentUrl":"https:\/\/secure.gravatar.com\/avatar\/7982f03a93f66ccccbac0ad0746074089942e7448863241b5ddf94dec2148152?s=96&d=mm&r=g","caption":"admin"}}]}},"_links":{"self":[{"href":"https:\/\/www.villafloresmartin.com\/es\/wp-json\/wp\/v2\/posts\/2186","targetHints":{"allow":["GET"]}}],"collection":[{"href":"https:\/\/www.villafloresmartin.com\/es\/wp-json\/wp\/v2\/posts"}],"about":[{"href":"https:\/\/www.villafloresmartin.com\/es\/wp-json\/wp\/v2\/types\/post"}],"author":[{"embeddable":true,"href":"https:\/\/www.villafloresmartin.com\/es\/wp-json\/wp\/v2\/users\/2"}],"replies":[{"embeddable":true,"href":"https:\/\/www.villafloresmartin.com\/es\/wp-json\/wp\/v2\/comments?post=2186"}],"version-history":[{"count":0,"href":"https:\/\/www.villafloresmartin.com\/es\/wp-json\/wp\/v2\/posts\/2186\/revisions"}],"wp:featuredmedia":[{"embeddable":true,"href":"https:\/\/www.villafloresmartin.com\/es\/wp-json\/wp\/v2\/media\/2187"}],"wp:attachment":[{"href":"https:\/\/www.villafloresmartin.com\/es\/wp-json\/wp\/v2\/media?parent=2186"}],"wp:term":[{"taxonomy":"category","embeddable":true,"href":"https:\/\/www.villafloresmartin.com\/es\/wp-json\/wp\/v2\/categories?post=2186"},{"taxonomy":"post_tag","embeddable":true,"href":"https:\/\/www.villafloresmartin.com\/es\/wp-json\/wp\/v2\/tags?post=2186"}],"curies":[{"name":"wp","href":"https:\/\/api.w.org\/{rel}","templated":true}]}}