{"id":2148,"date":"2021-09-01T07:00:19","date_gmt":"2021-09-01T05:00:19","guid":{"rendered":"https:\/\/www.villafloresmartin.com\/es\/?p=2148"},"modified":"2022-03-25T12:51:28","modified_gmt":"2022-03-25T11:51:28","slug":"laboratorio-movil-para-diagnosis-de-aislamiento-electrico","status":"publish","type":"post","link":"https:\/\/www.villafloresmartin.com\/es\/laboratorio-movil-para-diagnosis-de-aislamiento-electrico\/","title":{"rendered":"Laboratorio m\u00f3vil para diagnosis de aislamiento el\u00e9ctrico"},"content":{"rendered":"<p><img  title=\"Laboratorio m\u00f3vil para diagnosis de aislamiento el\u00e9ctrico - Villa Flores Mart\u00edn\" loading=\"lazy\" decoding=\"async\" class=\"aligncenter wp-image-2149 size-large\" src=\"https:\/\/www.villafloresmartin.com\/es\/wp-content\/uploads\/2021\/08\/Laboratorio-m\u00f3vil-para-diagnosis-de-aislamiento-el\u00e9ctrico-1024x368.png\"  alt=\"Laboratorio m\u00f3vil para diagnosis de aislamiento el\u00e9ctrico - Villa Flores Mart\u00edn\"  width=\"640\" height=\"230\" srcset=\"https:\/\/www.villafloresmartin.com\/es\/wp-content\/uploads\/2021\/08\/Laboratorio-m\u00f3vil-para-diagnosis-de-aislamiento-el\u00e9ctrico-1024x368.png 1024w, https:\/\/www.villafloresmartin.com\/es\/wp-content\/uploads\/2021\/08\/Laboratorio-m\u00f3vil-para-diagnosis-de-aislamiento-el\u00e9ctrico-300x108.png 300w, https:\/\/www.villafloresmartin.com\/es\/wp-content\/uploads\/2021\/08\/Laboratorio-m\u00f3vil-para-diagnosis-de-aislamiento-el\u00e9ctrico-768x276.png 768w, https:\/\/www.villafloresmartin.com\/es\/wp-content\/uploads\/2021\/08\/Laboratorio-m\u00f3vil-para-diagnosis-de-aislamiento-el\u00e9ctrico-1536x552.png 1536w, https:\/\/www.villafloresmartin.com\/es\/wp-content\/uploads\/2021\/08\/Laboratorio-m\u00f3vil-para-diagnosis-de-aislamiento-el\u00e9ctrico-167x60.png 167w, https:\/\/www.villafloresmartin.com\/es\/wp-content\/uploads\/2021\/08\/Laboratorio-m\u00f3vil-para-diagnosis-de-aislamiento-el\u00e9ctrico.png 1600w\" sizes=\"auto, (max-width: 640px) 100vw, 640px\" \/><span style=\"font-size: 1rem;\"><br \/>\nAnte un corte de suministro se genera una situaci\u00f3n de mucho estr\u00e9s en todos los agentes implicados en la distribuci\u00f3n el\u00e9ctrica. En un momento as\u00ed el \u00fanico deseo compartido es <strong>restablecer la energ\u00eda cuanto antes.<\/strong> Con el fin de<strong> reducir al m\u00e1ximo el tiempo de espera<\/strong>, as\u00ed como de provocar los menores inconvenientes posibles, un m\u00e9todo muy efectivo es recurrir al laboratorio m\u00f3vil para diagnosis de aislamiento el\u00e9ctrico.<\/span><!--more--><\/p>\n<h2>Optar por el servicio de laboratorio m\u00f3vil para diagnosis de aislamiento el\u00e9ctrico es siempre una buena decisi\u00f3n<\/h2>\n<p>En <a href=\"https:\/\/www.villafloresmartin.com\/es\/\" target=\"_blank\" rel=\"noopener\"><strong>Villa Flores Mart\u00edn (VFM)<\/strong> <\/a>contamos con una larga experiencia en el sector el\u00e9ctrico. Debido a ello nos hemos tenido que enfrentar a situaciones de todo tipo. Por ese motivo, hoy queremos comparti<strong>r una de las t\u00e9cnicas m\u00e1s efectivas y eficientes a la hora de <a href=\"https:\/\/www.villafloresmartin.com\/es\/averias-electricas-mas-comunes-en-media-y-baja-tension\/\" target=\"_blank\" rel=\"noopener\">resolver aver\u00edas el\u00e9ctricas<\/a> en l\u00edneas de Alta o Media Tensi\u00f3n.<\/strong><\/p>\n<p>Se trata del servicio de laboratorio m\u00f3vil para diagnosis de aislamiento el\u00e9ctrico. Estos veh\u00edculos se desplazan hasta el lugar donde se tenga que ejecutar el trabajo, ofreciendo un <strong>an\u00e1lisis minucioso y r\u00e1pido de la situaci\u00f3n<\/strong>. Analizan el estado de los sistemas el\u00e9ctricos en su conjunto y permiten tomar decisiones de forma m\u00e1s r\u00e1pida y acorde a las circunstancias.<\/p>\n<p>Si bien, aunque es frecuente recurrir a este servicio cuando se produce una aver\u00eda el\u00e9ctrica, lo ideal es considerar muy en serio la opci\u00f3n de<a href=\"https:\/\/www.villafloresmartin.com\/es\/mantenimiento-preventivo-en-instalaciones-electricas\/\" target=\"_blank\" rel=\"noopener\"> <strong>realizar revisiones peri\u00f3dicas<\/strong><\/a> con el fin de prevenirlas. Un laboratorio m\u00f3vil es capaz de detectar en qu\u00e9 punto de la red el\u00e9ctrica de Alta o Media Tensi\u00f3n se encuentra el problema para atajarlo de forma inmediata.<\/p>\n<h2>Conf\u00eda en profesionales que te ahorren tiempo y dinero<\/h2>\n<p>Este servicio de laboratorio m\u00f3vil para diagnosis de aislamiento el\u00e9ctrico no solo te permitir\u00e1 ahorrar tiempo en la resoluci\u00f3n del problema, sino tambi\u00e9n dinero. Los an\u00e1lisis son certeros y, adem\u00e1s de solventar una posible incidencia, <strong>alerta de los puntos m\u00e1s d\u00e9biles<\/strong>. El mantenimiento preventivo siempre es menos costoso que el correctivo, tanto econ\u00f3mica como t\u00e9cnicamente hablando.<\/p>\n<p>En VFM contamos con los equipos necesario para el cumplimiento de la norma que regula esta actividad:<strong><a href=\"https:\/\/www.une.org\/encuentra-tu-norma\/busca-tu-norma\/norma?c=N0044965\" target=\"_blank\" rel=\"noopener\"> UNE 211006:2010 \u201cEnsayos previos a la puesta en servicio de sistemas de cables el\u00e9ctricos de Alta Tensi\u00f3n\u201d<\/a>,<\/strong> la cual define las pruebas y ensayos a ejecutar con los cables nuevos una vez terminada la fase de instalaci\u00f3n o rehabilitaci\u00f3n.<\/p>\n<p>Asimismo, empleamos y recomendamos el ensayo de tensi\u00f3n soportada a onda oscilante y el m\u00e9todo de descargas parciales. Tambi\u00e9n <strong>contamos con dos laboratorios completos y equipados<\/strong> con la \u00faltima tecnolog\u00eda. Disponen de equipos <a href=\"https:\/\/es.wikipedia.org\/wiki\/Sistema_trif%C3%A1sico\" target=\"_blank\" rel=\"noopener\"><strong>trif\u00e1sicos<\/strong> <\/a>con un rango de tensi\u00f3n de hasta 80 KV. Todo ello disponible en el momento que el cliente nos lo demande. Siempre listos para desplazarse.<\/p>\n<p>Si quieres ampliar informaci\u00f3n sobre las posibilidades que ofrece un laboratorio m\u00f3vil para diagnosis de aislamiento el\u00e9ctrico, no dudes en <a href=\"https:\/\/www.villafloresmartin.com\/es\/contacto\/\" target=\"_blank\" rel=\"noopener\"><strong>contactar con nosotros.<\/strong><\/a><\/p>\n","protected":false},"excerpt":{"rendered":"<p>Ante un corte de suministro se genera una situaci\u00f3n de mucho estr\u00e9s en todos los agentes implicados en la distribuci\u00f3n el\u00e9ctrica. En un momento as\u00ed el \u00fanico deseo compartido es restablecer la energ\u00eda cuanto antes. Con el fin de reducir al m\u00e1ximo el tiempo de espera, as\u00ed como de provocar los menores inconvenientes posibles, un [&#8230;]<\/p>\n<p><a class=\"btn btn-secondary understrap-read-more-link\" href=\"https:\/\/www.villafloresmartin.com\/es\/laboratorio-movil-para-diagnosis-de-aislamiento-electrico\/\">Leer m\u00e1s&#8230;<\/a><\/p>\n","protected":false},"author":2,"featured_media":2149,"comment_status":"closed","ping_status":"closed","sticky":false,"template":"","format":"standard","meta":{"footnotes":""},"categories":[1],"tags":[],"class_list":["post-2148","post","type-post","status-publish","format-standard","has-post-thumbnail","hentry","category-sin-categoria"],"yoast_head":"<!-- This site is optimized with the Yoast SEO plugin v26.9 - https:\/\/yoast.com\/product\/yoast-seo-wordpress\/ -->\n<title>Laboratorio m\u00f3vil para diagnosis de aislamiento el\u00e9ctrico<\/title>\n<meta name=\"description\" content=\"Con el fin de reducir al m\u00e1ximo el tiempo de espera, as\u00ed como de provocar los... Laboratorio m\u00f3vil para diagnosis de aislamiento el\u00e9ctrico\" \/>\n<meta name=\"robots\" content=\"index, follow, max-snippet:-1, max-image-preview:large, max-video-preview:-1\" \/>\n<link rel=\"canonical\" href=\"https:\/\/www.villafloresmartin.com\/es\/laboratorio-movil-para-diagnosis-de-aislamiento-electrico\/\" \/>\n<meta property=\"og:locale\" content=\"es_ES\" \/>\n<meta property=\"og:type\" content=\"article\" \/>\n<meta property=\"og:title\" content=\"Laboratorio m\u00f3vil para diagnosis de aislamiento el\u00e9ctrico\" \/>\n<meta property=\"og:description\" content=\"Con el fin de reducir al m\u00e1ximo el tiempo de espera, as\u00ed como de provocar los... Laboratorio m\u00f3vil para diagnosis de aislamiento el\u00e9ctrico\" \/>\n<meta property=\"og:url\" content=\"https:\/\/www.villafloresmartin.com\/es\/laboratorio-movil-para-diagnosis-de-aislamiento-electrico\/\" \/>\n<meta property=\"og:site_name\" content=\"Villa Flores Mart\u00edn\" \/>\n<meta property=\"article:published_time\" content=\"2021-09-01T05:00:19+00:00\" \/>\n<meta property=\"article:modified_time\" content=\"2022-03-25T11:51:28+00:00\" \/>\n<meta property=\"og:image\" content=\"https:\/\/www.villafloresmartin.com\/es\/wp-content\/uploads\/2021\/08\/Laboratorio-m\u00f3vil-para-diagnosis-de-aislamiento-el\u00e9ctrico.png\" \/>\n\t<meta property=\"og:image:width\" content=\"1600\" \/>\n\t<meta property=\"og:image:height\" content=\"575\" \/>\n\t<meta property=\"og:image:type\" content=\"image\/png\" \/>\n<meta name=\"author\" content=\"admin\" \/>\n<meta name=\"twitter:label1\" content=\"Escrito por\" \/>\n\t<meta name=\"twitter:data1\" content=\"admin\" \/>\n\t<meta name=\"twitter:label2\" content=\"Tiempo de lectura\" \/>\n\t<meta name=\"twitter:data2\" content=\"3 minutos\" \/>\n<script type=\"application\/ld+json\" class=\"yoast-schema-graph\">{\"@context\":\"https:\/\/schema.org\",\"@graph\":[{\"@type\":\"Article\",\"@id\":\"https:\/\/www.villafloresmartin.com\/es\/laboratorio-movil-para-diagnosis-de-aislamiento-electrico\/#article\",\"isPartOf\":{\"@id\":\"https:\/\/www.villafloresmartin.com\/es\/laboratorio-movil-para-diagnosis-de-aislamiento-electrico\/\"},\"author\":{\"name\":\"admin\",\"@id\":\"https:\/\/www.villafloresmartin.com\/es\/#\/schema\/person\/c2292207708e96921697bf002f8828be\"},\"headline\":\"Laboratorio m\u00f3vil para diagnosis de aislamiento el\u00e9ctrico\",\"datePublished\":\"2021-09-01T05:00:19+00:00\",\"dateModified\":\"2022-03-25T11:51:28+00:00\",\"mainEntityOfPage\":{\"@id\":\"https:\/\/www.villafloresmartin.com\/es\/laboratorio-movil-para-diagnosis-de-aislamiento-electrico\/\"},\"wordCount\":529,\"image\":{\"@id\":\"https:\/\/www.villafloresmartin.com\/es\/laboratorio-movil-para-diagnosis-de-aislamiento-electrico\/#primaryimage\"},\"thumbnailUrl\":\"https:\/\/www.villafloresmartin.com\/es\/wp-content\/uploads\/2021\/08\/Laboratorio-m\u00f3vil-para-diagnosis-de-aislamiento-el\u00e9ctrico.png\",\"inLanguage\":\"es\"},{\"@type\":\"WebPage\",\"@id\":\"https:\/\/www.villafloresmartin.com\/es\/laboratorio-movil-para-diagnosis-de-aislamiento-electrico\/\",\"url\":\"https:\/\/www.villafloresmartin.com\/es\/laboratorio-movil-para-diagnosis-de-aislamiento-electrico\/\",\"name\":\"Laboratorio m\u00f3vil para diagnosis de aislamiento el\u00e9ctrico\",\"isPartOf\":{\"@id\":\"https:\/\/www.villafloresmartin.com\/es\/#website\"},\"primaryImageOfPage\":{\"@id\":\"https:\/\/www.villafloresmartin.com\/es\/laboratorio-movil-para-diagnosis-de-aislamiento-electrico\/#primaryimage\"},\"image\":{\"@id\":\"https:\/\/www.villafloresmartin.com\/es\/laboratorio-movil-para-diagnosis-de-aislamiento-electrico\/#primaryimage\"},\"thumbnailUrl\":\"https:\/\/www.villafloresmartin.com\/es\/wp-content\/uploads\/2021\/08\/Laboratorio-m\u00f3vil-para-diagnosis-de-aislamiento-el\u00e9ctrico.png\",\"datePublished\":\"2021-09-01T05:00:19+00:00\",\"dateModified\":\"2022-03-25T11:51:28+00:00\",\"author\":{\"@id\":\"https:\/\/www.villafloresmartin.com\/es\/#\/schema\/person\/c2292207708e96921697bf002f8828be\"},\"description\":\"Con el fin de reducir al m\u00e1ximo el tiempo de espera, as\u00ed como de provocar los... Laboratorio m\u00f3vil para diagnosis de aislamiento el\u00e9ctrico\",\"breadcrumb\":{\"@id\":\"https:\/\/www.villafloresmartin.com\/es\/laboratorio-movil-para-diagnosis-de-aislamiento-electrico\/#breadcrumb\"},\"inLanguage\":\"es\",\"potentialAction\":[{\"@type\":\"ReadAction\",\"target\":[\"https:\/\/www.villafloresmartin.com\/es\/laboratorio-movil-para-diagnosis-de-aislamiento-electrico\/\"]}]},{\"@type\":\"ImageObject\",\"inLanguage\":\"es\",\"@id\":\"https:\/\/www.villafloresmartin.com\/es\/laboratorio-movil-para-diagnosis-de-aislamiento-electrico\/#primaryimage\",\"url\":\"https:\/\/www.villafloresmartin.com\/es\/wp-content\/uploads\/2021\/08\/Laboratorio-m\u00f3vil-para-diagnosis-de-aislamiento-el\u00e9ctrico.png\",\"contentUrl\":\"https:\/\/www.villafloresmartin.com\/es\/wp-content\/uploads\/2021\/08\/Laboratorio-m\u00f3vil-para-diagnosis-de-aislamiento-el\u00e9ctrico.png\",\"width\":1600,\"height\":575,\"caption\":\"Laboratorio m\u00f3vil para diagnosis de aislamiento el\u00e9ctrico\"},{\"@type\":\"BreadcrumbList\",\"@id\":\"https:\/\/www.villafloresmartin.com\/es\/laboratorio-movil-para-diagnosis-de-aislamiento-electrico\/#breadcrumb\",\"itemListElement\":[{\"@type\":\"ListItem\",\"position\":1,\"name\":\"Portada\",\"item\":\"https:\/\/www.villafloresmartin.com\/es\/\"},{\"@type\":\"ListItem\",\"position\":2,\"name\":\"Laboratorio m\u00f3vil para diagnosis de aislamiento el\u00e9ctrico\"}]},{\"@type\":\"WebSite\",\"@id\":\"https:\/\/www.villafloresmartin.com\/es\/#website\",\"url\":\"https:\/\/www.villafloresmartin.com\/es\/\",\"name\":\"Villa Flores Mart\u00edn\",\"description\":\"\",\"potentialAction\":[{\"@type\":\"SearchAction\",\"target\":{\"@type\":\"EntryPoint\",\"urlTemplate\":\"https:\/\/www.villafloresmartin.com\/es\/?s={search_term_string}\"},\"query-input\":{\"@type\":\"PropertyValueSpecification\",\"valueRequired\":true,\"valueName\":\"search_term_string\"}}],\"inLanguage\":\"es\"},{\"@type\":\"Person\",\"@id\":\"https:\/\/www.villafloresmartin.com\/es\/#\/schema\/person\/c2292207708e96921697bf002f8828be\",\"name\":\"admin\",\"image\":{\"@type\":\"ImageObject\",\"inLanguage\":\"es\",\"@id\":\"https:\/\/www.villafloresmartin.com\/es\/#\/schema\/person\/image\/\",\"url\":\"https:\/\/secure.gravatar.com\/avatar\/7982f03a93f66ccccbac0ad0746074089942e7448863241b5ddf94dec2148152?s=96&d=mm&r=g\",\"contentUrl\":\"https:\/\/secure.gravatar.com\/avatar\/7982f03a93f66ccccbac0ad0746074089942e7448863241b5ddf94dec2148152?s=96&d=mm&r=g\",\"caption\":\"admin\"}}]}<\/script>\n<!-- \/ Yoast SEO plugin. -->","yoast_head_json":{"title":"Laboratorio m\u00f3vil para diagnosis de aislamiento el\u00e9ctrico","description":"Con el fin de reducir al m\u00e1ximo el tiempo de espera, as\u00ed como de provocar los... Laboratorio m\u00f3vil para diagnosis de aislamiento el\u00e9ctrico","robots":{"index":"index","follow":"follow","max-snippet":"max-snippet:-1","max-image-preview":"max-image-preview:large","max-video-preview":"max-video-preview:-1"},"canonical":"https:\/\/www.villafloresmartin.com\/es\/laboratorio-movil-para-diagnosis-de-aislamiento-electrico\/","og_locale":"es_ES","og_type":"article","og_title":"Laboratorio m\u00f3vil para diagnosis de aislamiento el\u00e9ctrico","og_description":"Con el fin de reducir al m\u00e1ximo el tiempo de espera, as\u00ed como de provocar los... Laboratorio m\u00f3vil para diagnosis de aislamiento el\u00e9ctrico","og_url":"https:\/\/www.villafloresmartin.com\/es\/laboratorio-movil-para-diagnosis-de-aislamiento-electrico\/","og_site_name":"Villa Flores Mart\u00edn","article_published_time":"2021-09-01T05:00:19+00:00","article_modified_time":"2022-03-25T11:51:28+00:00","og_image":[{"width":1600,"height":575,"url":"https:\/\/www.villafloresmartin.com\/es\/wp-content\/uploads\/2021\/08\/Laboratorio-m\u00f3vil-para-diagnosis-de-aislamiento-el\u00e9ctrico.png","type":"image\/png"}],"author":"admin","twitter_misc":{"Escrito por":"admin","Tiempo de lectura":"3 minutos"},"schema":{"@context":"https:\/\/schema.org","@graph":[{"@type":"Article","@id":"https:\/\/www.villafloresmartin.com\/es\/laboratorio-movil-para-diagnosis-de-aislamiento-electrico\/#article","isPartOf":{"@id":"https:\/\/www.villafloresmartin.com\/es\/laboratorio-movil-para-diagnosis-de-aislamiento-electrico\/"},"author":{"name":"admin","@id":"https:\/\/www.villafloresmartin.com\/es\/#\/schema\/person\/c2292207708e96921697bf002f8828be"},"headline":"Laboratorio m\u00f3vil para diagnosis de aislamiento el\u00e9ctrico","datePublished":"2021-09-01T05:00:19+00:00","dateModified":"2022-03-25T11:51:28+00:00","mainEntityOfPage":{"@id":"https:\/\/www.villafloresmartin.com\/es\/laboratorio-movil-para-diagnosis-de-aislamiento-electrico\/"},"wordCount":529,"image":{"@id":"https:\/\/www.villafloresmartin.com\/es\/laboratorio-movil-para-diagnosis-de-aislamiento-electrico\/#primaryimage"},"thumbnailUrl":"https:\/\/www.villafloresmartin.com\/es\/wp-content\/uploads\/2021\/08\/Laboratorio-m\u00f3vil-para-diagnosis-de-aislamiento-el\u00e9ctrico.png","inLanguage":"es"},{"@type":"WebPage","@id":"https:\/\/www.villafloresmartin.com\/es\/laboratorio-movil-para-diagnosis-de-aislamiento-electrico\/","url":"https:\/\/www.villafloresmartin.com\/es\/laboratorio-movil-para-diagnosis-de-aislamiento-electrico\/","name":"Laboratorio m\u00f3vil para diagnosis de aislamiento el\u00e9ctrico","isPartOf":{"@id":"https:\/\/www.villafloresmartin.com\/es\/#website"},"primaryImageOfPage":{"@id":"https:\/\/www.villafloresmartin.com\/es\/laboratorio-movil-para-diagnosis-de-aislamiento-electrico\/#primaryimage"},"image":{"@id":"https:\/\/www.villafloresmartin.com\/es\/laboratorio-movil-para-diagnosis-de-aislamiento-electrico\/#primaryimage"},"thumbnailUrl":"https:\/\/www.villafloresmartin.com\/es\/wp-content\/uploads\/2021\/08\/Laboratorio-m\u00f3vil-para-diagnosis-de-aislamiento-el\u00e9ctrico.png","datePublished":"2021-09-01T05:00:19+00:00","dateModified":"2022-03-25T11:51:28+00:00","author":{"@id":"https:\/\/www.villafloresmartin.com\/es\/#\/schema\/person\/c2292207708e96921697bf002f8828be"},"description":"Con el fin de reducir al m\u00e1ximo el tiempo de espera, as\u00ed como de provocar los... Laboratorio m\u00f3vil para diagnosis de aislamiento el\u00e9ctrico","breadcrumb":{"@id":"https:\/\/www.villafloresmartin.com\/es\/laboratorio-movil-para-diagnosis-de-aislamiento-electrico\/#breadcrumb"},"inLanguage":"es","potentialAction":[{"@type":"ReadAction","target":["https:\/\/www.villafloresmartin.com\/es\/laboratorio-movil-para-diagnosis-de-aislamiento-electrico\/"]}]},{"@type":"ImageObject","inLanguage":"es","@id":"https:\/\/www.villafloresmartin.com\/es\/laboratorio-movil-para-diagnosis-de-aislamiento-electrico\/#primaryimage","url":"https:\/\/www.villafloresmartin.com\/es\/wp-content\/uploads\/2021\/08\/Laboratorio-m\u00f3vil-para-diagnosis-de-aislamiento-el\u00e9ctrico.png","contentUrl":"https:\/\/www.villafloresmartin.com\/es\/wp-content\/uploads\/2021\/08\/Laboratorio-m\u00f3vil-para-diagnosis-de-aislamiento-el\u00e9ctrico.png","width":1600,"height":575,"caption":"Laboratorio m\u00f3vil para diagnosis de aislamiento el\u00e9ctrico"},{"@type":"BreadcrumbList","@id":"https:\/\/www.villafloresmartin.com\/es\/laboratorio-movil-para-diagnosis-de-aislamiento-electrico\/#breadcrumb","itemListElement":[{"@type":"ListItem","position":1,"name":"Portada","item":"https:\/\/www.villafloresmartin.com\/es\/"},{"@type":"ListItem","position":2,"name":"Laboratorio m\u00f3vil para diagnosis de aislamiento el\u00e9ctrico"}]},{"@type":"WebSite","@id":"https:\/\/www.villafloresmartin.com\/es\/#website","url":"https:\/\/www.villafloresmartin.com\/es\/","name":"Villa Flores Mart\u00edn","description":"","potentialAction":[{"@type":"SearchAction","target":{"@type":"EntryPoint","urlTemplate":"https:\/\/www.villafloresmartin.com\/es\/?s={search_term_string}"},"query-input":{"@type":"PropertyValueSpecification","valueRequired":true,"valueName":"search_term_string"}}],"inLanguage":"es"},{"@type":"Person","@id":"https:\/\/www.villafloresmartin.com\/es\/#\/schema\/person\/c2292207708e96921697bf002f8828be","name":"admin","image":{"@type":"ImageObject","inLanguage":"es","@id":"https:\/\/www.villafloresmartin.com\/es\/#\/schema\/person\/image\/","url":"https:\/\/secure.gravatar.com\/avatar\/7982f03a93f66ccccbac0ad0746074089942e7448863241b5ddf94dec2148152?s=96&d=mm&r=g","contentUrl":"https:\/\/secure.gravatar.com\/avatar\/7982f03a93f66ccccbac0ad0746074089942e7448863241b5ddf94dec2148152?s=96&d=mm&r=g","caption":"admin"}}]}},"_links":{"self":[{"href":"https:\/\/www.villafloresmartin.com\/es\/wp-json\/wp\/v2\/posts\/2148","targetHints":{"allow":["GET"]}}],"collection":[{"href":"https:\/\/www.villafloresmartin.com\/es\/wp-json\/wp\/v2\/posts"}],"about":[{"href":"https:\/\/www.villafloresmartin.com\/es\/wp-json\/wp\/v2\/types\/post"}],"author":[{"embeddable":true,"href":"https:\/\/www.villafloresmartin.com\/es\/wp-json\/wp\/v2\/users\/2"}],"replies":[{"embeddable":true,"href":"https:\/\/www.villafloresmartin.com\/es\/wp-json\/wp\/v2\/comments?post=2148"}],"version-history":[{"count":0,"href":"https:\/\/www.villafloresmartin.com\/es\/wp-json\/wp\/v2\/posts\/2148\/revisions"}],"wp:featuredmedia":[{"embeddable":true,"href":"https:\/\/www.villafloresmartin.com\/es\/wp-json\/wp\/v2\/media\/2149"}],"wp:attachment":[{"href":"https:\/\/www.villafloresmartin.com\/es\/wp-json\/wp\/v2\/media?parent=2148"}],"wp:term":[{"taxonomy":"category","embeddable":true,"href":"https:\/\/www.villafloresmartin.com\/es\/wp-json\/wp\/v2\/categories?post=2148"},{"taxonomy":"post_tag","embeddable":true,"href":"https:\/\/www.villafloresmartin.com\/es\/wp-json\/wp\/v2\/tags?post=2148"}],"curies":[{"name":"wp","href":"https:\/\/api.w.org\/{rel}","templated":true}]}}