{"id":2141,"date":"2021-08-25T09:36:53","date_gmt":"2021-08-25T07:36:53","guid":{"rendered":"https:\/\/www.villafloresmartin.com\/es\/?p=2141"},"modified":"2022-03-25T12:51:28","modified_gmt":"2022-03-25T11:51:28","slug":"averias-electricas-mas-comunes-en-media-y-baja-tension","status":"publish","type":"post","link":"https:\/\/www.villafloresmartin.com\/es\/averias-electricas-mas-comunes-en-media-y-baja-tension\/","title":{"rendered":"Aver\u00edas el\u00e9ctricas m\u00e1s comunes en Media y Baja Tensi\u00f3n: \u00bfa qui\u00e9n acudir para solucionarlas?"},"content":{"rendered":"<p><img  title=\"Aver\u00edas el\u00e9ctricas m\u00e1s comunes en Media y Baja Tensi\u00f3n: \u00bfa qui\u00e9n acudir para solucionarlas? - Villa Flores Mart\u00edn\" loading=\"lazy\" decoding=\"async\" class=\"aligncenter wp-image-2144 size-large\" src=\"https:\/\/www.villafloresmartin.com\/es\/wp-content\/uploads\/2021\/08\/Aver\u00edas-el\u00e9ctricas-m\u00e1s-comunes-en-Media-y-Baja-Tensi\u00f3n-1024x683.jpg\"  alt=\"Aver\u00edas el\u00e9ctricas m\u00e1s comunes en Media y Baja Tensi\u00f3n: \u00bfa qui\u00e9n acudir para solucionarlas? - Villa Flores Mart\u00edn\"  width=\"640\" height=\"427\" \/><span style=\"font-size: 1rem;\"><br \/>\n<strong>Aver\u00edas el\u00e9ctricas m\u00e1s comunes en Media y Baja Tensi\u00f3n.<\/strong> Las instalaciones el\u00e9ctricas de <\/span><a href=\"https:\/\/www.villafloresmartin.com\/es\/tipologias-de-lineas-electricas-segun-su-tension\/\" target=\"_blank\" rel=\"noopener noreferrer\"><strong style=\"font-size: 1rem;\">Media Tensi\u00f3n<\/strong><\/a><span style=\"font-size: 1rem;\"> son aquellas que generan, transportan, transforman, distribuyen o emplean energ\u00eda el\u00e9ctrica con tensiones entre 1 kV y 36 kV. En Espa\u00f1a, las instalaciones de Media Tensi\u00f3n son consideradas de Alta Tensi\u00f3n de 3\u00aa categor\u00eda.<\/span><!--more--><\/p>\n<p>Por su parte, las instalaciones de<a href=\"https:\/\/www.villafloresmartin.com\/es\/tensiones-normalizadas-en-espana\/\" target=\"_blank\" rel=\"noopener noreferrer\"><strong> Baja Tensi\u00f3n<\/strong><\/a> opera con tensiones iguales o inferiores a 1.000 voltios en corriente alterna e iguales o inferiores a 1.500 voltios en corriente continua.<\/p>\n<p><strong>Del correcto estado de ambos tipos de instalaciones depende el consumo el\u00e9ctrico, de ah\u00ed la importancia de realizar los correspondientes mantenimientos preventivos peri\u00f3dicos.<\/strong><\/p>\n<p>No obstante, este tipo de instalaciones son susceptibles de experimentar aver\u00edas como cualquier otra. En este art\u00edculo nos vamos a centrar precisamente en las aver\u00edas el\u00e9ctricas m\u00e1s comunes en Media y Baja Tensi\u00f3n, as\u00ed como daremos pautas de a qui\u00e9n acudir para solventarlas lo antes posible.<\/p>\n<h2>Estas son las aver\u00edas el\u00e9ctricas m\u00e1s comunes en Media y Baja Tensi\u00f3n<\/h2>\n<p>Pese a lo que pueda parecer, las instalaciones el\u00e9ctricas de Media y Baja Tensi\u00f3n son elementos clave para el consumo de energ\u00eda tanto en viviendas como en empresas de toda \u00edndole. Cualquier problem\u00e1tica en su funcionamiento termina afectando al usuario final en un corto periodo de tiempo.<\/p>\n<p>Por tanto, es de obligado cumplimiento garantizar su perfecta actividad. Aunque es inevitable que haya ocasiones en las que se produzcan problemas de suministro. Por eso hoy queremos hablar sobre las aver\u00edas el\u00e9ctricas m\u00e1s comunes en Media y Baja Tensi\u00f3n y dar a conocer qui\u00e9n y c\u00f3mo se hacen cargo de su resoluci\u00f3n.<\/p>\n<p><strong>En lo que respecta a la Media Tensi\u00f3n, entre las aver\u00edas m\u00e1s frecuentes se encuentran las siguientes:<\/strong><\/p>\n<ul>\n<li>Problemas que se producen en la paramenta interior de los centros de transformaci\u00f3n, como pueden ser en las celdas o en los transformadores.<\/li>\n<li>En las redes de distribuci\u00f3n de Media Tensi\u00f3n pueden darse tambi\u00e9n problemas de aislamiento, lo que puede desembocar en un corte de suministro el\u00e9ctrico o cortocircuito.<\/li>\n<li>Aver\u00edas en las l\u00edneas a\u00e9reas de Media Tensi\u00f3n.<\/li>\n<\/ul>\n<p><strong>Por su parte, en la Baja Tensi\u00f3n, entre las aver\u00edas m\u00e1s habituales se sit\u00faan las siguientes:<\/strong><\/p>\n<ul>\n<li>Aver\u00edas propias de las redes de distribuci\u00f3n, provocada en muchos casos por la falta de aislamiento que genera cortes de energ\u00eda.<\/li>\n<li>Deficiencia en el funcionamiento de las cajas generales de protecci\u00f3n (Caja donde se alojan los elementos de protecci\u00f3n de las LGA, se\u00f1alan el principio de la propiedad de las instalaciones de los usuarios).<\/li>\n<li>Aver\u00edas en las l\u00edneas a\u00e9reas de Baja Tensi\u00f3n.<\/li>\n<\/ul>\n<h2>Reparaci\u00f3n profesional de aver\u00edas en instalaciones el\u00e9ctricas<\/h2>\n<p>Los problemas el\u00e9ctricos pueden ser de diversa tipolog\u00eda y envergadura. Sin embargo,<a href=\"https:\/\/www.villafloresmartin.com\/es\/reparacion-profesional-de-averias-en-instalaciones-electricas\/\" target=\"_blank\" rel=\"noopener noreferrer\"> <strong>aquellos que afectan a las l\u00edneas a\u00e9reas o subterr\u00e1neas deben ser abordados por expertos con experiencia en la tarea.<\/strong><\/a><\/p>\n<p>A nivel dom\u00e9stico hay que ponerse en contacto con la empresa con la que se tenga contratado el suministro el\u00e9ctrico en caso de corte. Por su parte, las compa\u00f1\u00edas suministradoras de energ\u00eda tienen sus propios protocolos de seguridad, que los alertan de posibles fallos y se garantiza as\u00ed una respuesta inmediata a la incidencia.<\/p>\n<p>En <a href=\"https:\/\/www.villafloresmartin.com\/es\/\" target=\"_blank\" rel=\"noopener noreferrer\"><strong>Villa Flores Mart\u00edn (VFM)<\/strong><\/a> tenemos experiencia en la resoluci\u00f3n de este tipo de casos. Adem\u00e1s, disponemos de personal altamente cualificado y de los \u00faltimos medios para ejecutar estas reparaciones para empresas suministradoras de energ\u00eda con garant\u00eda. Profesionalidad acreditada durante m\u00e1s de 30 a\u00f1os de trayectoria.<\/p>\n<p>Tambi\u00e9n contamos con un <strong>servicio de urgencias disponible las 24 horas<\/strong> durante los 365 d\u00edas del a\u00f1o.<\/p>\n<p>Da igual d\u00f3nde tenga lugar el problema el\u00e9ctrico, nos desplazamos desde nuestras sedes en Huelva o Carmona (Sevilla) a cualquier punto de la geograf\u00eda nacional e internacional. Nuestra competencia t\u00e9cnica destaca por:<\/p>\n<ul>\n<li>Profesionales cualificados y formados especialmente para tales funciones.<\/li>\n<li>Laboratorios m\u00f3viles.<\/li>\n<li>Diagnosis de l\u00edneas el\u00e9ctricas de \u00faltima generaci\u00f3n.<\/li>\n<li>Amplia flota de maquinaria especializada, etc.<\/li>\n<\/ul>\n<p>Si quieres ampliar informaci\u00f3n sobre nuestros servicios, no dudes en <a href=\"https:\/\/www.villafloresmartin.com\/es\/contacto\/\" target=\"_blank\" rel=\"noopener noreferrer\"><strong>contactar con nosotros<\/strong><\/a>. Estaremos encantados de poder atenderte.<\/p>\n<p style=\"text-align: right;\">Fuente: <a href=\"http:\/\/www.emb.cl\/electroindustria\/articulo.mvc?xid=1608&amp;ni=seguridad-en-la-red-electrica-proteccion-diferencial-40ultima-parte41\" target=\"_blank\" rel=\"noopener noreferrer\">Revista Electro Industria<\/a><br \/>\nImagen: <a href=\"https:\/\/www.freepik.es\/foto-gratis\/poste-alta-tension-o-torre-alta-tension_1175826.htm#page=2&amp;query=alta%20tensi%C3%B3n&amp;position=28\" target=\"_blank\" rel=\"noopener noreferrer\">Freepik<\/a><\/p>\n","protected":false},"excerpt":{"rendered":"<p>Aver\u00edas el\u00e9ctricas m\u00e1s comunes en Media y Baja Tensi\u00f3n. Las instalaciones el\u00e9ctricas de Media Tensi\u00f3n son aquellas que generan, transportan, transforman, distribuyen o emplean energ\u00eda el\u00e9ctrica con tensiones entre 1 kV y 36 kV. En Espa\u00f1a, las instalaciones de Media Tensi\u00f3n son consideradas de Alta Tensi\u00f3n de 3\u00aa categor\u00eda. [&#8230;]<\/p>\n<p><a class=\"btn btn-secondary understrap-read-more-link\" href=\"https:\/\/www.villafloresmartin.com\/es\/averias-electricas-mas-comunes-en-media-y-baja-tension\/\">Leer m\u00e1s&#8230;<\/a><\/p>\n","protected":false},"author":2,"featured_media":2144,"comment_status":"closed","ping_status":"closed","sticky":false,"template":"","format":"standard","meta":{"footnotes":""},"categories":[16],"tags":[88,89],"class_list":["post-2141","post","type-post","status-publish","format-standard","has-post-thumbnail","hentry","category-noticias","tag-averias-electricas-mas-comunes-en-media-y-baja-tension","tag-empresa-averias-electricas-mas-comunes-en-media-y-baja-tension"],"yoast_head":"<!-- This site is optimized with the Yoast SEO plugin v26.9 - https:\/\/yoast.com\/product\/yoast-seo-wordpress\/ -->\n<title>Aver\u00edas el\u00e9ctricas m\u00e1s comunes en Media y Baja Tensi\u00f3n<\/title>\n<meta name=\"description\" content=\"Del correcto estado de ambos tipos de instalaciones depende el consumo el\u00e9ctrico... Aver\u00edas el\u00e9ctricas m\u00e1s comunes en Media y Baja Tensi\u00f3n\" \/>\n<meta name=\"robots\" content=\"index, follow, max-snippet:-1, max-image-preview:large, max-video-preview:-1\" \/>\n<link rel=\"canonical\" href=\"https:\/\/www.villafloresmartin.com\/es\/averias-electricas-mas-comunes-en-media-y-baja-tension\/\" \/>\n<meta property=\"og:locale\" content=\"es_ES\" \/>\n<meta property=\"og:type\" content=\"article\" \/>\n<meta property=\"og:title\" content=\"Aver\u00edas el\u00e9ctricas m\u00e1s comunes en Media y Baja Tensi\u00f3n\" \/>\n<meta property=\"og:description\" content=\"Del correcto estado de ambos tipos de instalaciones depende el consumo el\u00e9ctrico... Aver\u00edas el\u00e9ctricas m\u00e1s comunes en Media y Baja Tensi\u00f3n\" \/>\n<meta property=\"og:url\" content=\"https:\/\/www.villafloresmartin.com\/es\/averias-electricas-mas-comunes-en-media-y-baja-tension\/\" \/>\n<meta property=\"og:site_name\" content=\"Villa Flores Mart\u00edn\" \/>\n<meta property=\"article:published_time\" content=\"2021-08-25T07:36:53+00:00\" \/>\n<meta property=\"article:modified_time\" content=\"2022-03-25T11:51:28+00:00\" \/>\n<meta property=\"og:image\" content=\"https:\/\/www.villafloresmartin.com\/es\/wp-content\/uploads\/2021\/08\/Aver\u00edas-el\u00e9ctricas-m\u00e1s-comunes-en-Media-y-Baja-Tensi\u00f3n-scaled.jpg\" \/>\n\t<meta property=\"og:image:width\" content=\"2560\" \/>\n\t<meta property=\"og:image:height\" content=\"1706\" \/>\n\t<meta property=\"og:image:type\" content=\"image\/jpeg\" \/>\n<meta name=\"author\" content=\"admin\" \/>\n<meta name=\"twitter:label1\" content=\"Escrito por\" \/>\n\t<meta name=\"twitter:data1\" content=\"admin\" \/>\n\t<meta name=\"twitter:label2\" content=\"Tiempo de lectura\" \/>\n\t<meta name=\"twitter:data2\" content=\"4 minutos\" \/>\n<script type=\"application\/ld+json\" class=\"yoast-schema-graph\">{\"@context\":\"https:\/\/schema.org\",\"@graph\":[{\"@type\":\"Article\",\"@id\":\"https:\/\/www.villafloresmartin.com\/es\/averias-electricas-mas-comunes-en-media-y-baja-tension\/#article\",\"isPartOf\":{\"@id\":\"https:\/\/www.villafloresmartin.com\/es\/averias-electricas-mas-comunes-en-media-y-baja-tension\/\"},\"author\":{\"name\":\"admin\",\"@id\":\"https:\/\/www.villafloresmartin.com\/es\/#\/schema\/person\/c2292207708e96921697bf002f8828be\"},\"headline\":\"Aver\u00edas el\u00e9ctricas m\u00e1s comunes en Media y Baja Tensi\u00f3n: \u00bfa qui\u00e9n acudir para solucionarlas?\",\"datePublished\":\"2021-08-25T07:36:53+00:00\",\"dateModified\":\"2022-03-25T11:51:28+00:00\",\"mainEntityOfPage\":{\"@id\":\"https:\/\/www.villafloresmartin.com\/es\/averias-electricas-mas-comunes-en-media-y-baja-tension\/\"},\"wordCount\":751,\"image\":{\"@id\":\"https:\/\/www.villafloresmartin.com\/es\/averias-electricas-mas-comunes-en-media-y-baja-tension\/#primaryimage\"},\"thumbnailUrl\":\"https:\/\/www.villafloresmartin.com\/es\/wp-content\/uploads\/2021\/08\/Aver\u00edas-el\u00e9ctricas-m\u00e1s-comunes-en-Media-y-Baja-Tensi\u00f3n-scaled.jpg\",\"keywords\":[\"Aver\u00edas el\u00e9ctricas m\u00e1s comunes en Media y Baja Tensi\u00f3n\",\"empresa Aver\u00edas el\u00e9ctricas m\u00e1s comunes en Media y Baja Tensi\u00f3n\"],\"articleSection\":[\"Noticias\"],\"inLanguage\":\"es\"},{\"@type\":\"WebPage\",\"@id\":\"https:\/\/www.villafloresmartin.com\/es\/averias-electricas-mas-comunes-en-media-y-baja-tension\/\",\"url\":\"https:\/\/www.villafloresmartin.com\/es\/averias-electricas-mas-comunes-en-media-y-baja-tension\/\",\"name\":\"Aver\u00edas el\u00e9ctricas m\u00e1s comunes en Media y Baja Tensi\u00f3n\",\"isPartOf\":{\"@id\":\"https:\/\/www.villafloresmartin.com\/es\/#website\"},\"primaryImageOfPage\":{\"@id\":\"https:\/\/www.villafloresmartin.com\/es\/averias-electricas-mas-comunes-en-media-y-baja-tension\/#primaryimage\"},\"image\":{\"@id\":\"https:\/\/www.villafloresmartin.com\/es\/averias-electricas-mas-comunes-en-media-y-baja-tension\/#primaryimage\"},\"thumbnailUrl\":\"https:\/\/www.villafloresmartin.com\/es\/wp-content\/uploads\/2021\/08\/Aver\u00edas-el\u00e9ctricas-m\u00e1s-comunes-en-Media-y-Baja-Tensi\u00f3n-scaled.jpg\",\"datePublished\":\"2021-08-25T07:36:53+00:00\",\"dateModified\":\"2022-03-25T11:51:28+00:00\",\"author\":{\"@id\":\"https:\/\/www.villafloresmartin.com\/es\/#\/schema\/person\/c2292207708e96921697bf002f8828be\"},\"description\":\"Del correcto estado de ambos tipos de instalaciones depende el consumo el\u00e9ctrico... Aver\u00edas el\u00e9ctricas m\u00e1s comunes en Media y Baja Tensi\u00f3n\",\"breadcrumb\":{\"@id\":\"https:\/\/www.villafloresmartin.com\/es\/averias-electricas-mas-comunes-en-media-y-baja-tension\/#breadcrumb\"},\"inLanguage\":\"es\",\"potentialAction\":[{\"@type\":\"ReadAction\",\"target\":[\"https:\/\/www.villafloresmartin.com\/es\/averias-electricas-mas-comunes-en-media-y-baja-tension\/\"]}]},{\"@type\":\"ImageObject\",\"inLanguage\":\"es\",\"@id\":\"https:\/\/www.villafloresmartin.com\/es\/averias-electricas-mas-comunes-en-media-y-baja-tension\/#primaryimage\",\"url\":\"https:\/\/www.villafloresmartin.com\/es\/wp-content\/uploads\/2021\/08\/Aver\u00edas-el\u00e9ctricas-m\u00e1s-comunes-en-Media-y-Baja-Tensi\u00f3n-scaled.jpg\",\"contentUrl\":\"https:\/\/www.villafloresmartin.com\/es\/wp-content\/uploads\/2021\/08\/Aver\u00edas-el\u00e9ctricas-m\u00e1s-comunes-en-Media-y-Baja-Tensi\u00f3n-scaled.jpg\",\"width\":2560,\"height\":1706,\"caption\":\"Aver\u00edas el\u00e9ctricas m\u00e1s comunes en Media y Baja Tensi\u00f3n\"},{\"@type\":\"BreadcrumbList\",\"@id\":\"https:\/\/www.villafloresmartin.com\/es\/averias-electricas-mas-comunes-en-media-y-baja-tension\/#breadcrumb\",\"itemListElement\":[{\"@type\":\"ListItem\",\"position\":1,\"name\":\"Portada\",\"item\":\"https:\/\/www.villafloresmartin.com\/es\/\"},{\"@type\":\"ListItem\",\"position\":2,\"name\":\"Aver\u00edas el\u00e9ctricas m\u00e1s comunes en Media y Baja Tensi\u00f3n: \u00bfa qui\u00e9n acudir para solucionarlas?\"}]},{\"@type\":\"WebSite\",\"@id\":\"https:\/\/www.villafloresmartin.com\/es\/#website\",\"url\":\"https:\/\/www.villafloresmartin.com\/es\/\",\"name\":\"Villa Flores Mart\u00edn\",\"description\":\"\",\"potentialAction\":[{\"@type\":\"SearchAction\",\"target\":{\"@type\":\"EntryPoint\",\"urlTemplate\":\"https:\/\/www.villafloresmartin.com\/es\/?s={search_term_string}\"},\"query-input\":{\"@type\":\"PropertyValueSpecification\",\"valueRequired\":true,\"valueName\":\"search_term_string\"}}],\"inLanguage\":\"es\"},{\"@type\":\"Person\",\"@id\":\"https:\/\/www.villafloresmartin.com\/es\/#\/schema\/person\/c2292207708e96921697bf002f8828be\",\"name\":\"admin\",\"image\":{\"@type\":\"ImageObject\",\"inLanguage\":\"es\",\"@id\":\"https:\/\/www.villafloresmartin.com\/es\/#\/schema\/person\/image\/\",\"url\":\"https:\/\/secure.gravatar.com\/avatar\/7982f03a93f66ccccbac0ad0746074089942e7448863241b5ddf94dec2148152?s=96&d=mm&r=g\",\"contentUrl\":\"https:\/\/secure.gravatar.com\/avatar\/7982f03a93f66ccccbac0ad0746074089942e7448863241b5ddf94dec2148152?s=96&d=mm&r=g\",\"caption\":\"admin\"}}]}<\/script>\n<!-- \/ Yoast SEO plugin. -->","yoast_head_json":{"title":"Aver\u00edas el\u00e9ctricas m\u00e1s comunes en Media y Baja Tensi\u00f3n","description":"Del correcto estado de ambos tipos de instalaciones depende el consumo el\u00e9ctrico... Aver\u00edas el\u00e9ctricas m\u00e1s comunes en Media y Baja Tensi\u00f3n","robots":{"index":"index","follow":"follow","max-snippet":"max-snippet:-1","max-image-preview":"max-image-preview:large","max-video-preview":"max-video-preview:-1"},"canonical":"https:\/\/www.villafloresmartin.com\/es\/averias-electricas-mas-comunes-en-media-y-baja-tension\/","og_locale":"es_ES","og_type":"article","og_title":"Aver\u00edas el\u00e9ctricas m\u00e1s comunes en Media y Baja Tensi\u00f3n","og_description":"Del correcto estado de ambos tipos de instalaciones depende el consumo el\u00e9ctrico... Aver\u00edas el\u00e9ctricas m\u00e1s comunes en Media y Baja Tensi\u00f3n","og_url":"https:\/\/www.villafloresmartin.com\/es\/averias-electricas-mas-comunes-en-media-y-baja-tension\/","og_site_name":"Villa Flores Mart\u00edn","article_published_time":"2021-08-25T07:36:53+00:00","article_modified_time":"2022-03-25T11:51:28+00:00","og_image":[{"width":2560,"height":1706,"url":"https:\/\/www.villafloresmartin.com\/es\/wp-content\/uploads\/2021\/08\/Aver\u00edas-el\u00e9ctricas-m\u00e1s-comunes-en-Media-y-Baja-Tensi\u00f3n-scaled.jpg","type":"image\/jpeg"}],"author":"admin","twitter_misc":{"Escrito por":"admin","Tiempo de lectura":"4 minutos"},"schema":{"@context":"https:\/\/schema.org","@graph":[{"@type":"Article","@id":"https:\/\/www.villafloresmartin.com\/es\/averias-electricas-mas-comunes-en-media-y-baja-tension\/#article","isPartOf":{"@id":"https:\/\/www.villafloresmartin.com\/es\/averias-electricas-mas-comunes-en-media-y-baja-tension\/"},"author":{"name":"admin","@id":"https:\/\/www.villafloresmartin.com\/es\/#\/schema\/person\/c2292207708e96921697bf002f8828be"},"headline":"Aver\u00edas el\u00e9ctricas m\u00e1s comunes en Media y Baja Tensi\u00f3n: \u00bfa qui\u00e9n acudir para solucionarlas?","datePublished":"2021-08-25T07:36:53+00:00","dateModified":"2022-03-25T11:51:28+00:00","mainEntityOfPage":{"@id":"https:\/\/www.villafloresmartin.com\/es\/averias-electricas-mas-comunes-en-media-y-baja-tension\/"},"wordCount":751,"image":{"@id":"https:\/\/www.villafloresmartin.com\/es\/averias-electricas-mas-comunes-en-media-y-baja-tension\/#primaryimage"},"thumbnailUrl":"https:\/\/www.villafloresmartin.com\/es\/wp-content\/uploads\/2021\/08\/Aver\u00edas-el\u00e9ctricas-m\u00e1s-comunes-en-Media-y-Baja-Tensi\u00f3n-scaled.jpg","keywords":["Aver\u00edas el\u00e9ctricas m\u00e1s comunes en Media y Baja Tensi\u00f3n","empresa Aver\u00edas el\u00e9ctricas m\u00e1s comunes en Media y Baja Tensi\u00f3n"],"articleSection":["Noticias"],"inLanguage":"es"},{"@type":"WebPage","@id":"https:\/\/www.villafloresmartin.com\/es\/averias-electricas-mas-comunes-en-media-y-baja-tension\/","url":"https:\/\/www.villafloresmartin.com\/es\/averias-electricas-mas-comunes-en-media-y-baja-tension\/","name":"Aver\u00edas el\u00e9ctricas m\u00e1s comunes en Media y Baja Tensi\u00f3n","isPartOf":{"@id":"https:\/\/www.villafloresmartin.com\/es\/#website"},"primaryImageOfPage":{"@id":"https:\/\/www.villafloresmartin.com\/es\/averias-electricas-mas-comunes-en-media-y-baja-tension\/#primaryimage"},"image":{"@id":"https:\/\/www.villafloresmartin.com\/es\/averias-electricas-mas-comunes-en-media-y-baja-tension\/#primaryimage"},"thumbnailUrl":"https:\/\/www.villafloresmartin.com\/es\/wp-content\/uploads\/2021\/08\/Aver\u00edas-el\u00e9ctricas-m\u00e1s-comunes-en-Media-y-Baja-Tensi\u00f3n-scaled.jpg","datePublished":"2021-08-25T07:36:53+00:00","dateModified":"2022-03-25T11:51:28+00:00","author":{"@id":"https:\/\/www.villafloresmartin.com\/es\/#\/schema\/person\/c2292207708e96921697bf002f8828be"},"description":"Del correcto estado de ambos tipos de instalaciones depende el consumo el\u00e9ctrico... Aver\u00edas el\u00e9ctricas m\u00e1s comunes en Media y Baja Tensi\u00f3n","breadcrumb":{"@id":"https:\/\/www.villafloresmartin.com\/es\/averias-electricas-mas-comunes-en-media-y-baja-tension\/#breadcrumb"},"inLanguage":"es","potentialAction":[{"@type":"ReadAction","target":["https:\/\/www.villafloresmartin.com\/es\/averias-electricas-mas-comunes-en-media-y-baja-tension\/"]}]},{"@type":"ImageObject","inLanguage":"es","@id":"https:\/\/www.villafloresmartin.com\/es\/averias-electricas-mas-comunes-en-media-y-baja-tension\/#primaryimage","url":"https:\/\/www.villafloresmartin.com\/es\/wp-content\/uploads\/2021\/08\/Aver\u00edas-el\u00e9ctricas-m\u00e1s-comunes-en-Media-y-Baja-Tensi\u00f3n-scaled.jpg","contentUrl":"https:\/\/www.villafloresmartin.com\/es\/wp-content\/uploads\/2021\/08\/Aver\u00edas-el\u00e9ctricas-m\u00e1s-comunes-en-Media-y-Baja-Tensi\u00f3n-scaled.jpg","width":2560,"height":1706,"caption":"Aver\u00edas el\u00e9ctricas m\u00e1s comunes en Media y Baja Tensi\u00f3n"},{"@type":"BreadcrumbList","@id":"https:\/\/www.villafloresmartin.com\/es\/averias-electricas-mas-comunes-en-media-y-baja-tension\/#breadcrumb","itemListElement":[{"@type":"ListItem","position":1,"name":"Portada","item":"https:\/\/www.villafloresmartin.com\/es\/"},{"@type":"ListItem","position":2,"name":"Aver\u00edas el\u00e9ctricas m\u00e1s comunes en Media y Baja Tensi\u00f3n: \u00bfa qui\u00e9n acudir para solucionarlas?"}]},{"@type":"WebSite","@id":"https:\/\/www.villafloresmartin.com\/es\/#website","url":"https:\/\/www.villafloresmartin.com\/es\/","name":"Villa Flores Mart\u00edn","description":"","potentialAction":[{"@type":"SearchAction","target":{"@type":"EntryPoint","urlTemplate":"https:\/\/www.villafloresmartin.com\/es\/?s={search_term_string}"},"query-input":{"@type":"PropertyValueSpecification","valueRequired":true,"valueName":"search_term_string"}}],"inLanguage":"es"},{"@type":"Person","@id":"https:\/\/www.villafloresmartin.com\/es\/#\/schema\/person\/c2292207708e96921697bf002f8828be","name":"admin","image":{"@type":"ImageObject","inLanguage":"es","@id":"https:\/\/www.villafloresmartin.com\/es\/#\/schema\/person\/image\/","url":"https:\/\/secure.gravatar.com\/avatar\/7982f03a93f66ccccbac0ad0746074089942e7448863241b5ddf94dec2148152?s=96&d=mm&r=g","contentUrl":"https:\/\/secure.gravatar.com\/avatar\/7982f03a93f66ccccbac0ad0746074089942e7448863241b5ddf94dec2148152?s=96&d=mm&r=g","caption":"admin"}}]}},"_links":{"self":[{"href":"https:\/\/www.villafloresmartin.com\/es\/wp-json\/wp\/v2\/posts\/2141","targetHints":{"allow":["GET"]}}],"collection":[{"href":"https:\/\/www.villafloresmartin.com\/es\/wp-json\/wp\/v2\/posts"}],"about":[{"href":"https:\/\/www.villafloresmartin.com\/es\/wp-json\/wp\/v2\/types\/post"}],"author":[{"embeddable":true,"href":"https:\/\/www.villafloresmartin.com\/es\/wp-json\/wp\/v2\/users\/2"}],"replies":[{"embeddable":true,"href":"https:\/\/www.villafloresmartin.com\/es\/wp-json\/wp\/v2\/comments?post=2141"}],"version-history":[{"count":0,"href":"https:\/\/www.villafloresmartin.com\/es\/wp-json\/wp\/v2\/posts\/2141\/revisions"}],"wp:featuredmedia":[{"embeddable":true,"href":"https:\/\/www.villafloresmartin.com\/es\/wp-json\/wp\/v2\/media\/2144"}],"wp:attachment":[{"href":"https:\/\/www.villafloresmartin.com\/es\/wp-json\/wp\/v2\/media?parent=2141"}],"wp:term":[{"taxonomy":"category","embeddable":true,"href":"https:\/\/www.villafloresmartin.com\/es\/wp-json\/wp\/v2\/categories?post=2141"},{"taxonomy":"post_tag","embeddable":true,"href":"https:\/\/www.villafloresmartin.com\/es\/wp-json\/wp\/v2\/tags?post=2141"}],"curies":[{"name":"wp","href":"https:\/\/api.w.org\/{rel}","templated":true}]}}