{"id":1973,"date":"2021-01-27T11:50:19","date_gmt":"2021-01-27T10:50:19","guid":{"rendered":"https:\/\/www.villafloresmartin.com\/es\/?p=1973"},"modified":"2022-03-25T12:51:35","modified_gmt":"2022-03-25T11:51:35","slug":"cuando-necesito-un-grupo-electrogeno","status":"publish","type":"post","link":"https:\/\/www.villafloresmartin.com\/es\/cuando-necesito-un-grupo-electrogeno\/","title":{"rendered":"Cu\u00e1ndo necesito un grupo electr\u00f3geno"},"content":{"rendered":"<p><img  title=\"Cu\u00e1ndo necesito un grupo electr\u00f3geno - Villa Flores Mart\u00edn\" loading=\"lazy\" decoding=\"async\" class=\"alignleft size-full wp-image-1974\" src=\"https:\/\/www.villafloresmartin.com\/es\/wp-content\/uploads\/2021\/02\/Cu\u00e1ndo-necesito-un-grupo-electr\u00f3geno.png\"  alt=\"Cu\u00e1ndo necesito un grupo electr\u00f3geno - Villa Flores Mart\u00edn\"  width=\"1588\" height=\"570\" srcset=\"https:\/\/www.villafloresmartin.com\/es\/wp-content\/uploads\/2021\/02\/Cu\u00e1ndo-necesito-un-grupo-electr\u00f3geno.png 1588w, https:\/\/www.villafloresmartin.com\/es\/wp-content\/uploads\/2021\/02\/Cu\u00e1ndo-necesito-un-grupo-electr\u00f3geno-300x108.png 300w, https:\/\/www.villafloresmartin.com\/es\/wp-content\/uploads\/2021\/02\/Cu\u00e1ndo-necesito-un-grupo-electr\u00f3geno-1024x368.png 1024w, https:\/\/www.villafloresmartin.com\/es\/wp-content\/uploads\/2021\/02\/Cu\u00e1ndo-necesito-un-grupo-electr\u00f3geno-768x276.png 768w, https:\/\/www.villafloresmartin.com\/es\/wp-content\/uploads\/2021\/02\/Cu\u00e1ndo-necesito-un-grupo-electr\u00f3geno-1536x551.png 1536w, https:\/\/www.villafloresmartin.com\/es\/wp-content\/uploads\/2021\/02\/Cu\u00e1ndo-necesito-un-grupo-electr\u00f3geno-167x60.png 167w\" sizes=\"auto, (max-width: 1588px) 100vw, 1588px\" \/><span style=\"font-size: 1rem;\"><br \/>\n\u00bfCu\u00e1ndo necesito un grupo electr\u00f3geno? Ante esta pregunta, la respuesta es sencill\u00edsima: se recurre a ellos <a href=\"https:\/\/www.villafloresmartin.com\/es\/alquiler-de-grupos-electrogenos-moviles\/\" target=\"_blank\" rel=\"noopener noreferrer\"><strong>cuando hay d\u00e9ficit de energ\u00eda el\u00e9ctrica<\/strong><\/a> en alg\u00fan lugar. Los motivos que pueden provocar esta situaci\u00f3n son diversos, desde cortes en el suministro hasta que en lugar no ha llegado a\u00fan la corriente el\u00e9ctrica convencional.<\/span><\/p>\n<p><!--more-->Por tanto, los grupos electr\u00f3genos son <strong>elementos esenciales para garantizar la generaci\u00f3n de electricidad<\/strong> en casos de necesidad.<\/p>\n<h2>Gran autonom\u00eda y buenos resultados para industria y todo tipo de cortes de suministro<\/h2>\n<p>Un <a href=\"https:\/\/es.wikipedia.org\/wiki\/Grupo_electr%C3%B3geno\" target=\"_blank\" rel=\"noopener noreferrer\"><strong>grupo electr\u00f3geno<\/strong><\/a> es una m\u00e1quina que mueve un generador el\u00e9ctrico a trav\u00e9s de un motor de combusti\u00f3n interna. De esta forma, genera energ\u00eda para abastecer de electricidad.<\/p>\n<p>Por otro lado, se\u00f1alar que <a href=\"https:\/\/www.villafloresmartin.com\/es\/evita-los-apagones-con-grupos-electrogenos-para-festivales%ef%bb%bf\/\" target=\"_blank\" rel=\"noopener noreferrer\"><strong>los grupos electr\u00f3genos se pueden usar en infinidad de situaciones<\/strong><\/a>. No obstante, es habitual que donde m\u00e1s encontremos este tipo de maquinas sea en las<strong> industrias o en grandes empresas<\/strong>. Esto no quiere decir que no puedan usarse en zonas residenciales o viviendas (generalmente alejadas de los n\u00facleos urbanos) sin red el\u00e9ctrica. Pero los grupos electr\u00f3genos emiten fuertes sonidos que no son bien recibidos por usuarios finales.<\/p>\n<p>Aun as\u00ed, los grupos electr\u00f3genos son una<a href=\"https:\/\/www.villafloresmartin.com\/es\/contratar-servicio-alquiler-de-grupos-electrogenos\/\" target=\"_blank\" rel=\"noopener noreferrer\"><strong> gran alternativa para afrontar cortes de suministro el\u00e9ctrico<\/strong><\/a> o, como dec\u00edamos anteriormente, para abastecer las necesidades de la industria. Y es que disponen de una gran autonom\u00eda y pueden dar servicio durante muchas horas seguidas a un coste m\u00ednimo.<\/p>\n<h2>Cu\u00e1ndo necesito un grupo electr\u00f3geno y qu\u00e9 solicitar con este servicio<\/h2>\n<p>No cabe duda que si te planteas la cuesti\u00f3n de cu\u00e1ndo necesito un grupo electr\u00f3geno es que lo has precisado alguna vez. Y esto ocurre cuando se sufre alg\u00fan corte de electricidad. Tanto particulares como empresas suministradoras tienen que recurrir a este servicio para garantizar el restablecimiento de la energ\u00eda hasta que se solucione la causa que ha provocado la ruptura del suministro habitual.<\/p>\n<p>En <a href=\"https:\/\/www.villafloresmartin.com\/es\/\" target=\"_blank\" rel=\"noopener noreferrer\"><strong>Villa Flores Mart\u00edn (VFM)<\/strong><\/a> llevamos d\u00e9cadas ofreciendo nuestro servicio profesional de grupos electr\u00f3genos. Una asistencia muy completa donde no nos limitamos a facilitar la maquinaria. Nuestros<strong> equipos van acompa\u00f1ados siempre de un especialista<\/strong> en su manejo. De este modo, aportamos al cliente tranquilidad y eficiencia.<\/p>\n<p>Nuestros operarios, adem\u00e1s de conocer perfectamente el funcionamiento de la maquinaria de obra, son capaces de prestar<strong> asesoramiento<\/strong> al caso en cuesti\u00f3n.<\/p>\n<p>En cuanto a cuestiones t\u00e9cnicas, destacar que nuestros grupos electr\u00f3nicos son <a href=\"https:\/\/es.thefreedictionary.com\/bitensi%C3%B3n\" target=\"_blank\" rel=\"noopener noreferrer\"><strong>bitensi\u00f3n<\/strong><\/a>. Tienen la posibilidad de dar suministro el\u00e9ctrico a la tensi\u00f3n de 230 v y a 380 v. Tanto al mismo tiempo como de forma simult\u00e1nea, como se requiera.<\/p>\n<p>Los grupos electr\u00f3genos con los que trabajamos abarcan <strong>potencias desde las 100 Kva hasta las 1.600 Kva<\/strong>. Todos ellos equipados con diferentes juegos de conductores, los cuales son necesarios para la conexi\u00f3n con la instalaci\u00f3n a energizar. Estos juegos combinan distintas medidas y disponen de las secciones suficientes para abastecer el suministro hasta en localizaciones con dificultad de acceso.<\/p>\n<p>Importante tambi\u00e9n poner de manifiesto que nuestra jornada de trabajo no tiene tiempos fijos. Es decir, si la actuaci\u00f3n se dilata en el tiempo, de forma interna tenemos <strong>cubierto el abastecimiento de gas\u00f3leo B<\/strong>. No importa ni la hora ni el momento. La cobertura a quienes conf\u00edan en nuestra compa\u00f1\u00eda es total.<\/p>\n<p>Si quieres ampliar informaci\u00f3n sobre cu\u00e1ndo necesito un grupo electr\u00f3geno u otro de nuestros servicios, no dudes en <a href=\"https:\/\/www.villafloresmartin.com\/es\/contacto\/\" target=\"_blank\" rel=\"noopener noreferrer\"><strong>contactar con nosotros.<\/strong> <\/a>Estaremos encantados de poder asesorarte y ayudarte con todo lo que est\u00e9 en nuestra mano.<\/p>\n","protected":false},"excerpt":{"rendered":"<p>\u00bfCu\u00e1ndo necesito un grupo electr\u00f3geno? Ante esta pregunta, la respuesta es sencill\u00edsima: se recurre a ellos cuando hay d\u00e9ficit de energ\u00eda el\u00e9ctrica en alg\u00fan lugar. Los motivos que pueden provocar esta situaci\u00f3n son diversos, desde cortes en el suministro hasta que en lugar no ha llegado a\u00fan la corriente el\u00e9ctrica convencional. [&#8230;]<\/p>\n<p><a class=\"btn btn-secondary understrap-read-more-link\" href=\"https:\/\/www.villafloresmartin.com\/es\/cuando-necesito-un-grupo-electrogeno\/\">Leer m\u00e1s&#8230;<\/a><\/p>\n","protected":false},"author":2,"featured_media":1974,"comment_status":"closed","ping_status":"closed","sticky":false,"template":"","format":"standard","meta":{"footnotes":""},"categories":[16],"tags":[51,50,49,52],"class_list":["post-1973","post","type-post","status-publish","format-standard","has-post-thumbnail","hentry","category-noticias","tag-alquilar-grupo-electrogeno","tag-contratar-grupo-electrogeno","tag-cuando-necesito-un-grupo-electrogeno","tag-empresa-de-grupos-electrogenos"],"yoast_head":"<!-- This site is optimized with the Yoast SEO plugin v26.9 - https:\/\/yoast.com\/product\/yoast-seo-wordpress\/ -->\n<title>Cu\u00e1ndo necesito un grupo electr\u00f3geno - Villa Flores Mart\u00edn<\/title>\n<meta name=\"description\" content=\"No cabe duda que si te planteas la cuesti\u00f3n de cu\u00e1ndo necesito un grupo electr\u00f3geno es que lo has... Cu\u00e1ndo necesito un grupo electr\u00f3geno\" \/>\n<meta name=\"robots\" content=\"index, follow, max-snippet:-1, max-image-preview:large, max-video-preview:-1\" \/>\n<link rel=\"canonical\" href=\"https:\/\/www.villafloresmartin.com\/es\/cuando-necesito-un-grupo-electrogeno\/\" \/>\n<meta property=\"og:locale\" content=\"es_ES\" \/>\n<meta property=\"og:type\" content=\"article\" \/>\n<meta property=\"og:title\" content=\"Cu\u00e1ndo necesito un grupo electr\u00f3geno - Villa Flores Mart\u00edn\" \/>\n<meta property=\"og:description\" content=\"No cabe duda que si te planteas la cuesti\u00f3n de cu\u00e1ndo necesito un grupo electr\u00f3geno es que lo has... Cu\u00e1ndo necesito un grupo electr\u00f3geno\" \/>\n<meta property=\"og:url\" content=\"https:\/\/www.villafloresmartin.com\/es\/cuando-necesito-un-grupo-electrogeno\/\" \/>\n<meta property=\"og:site_name\" content=\"Villa Flores Mart\u00edn\" \/>\n<meta property=\"article:published_time\" content=\"2021-01-27T10:50:19+00:00\" \/>\n<meta property=\"article:modified_time\" content=\"2022-03-25T11:51:35+00:00\" \/>\n<meta property=\"og:image\" content=\"https:\/\/www.villafloresmartin.com\/es\/wp-content\/uploads\/2021\/02\/Cu\u00e1ndo-necesito-un-grupo-electr\u00f3geno.png\" \/>\n\t<meta property=\"og:image:width\" content=\"1588\" \/>\n\t<meta property=\"og:image:height\" content=\"570\" \/>\n\t<meta property=\"og:image:type\" content=\"image\/png\" \/>\n<meta name=\"author\" content=\"admin\" \/>\n<meta name=\"twitter:label1\" content=\"Escrito por\" \/>\n\t<meta name=\"twitter:data1\" content=\"admin\" \/>\n\t<meta name=\"twitter:label2\" content=\"Tiempo de lectura\" \/>\n\t<meta name=\"twitter:data2\" content=\"3 minutos\" \/>\n<script type=\"application\/ld+json\" class=\"yoast-schema-graph\">{\"@context\":\"https:\/\/schema.org\",\"@graph\":[{\"@type\":\"Article\",\"@id\":\"https:\/\/www.villafloresmartin.com\/es\/cuando-necesito-un-grupo-electrogeno\/#article\",\"isPartOf\":{\"@id\":\"https:\/\/www.villafloresmartin.com\/es\/cuando-necesito-un-grupo-electrogeno\/\"},\"author\":{\"name\":\"admin\",\"@id\":\"https:\/\/www.villafloresmartin.com\/es\/#\/schema\/person\/c2292207708e96921697bf002f8828be\"},\"headline\":\"Cu\u00e1ndo necesito un grupo electr\u00f3geno\",\"datePublished\":\"2021-01-27T10:50:19+00:00\",\"dateModified\":\"2022-03-25T11:51:35+00:00\",\"mainEntityOfPage\":{\"@id\":\"https:\/\/www.villafloresmartin.com\/es\/cuando-necesito-un-grupo-electrogeno\/\"},\"wordCount\":622,\"image\":{\"@id\":\"https:\/\/www.villafloresmartin.com\/es\/cuando-necesito-un-grupo-electrogeno\/#primaryimage\"},\"thumbnailUrl\":\"https:\/\/www.villafloresmartin.com\/es\/wp-content\/uploads\/2021\/02\/Cu\u00e1ndo-necesito-un-grupo-electr\u00f3geno.png\",\"keywords\":[\"alquilar grupo electr\u00f3geno\",\"contratar grupo electr\u00f3geno\",\"Cu\u00e1ndo necesito un grupo electr\u00f3geno\",\"empresa de grupos electr\u00f3genos\"],\"articleSection\":[\"Noticias\"],\"inLanguage\":\"es\"},{\"@type\":\"WebPage\",\"@id\":\"https:\/\/www.villafloresmartin.com\/es\/cuando-necesito-un-grupo-electrogeno\/\",\"url\":\"https:\/\/www.villafloresmartin.com\/es\/cuando-necesito-un-grupo-electrogeno\/\",\"name\":\"Cu\u00e1ndo necesito un grupo electr\u00f3geno - Villa Flores Mart\u00edn\",\"isPartOf\":{\"@id\":\"https:\/\/www.villafloresmartin.com\/es\/#website\"},\"primaryImageOfPage\":{\"@id\":\"https:\/\/www.villafloresmartin.com\/es\/cuando-necesito-un-grupo-electrogeno\/#primaryimage\"},\"image\":{\"@id\":\"https:\/\/www.villafloresmartin.com\/es\/cuando-necesito-un-grupo-electrogeno\/#primaryimage\"},\"thumbnailUrl\":\"https:\/\/www.villafloresmartin.com\/es\/wp-content\/uploads\/2021\/02\/Cu\u00e1ndo-necesito-un-grupo-electr\u00f3geno.png\",\"datePublished\":\"2021-01-27T10:50:19+00:00\",\"dateModified\":\"2022-03-25T11:51:35+00:00\",\"author\":{\"@id\":\"https:\/\/www.villafloresmartin.com\/es\/#\/schema\/person\/c2292207708e96921697bf002f8828be\"},\"description\":\"No cabe duda que si te planteas la cuesti\u00f3n de cu\u00e1ndo necesito un grupo electr\u00f3geno es que lo has... Cu\u00e1ndo necesito un grupo electr\u00f3geno\",\"breadcrumb\":{\"@id\":\"https:\/\/www.villafloresmartin.com\/es\/cuando-necesito-un-grupo-electrogeno\/#breadcrumb\"},\"inLanguage\":\"es\",\"potentialAction\":[{\"@type\":\"ReadAction\",\"target\":[\"https:\/\/www.villafloresmartin.com\/es\/cuando-necesito-un-grupo-electrogeno\/\"]}]},{\"@type\":\"ImageObject\",\"inLanguage\":\"es\",\"@id\":\"https:\/\/www.villafloresmartin.com\/es\/cuando-necesito-un-grupo-electrogeno\/#primaryimage\",\"url\":\"https:\/\/www.villafloresmartin.com\/es\/wp-content\/uploads\/2021\/02\/Cu\u00e1ndo-necesito-un-grupo-electr\u00f3geno.png\",\"contentUrl\":\"https:\/\/www.villafloresmartin.com\/es\/wp-content\/uploads\/2021\/02\/Cu\u00e1ndo-necesito-un-grupo-electr\u00f3geno.png\",\"width\":1588,\"height\":570,\"caption\":\"Cu\u00e1ndo necesito un grupo electr\u00f3geno\"},{\"@type\":\"BreadcrumbList\",\"@id\":\"https:\/\/www.villafloresmartin.com\/es\/cuando-necesito-un-grupo-electrogeno\/#breadcrumb\",\"itemListElement\":[{\"@type\":\"ListItem\",\"position\":1,\"name\":\"Portada\",\"item\":\"https:\/\/www.villafloresmartin.com\/es\/\"},{\"@type\":\"ListItem\",\"position\":2,\"name\":\"Cu\u00e1ndo necesito un grupo electr\u00f3geno\"}]},{\"@type\":\"WebSite\",\"@id\":\"https:\/\/www.villafloresmartin.com\/es\/#website\",\"url\":\"https:\/\/www.villafloresmartin.com\/es\/\",\"name\":\"Villa Flores Mart\u00edn\",\"description\":\"\",\"potentialAction\":[{\"@type\":\"SearchAction\",\"target\":{\"@type\":\"EntryPoint\",\"urlTemplate\":\"https:\/\/www.villafloresmartin.com\/es\/?s={search_term_string}\"},\"query-input\":{\"@type\":\"PropertyValueSpecification\",\"valueRequired\":true,\"valueName\":\"search_term_string\"}}],\"inLanguage\":\"es\"},{\"@type\":\"Person\",\"@id\":\"https:\/\/www.villafloresmartin.com\/es\/#\/schema\/person\/c2292207708e96921697bf002f8828be\",\"name\":\"admin\",\"image\":{\"@type\":\"ImageObject\",\"inLanguage\":\"es\",\"@id\":\"https:\/\/www.villafloresmartin.com\/es\/#\/schema\/person\/image\/\",\"url\":\"https:\/\/secure.gravatar.com\/avatar\/7982f03a93f66ccccbac0ad0746074089942e7448863241b5ddf94dec2148152?s=96&d=mm&r=g\",\"contentUrl\":\"https:\/\/secure.gravatar.com\/avatar\/7982f03a93f66ccccbac0ad0746074089942e7448863241b5ddf94dec2148152?s=96&d=mm&r=g\",\"caption\":\"admin\"}}]}<\/script>\n<!-- \/ Yoast SEO plugin. -->","yoast_head_json":{"title":"Cu\u00e1ndo necesito un grupo electr\u00f3geno - Villa Flores Mart\u00edn","description":"No cabe duda que si te planteas la cuesti\u00f3n de cu\u00e1ndo necesito un grupo electr\u00f3geno es que lo has... Cu\u00e1ndo necesito un grupo electr\u00f3geno","robots":{"index":"index","follow":"follow","max-snippet":"max-snippet:-1","max-image-preview":"max-image-preview:large","max-video-preview":"max-video-preview:-1"},"canonical":"https:\/\/www.villafloresmartin.com\/es\/cuando-necesito-un-grupo-electrogeno\/","og_locale":"es_ES","og_type":"article","og_title":"Cu\u00e1ndo necesito un grupo electr\u00f3geno - Villa Flores Mart\u00edn","og_description":"No cabe duda que si te planteas la cuesti\u00f3n de cu\u00e1ndo necesito un grupo electr\u00f3geno es que lo has... Cu\u00e1ndo necesito un grupo electr\u00f3geno","og_url":"https:\/\/www.villafloresmartin.com\/es\/cuando-necesito-un-grupo-electrogeno\/","og_site_name":"Villa Flores Mart\u00edn","article_published_time":"2021-01-27T10:50:19+00:00","article_modified_time":"2022-03-25T11:51:35+00:00","og_image":[{"width":1588,"height":570,"url":"https:\/\/www.villafloresmartin.com\/es\/wp-content\/uploads\/2021\/02\/Cu\u00e1ndo-necesito-un-grupo-electr\u00f3geno.png","type":"image\/png"}],"author":"admin","twitter_misc":{"Escrito por":"admin","Tiempo de lectura":"3 minutos"},"schema":{"@context":"https:\/\/schema.org","@graph":[{"@type":"Article","@id":"https:\/\/www.villafloresmartin.com\/es\/cuando-necesito-un-grupo-electrogeno\/#article","isPartOf":{"@id":"https:\/\/www.villafloresmartin.com\/es\/cuando-necesito-un-grupo-electrogeno\/"},"author":{"name":"admin","@id":"https:\/\/www.villafloresmartin.com\/es\/#\/schema\/person\/c2292207708e96921697bf002f8828be"},"headline":"Cu\u00e1ndo necesito un grupo electr\u00f3geno","datePublished":"2021-01-27T10:50:19+00:00","dateModified":"2022-03-25T11:51:35+00:00","mainEntityOfPage":{"@id":"https:\/\/www.villafloresmartin.com\/es\/cuando-necesito-un-grupo-electrogeno\/"},"wordCount":622,"image":{"@id":"https:\/\/www.villafloresmartin.com\/es\/cuando-necesito-un-grupo-electrogeno\/#primaryimage"},"thumbnailUrl":"https:\/\/www.villafloresmartin.com\/es\/wp-content\/uploads\/2021\/02\/Cu\u00e1ndo-necesito-un-grupo-electr\u00f3geno.png","keywords":["alquilar grupo electr\u00f3geno","contratar grupo electr\u00f3geno","Cu\u00e1ndo necesito un grupo electr\u00f3geno","empresa de grupos electr\u00f3genos"],"articleSection":["Noticias"],"inLanguage":"es"},{"@type":"WebPage","@id":"https:\/\/www.villafloresmartin.com\/es\/cuando-necesito-un-grupo-electrogeno\/","url":"https:\/\/www.villafloresmartin.com\/es\/cuando-necesito-un-grupo-electrogeno\/","name":"Cu\u00e1ndo necesito un grupo electr\u00f3geno - Villa Flores Mart\u00edn","isPartOf":{"@id":"https:\/\/www.villafloresmartin.com\/es\/#website"},"primaryImageOfPage":{"@id":"https:\/\/www.villafloresmartin.com\/es\/cuando-necesito-un-grupo-electrogeno\/#primaryimage"},"image":{"@id":"https:\/\/www.villafloresmartin.com\/es\/cuando-necesito-un-grupo-electrogeno\/#primaryimage"},"thumbnailUrl":"https:\/\/www.villafloresmartin.com\/es\/wp-content\/uploads\/2021\/02\/Cu\u00e1ndo-necesito-un-grupo-electr\u00f3geno.png","datePublished":"2021-01-27T10:50:19+00:00","dateModified":"2022-03-25T11:51:35+00:00","author":{"@id":"https:\/\/www.villafloresmartin.com\/es\/#\/schema\/person\/c2292207708e96921697bf002f8828be"},"description":"No cabe duda que si te planteas la cuesti\u00f3n de cu\u00e1ndo necesito un grupo electr\u00f3geno es que lo has... Cu\u00e1ndo necesito un grupo electr\u00f3geno","breadcrumb":{"@id":"https:\/\/www.villafloresmartin.com\/es\/cuando-necesito-un-grupo-electrogeno\/#breadcrumb"},"inLanguage":"es","potentialAction":[{"@type":"ReadAction","target":["https:\/\/www.villafloresmartin.com\/es\/cuando-necesito-un-grupo-electrogeno\/"]}]},{"@type":"ImageObject","inLanguage":"es","@id":"https:\/\/www.villafloresmartin.com\/es\/cuando-necesito-un-grupo-electrogeno\/#primaryimage","url":"https:\/\/www.villafloresmartin.com\/es\/wp-content\/uploads\/2021\/02\/Cu\u00e1ndo-necesito-un-grupo-electr\u00f3geno.png","contentUrl":"https:\/\/www.villafloresmartin.com\/es\/wp-content\/uploads\/2021\/02\/Cu\u00e1ndo-necesito-un-grupo-electr\u00f3geno.png","width":1588,"height":570,"caption":"Cu\u00e1ndo necesito un grupo electr\u00f3geno"},{"@type":"BreadcrumbList","@id":"https:\/\/www.villafloresmartin.com\/es\/cuando-necesito-un-grupo-electrogeno\/#breadcrumb","itemListElement":[{"@type":"ListItem","position":1,"name":"Portada","item":"https:\/\/www.villafloresmartin.com\/es\/"},{"@type":"ListItem","position":2,"name":"Cu\u00e1ndo necesito un grupo electr\u00f3geno"}]},{"@type":"WebSite","@id":"https:\/\/www.villafloresmartin.com\/es\/#website","url":"https:\/\/www.villafloresmartin.com\/es\/","name":"Villa Flores Mart\u00edn","description":"","potentialAction":[{"@type":"SearchAction","target":{"@type":"EntryPoint","urlTemplate":"https:\/\/www.villafloresmartin.com\/es\/?s={search_term_string}"},"query-input":{"@type":"PropertyValueSpecification","valueRequired":true,"valueName":"search_term_string"}}],"inLanguage":"es"},{"@type":"Person","@id":"https:\/\/www.villafloresmartin.com\/es\/#\/schema\/person\/c2292207708e96921697bf002f8828be","name":"admin","image":{"@type":"ImageObject","inLanguage":"es","@id":"https:\/\/www.villafloresmartin.com\/es\/#\/schema\/person\/image\/","url":"https:\/\/secure.gravatar.com\/avatar\/7982f03a93f66ccccbac0ad0746074089942e7448863241b5ddf94dec2148152?s=96&d=mm&r=g","contentUrl":"https:\/\/secure.gravatar.com\/avatar\/7982f03a93f66ccccbac0ad0746074089942e7448863241b5ddf94dec2148152?s=96&d=mm&r=g","caption":"admin"}}]}},"_links":{"self":[{"href":"https:\/\/www.villafloresmartin.com\/es\/wp-json\/wp\/v2\/posts\/1973","targetHints":{"allow":["GET"]}}],"collection":[{"href":"https:\/\/www.villafloresmartin.com\/es\/wp-json\/wp\/v2\/posts"}],"about":[{"href":"https:\/\/www.villafloresmartin.com\/es\/wp-json\/wp\/v2\/types\/post"}],"author":[{"embeddable":true,"href":"https:\/\/www.villafloresmartin.com\/es\/wp-json\/wp\/v2\/users\/2"}],"replies":[{"embeddable":true,"href":"https:\/\/www.villafloresmartin.com\/es\/wp-json\/wp\/v2\/comments?post=1973"}],"version-history":[{"count":0,"href":"https:\/\/www.villafloresmartin.com\/es\/wp-json\/wp\/v2\/posts\/1973\/revisions"}],"wp:featuredmedia":[{"embeddable":true,"href":"https:\/\/www.villafloresmartin.com\/es\/wp-json\/wp\/v2\/media\/1974"}],"wp:attachment":[{"href":"https:\/\/www.villafloresmartin.com\/es\/wp-json\/wp\/v2\/media?parent=1973"}],"wp:term":[{"taxonomy":"category","embeddable":true,"href":"https:\/\/www.villafloresmartin.com\/es\/wp-json\/wp\/v2\/categories?post=1973"},{"taxonomy":"post_tag","embeddable":true,"href":"https:\/\/www.villafloresmartin.com\/es\/wp-json\/wp\/v2\/tags?post=1973"}],"curies":[{"name":"wp","href":"https:\/\/api.w.org\/{rel}","templated":true}]}}