{"id":1927,"date":"2020-11-25T20:08:03","date_gmt":"2020-11-25T19:08:03","guid":{"rendered":"https:\/\/www.villafloresmartin.com\/es\/?p=1927"},"modified":"2022-03-25T12:51:35","modified_gmt":"2022-03-25T11:51:35","slug":"suministro-electrico-durante-la-crisis-sanitaria-del-covid-19","status":"publish","type":"post","link":"https:\/\/www.villafloresmartin.com\/es\/suministro-electrico-durante-la-crisis-sanitaria-del-covid-19\/","title":{"rendered":"C\u00f3mo ha cambiado el suministro el\u00e9ctrico durante la crisis sanitaria del COVID-19"},"content":{"rendered":"<p><img  title=\"C\u00f3mo ha cambiado el suministro el\u00e9ctrico durante la crisis sanitaria del COVID-19 - Villa Flores Mart\u00edn\" loading=\"lazy\" decoding=\"async\" class=\"alignleft size-full wp-image-1930\" src=\"https:\/\/www.villafloresmartin.com\/es\/wp-content\/uploads\/2020\/12\/suministro-el\u00e9ctrico-durante-la-crisis-sanitaria-del-COVID-19-scaled.jpg\"  alt=\"C\u00f3mo ha cambiado el suministro el\u00e9ctrico durante la crisis sanitaria del COVID-19 - Villa Flores Mart\u00edn\"  width=\"2560\" height=\"1279\" srcset=\"https:\/\/www.villafloresmartin.com\/es\/wp-content\/uploads\/2020\/12\/suministro-el\u00e9ctrico-durante-la-crisis-sanitaria-del-COVID-19-scaled.jpg 2560w, https:\/\/www.villafloresmartin.com\/es\/wp-content\/uploads\/2020\/12\/suministro-el\u00e9ctrico-durante-la-crisis-sanitaria-del-COVID-19-scaled-300x150.jpg 300w, https:\/\/www.villafloresmartin.com\/es\/wp-content\/uploads\/2020\/12\/suministro-el\u00e9ctrico-durante-la-crisis-sanitaria-del-COVID-19-scaled-1024x512.jpg 1024w, https:\/\/www.villafloresmartin.com\/es\/wp-content\/uploads\/2020\/12\/suministro-el\u00e9ctrico-durante-la-crisis-sanitaria-del-COVID-19-scaled-768x384.jpg 768w, https:\/\/www.villafloresmartin.com\/es\/wp-content\/uploads\/2020\/12\/suministro-el\u00e9ctrico-durante-la-crisis-sanitaria-del-COVID-19-scaled-1536x767.jpg 1536w, https:\/\/www.villafloresmartin.com\/es\/wp-content\/uploads\/2020\/12\/suministro-el\u00e9ctrico-durante-la-crisis-sanitaria-del-COVID-19-scaled-2048x1023.jpg 2048w, https:\/\/www.villafloresmartin.com\/es\/wp-content\/uploads\/2020\/12\/suministro-el\u00e9ctrico-durante-la-crisis-sanitaria-del-COVID-19-scaled-120x60.jpg 120w\" sizes=\"auto, (max-width: 2560px) 100vw, 2560px\" \/><span style=\"font-size: 1rem;\"><br \/>\nEl Covid19 ha removido los cimientos de todo el planeta en este 2020. Sin duda ha supuesto un antes y un despu\u00e9s para la poblaci\u00f3n. Y es que la crisis sanitaria y, posteriormente, econ\u00f3mica que ha generado est\u00e1 afectado a todos los aspectos de nuestra vida. En esta linea, es necesario poner de manifiesto que el <a href=\"https:\/\/www.villafloresmartin.com\/es\/trabajos-en-alta-tension\/\" target=\"_blank\" rel=\"noopener noreferrer\"><strong>suministro el\u00e9ctrico durante la crisis sanitaria del COVID-19<\/strong> <\/a>tambi\u00e9n se ha visto alterado debido a una situaci\u00f3n tan excepcional.<\/span><!--more--><\/p>\n<p>Si te interesa conocer<a href=\"https:\/\/www.villafloresmartin.com\/es\/puesta-en-marcha-de-servicios-electricos-tras-el-covid-19\/\" target=\"_blank\" rel=\"noopener noreferrer\"><strong> c\u00f3mo ha cambiado el suministro el\u00e9ctrico durante la crisis sanitaria del COVID-19<\/strong><\/a>\u2026 \u00a1sigue leyendo! Te lo contamos a continuaci\u00f3n.<\/p>\n<h2>Grandes cambios en el suministro el\u00e9ctrico durante la crisis sanitaria del COVID-19<\/h2>\n<p>Los cambios en el suministro el\u00e9ctrico durante la crisis sanitaria del COVID-19 tienen su <strong>efecto m\u00e1s inmediato en los precios.<\/strong> Pese a lo que en principio pueda parecer, los costes por electricidad mantienen una tendencia al alza. Entre los principales <strong>motivos<\/strong> de esta situaci\u00f3n se encuentran los siguientes:<\/p>\n<ul>\n<li>Los precios de los combustibles para la generaci\u00f3n de electricidad est\u00e1n muy altos.<\/li>\n<li>Las condiciones climatol\u00f3gicas han provocado que se dispare el consumo. Mucho calor en verano y descenso de temperaturas en los \u00faltimos meses del a\u00f1o.<\/li>\n<li>Aumento del coste de las emisiones de CO2.<\/li>\n<li>Descenso de la producci\u00f3n de energ\u00eda a trav\u00e9s de las renovables.<\/li>\n<\/ul>\n<p>Por su parte,<strong> en Espa\u00f1a, la demanda el\u00e9ctrica se ha visto tambi\u00e9n afectada.<\/strong> El consumo se mantiene estable e incluso podr\u00eda decirse que ha aumentado. El principal motivo de ello se debe a que estamos m\u00e1s tiempo en casa, por tanto gastamos m\u00e1s energ\u00eda.<\/p>\n<p>Es cierto que en la gran industria y empresas de determinados sectores su consumo de electricidad se ha visto reducido. Sin embargo, los periodos de confinamiento as\u00ed como los toques de queda han provocado que los hogares se est\u00e9n convirtiendo en los grandes consumidores de electricidad. Al pasar m\u00e1s horas en casa, ya sea por el teletrabajo o durante nuestro tiempo de ocio, consumimos m\u00e1s luz con el ordenador, la televisi\u00f3n, los electrodom\u00e9sticos, etc. Irremediablemente esto se traduce en la factura de la luz.<\/p>\n<p>En resumen, no cabe duda que el suministro el\u00e9ctrico durante la crisis sanitaria del COVID-19 se ha visto modificado.<\/p>\n<h2>Medidas para garantizar el suministro el\u00e9ctrico<\/h2>\n<p>En este sentido, la Administraci\u00f3n ha tomado cartas en el asunto y aprob\u00f3 el<a href=\"https:\/\/www.boe.es\/buscar\/act.php?id=BOE-A-2020-3692\" target=\"_blank\" rel=\"noopener noreferrer\"><strong> Real Decreto 463\/2020<\/strong><\/a> con el que se adoptaban medidas para garantizar el suministro de energ\u00eda el\u00e9ctrica, productos derivados del petr\u00f3leo y gas natural.<\/p>\n<p>Entre las principales decisiones en el campo de la electricidad cabe destacar el derecho que se estableci\u00f3 a percibir el llamado <a href=\"https:\/\/www.villafloresmartin.com\/es\/bono-social-electrico-para-empresas-y-autonomos\/\" target=\"_blank\" rel=\"noopener noreferrer\"><strong>Bono Social<\/strong><\/a> para los trabajadores aut\u00f3nomos que viesen cesada su actividad o hayan visto reducida su facturaci\u00f3n como consecuencia del Coronavirus.<\/p>\n<p><strong>Para poder acogerse, uno de los requisitos fundamentales es que las empresas o aut\u00f3nomos hayan visto disminuir su facturaci\u00f3n en un 75% con respecto al semestre anterior o, directamente, se hayan visto obligados a cesar su actividad.<\/strong><\/p>\n<p>Por su parte, en el \u00faltimo <a href=\"https:\/\/www.boe.es\/buscar\/doc.php?id=BOE-A-2017-11505\" target=\"_blank\" rel=\"noopener noreferrer\"><strong>Real Decreto 897\/2017<\/strong><\/a>, de 6 de octubre, se ha considerado tambi\u00e9n como consumidor vulnerable a todo titular de un punto de suministro de electricidad en su vivienda habitual que, siendo persona f\u00edsica, est\u00e9 acogido al precio voluntario para el peque\u00f1o consumidor (PVPC) y cumpla, adem\u00e1s, con una serie de requisitos que le imposibiliten hacer frente al servicio.<\/p>\n<p>Una serie de medidas para paliar los efectos de una crisis tan dura como la actual. Si quieres ampliar informaci\u00f3n al respecto, no dudes en <a href=\"https:\/\/www.villafloresmartin.com\/es\/contacto\/\" target=\"_blank\" rel=\"noopener noreferrer\"><strong>contactar con nosotros<\/strong><\/a>. Estaremos encantados de poder atenderte en<a href=\"https:\/\/www.villafloresmartin.com\/es\/\" target=\"_blank\" rel=\"noopener noreferrer\"><strong> Villa Flores Mart\u00edn.<\/strong><\/a><\/p>\n<p style=\"text-align: right;\">Fuente: <a href=\"https:\/\/www.planificacion-juridica.com\/es\/2020\/04\/afectacion-del-covid-19-sector-energetico\/\" target=\"_blank\" rel=\"noopener noreferrer\">Planificaci\u00f3n Jur\u00eddica<\/a><br \/>\nImagen: <a href=\"https:\/\/www.freepik.es\/foto-gratis\/empleados-mascarillas-trabajo_10817560.htm#page=1&amp;query=covid&amp;position=41\" target=\"_blank\" rel=\"noopener noreferrer\">Freepik<\/a><\/p>\n","protected":false},"excerpt":{"rendered":"<p>El Covid19 ha removido los cimientos de todo el planeta en este 2020. Sin duda ha supuesto un antes y un despu\u00e9s para la poblaci\u00f3n. Y es que la crisis sanitaria y, posteriormente, econ\u00f3mica que ha generado est\u00e1 afectado a todos los aspectos de nuestra vida. En esta linea, es necesario poner de manifiesto que [&#8230;]<\/p>\n<p><a class=\"btn btn-secondary understrap-read-more-link\" href=\"https:\/\/www.villafloresmartin.com\/es\/suministro-electrico-durante-la-crisis-sanitaria-del-covid-19\/\">Leer m\u00e1s&#8230;<\/a><\/p>\n","protected":false},"author":2,"featured_media":1930,"comment_status":"closed","ping_status":"closed","sticky":false,"template":"","format":"standard","meta":{"footnotes":""},"categories":[16],"tags":[39,40,38],"class_list":["post-1927","post","type-post","status-publish","format-standard","has-post-thumbnail","hentry","category-noticias","tag-empresa-de-distribucion-electrica","tag-empresa-instaladora-electrica","tag-suministro-electrico-durante-la-crisis-sanitaria-del-covid-19"],"yoast_head":"<!-- This site is optimized with the Yoast SEO plugin v26.9 - https:\/\/yoast.com\/product\/yoast-seo-wordpress\/ -->\n<title>As\u00ed cambia el suministro el\u00e9ctrico durante la crisis sanitaria del COVID-19<\/title>\n<meta name=\"description\" content=\"No cabe duda que el suministro el\u00e9ctrico durante la crisis sanitaria del... Suministro el\u00e9ctrico durante la crisis sanitaria del COVID-19\" \/>\n<meta name=\"robots\" content=\"index, follow, max-snippet:-1, max-image-preview:large, max-video-preview:-1\" \/>\n<link rel=\"canonical\" href=\"https:\/\/www.villafloresmartin.com\/es\/suministro-electrico-durante-la-crisis-sanitaria-del-covid-19\/\" \/>\n<meta property=\"og:locale\" content=\"es_ES\" \/>\n<meta property=\"og:type\" content=\"article\" \/>\n<meta property=\"og:title\" content=\"As\u00ed cambia el suministro el\u00e9ctrico durante la crisis sanitaria del COVID-19\" \/>\n<meta property=\"og:description\" content=\"No cabe duda que el suministro el\u00e9ctrico durante la crisis sanitaria del... Suministro el\u00e9ctrico durante la crisis sanitaria del COVID-19\" \/>\n<meta property=\"og:url\" content=\"https:\/\/www.villafloresmartin.com\/es\/suministro-electrico-durante-la-crisis-sanitaria-del-covid-19\/\" \/>\n<meta property=\"og:site_name\" content=\"Villa Flores Mart\u00edn\" \/>\n<meta property=\"article:published_time\" content=\"2020-11-25T19:08:03+00:00\" \/>\n<meta property=\"article:modified_time\" content=\"2022-03-25T11:51:35+00:00\" \/>\n<meta property=\"og:image\" content=\"https:\/\/www.villafloresmartin.com\/es\/wp-content\/uploads\/2020\/12\/suministro-el\u00e9ctrico-durante-la-crisis-sanitaria-del-COVID-19-scaled.jpg\" \/>\n\t<meta property=\"og:image:width\" content=\"2560\" \/>\n\t<meta property=\"og:image:height\" content=\"1279\" \/>\n\t<meta property=\"og:image:type\" content=\"image\/jpeg\" \/>\n<meta name=\"author\" content=\"admin\" \/>\n<meta name=\"twitter:label1\" content=\"Escrito por\" \/>\n\t<meta name=\"twitter:data1\" content=\"admin\" \/>\n\t<meta name=\"twitter:label2\" content=\"Tiempo de lectura\" \/>\n\t<meta name=\"twitter:data2\" content=\"3 minutos\" \/>\n<script type=\"application\/ld+json\" class=\"yoast-schema-graph\">{\"@context\":\"https:\/\/schema.org\",\"@graph\":[{\"@type\":\"Article\",\"@id\":\"https:\/\/www.villafloresmartin.com\/es\/suministro-electrico-durante-la-crisis-sanitaria-del-covid-19\/#article\",\"isPartOf\":{\"@id\":\"https:\/\/www.villafloresmartin.com\/es\/suministro-electrico-durante-la-crisis-sanitaria-del-covid-19\/\"},\"author\":{\"name\":\"admin\",\"@id\":\"https:\/\/www.villafloresmartin.com\/es\/#\/schema\/person\/c2292207708e96921697bf002f8828be\"},\"headline\":\"C\u00f3mo ha cambiado el suministro el\u00e9ctrico durante la crisis sanitaria del COVID-19\",\"datePublished\":\"2020-11-25T19:08:03+00:00\",\"dateModified\":\"2022-03-25T11:51:35+00:00\",\"mainEntityOfPage\":{\"@id\":\"https:\/\/www.villafloresmartin.com\/es\/suministro-electrico-durante-la-crisis-sanitaria-del-covid-19\/\"},\"wordCount\":647,\"image\":{\"@id\":\"https:\/\/www.villafloresmartin.com\/es\/suministro-electrico-durante-la-crisis-sanitaria-del-covid-19\/#primaryimage\"},\"thumbnailUrl\":\"https:\/\/www.villafloresmartin.com\/es\/wp-content\/uploads\/2020\/12\/suministro-el\u00e9ctrico-durante-la-crisis-sanitaria-del-COVID-19-scaled.jpg\",\"keywords\":[\"empresa de distribuci\u00f3n el\u00e9ctrica\",\"empresa instaladora el\u00e9ctrica\",\"suministro el\u00e9ctrico durante la crisis sanitaria del COVID-19\"],\"articleSection\":[\"Noticias\"],\"inLanguage\":\"es\"},{\"@type\":\"WebPage\",\"@id\":\"https:\/\/www.villafloresmartin.com\/es\/suministro-electrico-durante-la-crisis-sanitaria-del-covid-19\/\",\"url\":\"https:\/\/www.villafloresmartin.com\/es\/suministro-electrico-durante-la-crisis-sanitaria-del-covid-19\/\",\"name\":\"As\u00ed cambia el suministro el\u00e9ctrico durante la crisis sanitaria del COVID-19\",\"isPartOf\":{\"@id\":\"https:\/\/www.villafloresmartin.com\/es\/#website\"},\"primaryImageOfPage\":{\"@id\":\"https:\/\/www.villafloresmartin.com\/es\/suministro-electrico-durante-la-crisis-sanitaria-del-covid-19\/#primaryimage\"},\"image\":{\"@id\":\"https:\/\/www.villafloresmartin.com\/es\/suministro-electrico-durante-la-crisis-sanitaria-del-covid-19\/#primaryimage\"},\"thumbnailUrl\":\"https:\/\/www.villafloresmartin.com\/es\/wp-content\/uploads\/2020\/12\/suministro-el\u00e9ctrico-durante-la-crisis-sanitaria-del-COVID-19-scaled.jpg\",\"datePublished\":\"2020-11-25T19:08:03+00:00\",\"dateModified\":\"2022-03-25T11:51:35+00:00\",\"author\":{\"@id\":\"https:\/\/www.villafloresmartin.com\/es\/#\/schema\/person\/c2292207708e96921697bf002f8828be\"},\"description\":\"No cabe duda que el suministro el\u00e9ctrico durante la crisis sanitaria del... Suministro el\u00e9ctrico durante la crisis sanitaria del COVID-19\",\"breadcrumb\":{\"@id\":\"https:\/\/www.villafloresmartin.com\/es\/suministro-electrico-durante-la-crisis-sanitaria-del-covid-19\/#breadcrumb\"},\"inLanguage\":\"es\",\"potentialAction\":[{\"@type\":\"ReadAction\",\"target\":[\"https:\/\/www.villafloresmartin.com\/es\/suministro-electrico-durante-la-crisis-sanitaria-del-covid-19\/\"]}]},{\"@type\":\"ImageObject\",\"inLanguage\":\"es\",\"@id\":\"https:\/\/www.villafloresmartin.com\/es\/suministro-electrico-durante-la-crisis-sanitaria-del-covid-19\/#primaryimage\",\"url\":\"https:\/\/www.villafloresmartin.com\/es\/wp-content\/uploads\/2020\/12\/suministro-el\u00e9ctrico-durante-la-crisis-sanitaria-del-COVID-19-scaled.jpg\",\"contentUrl\":\"https:\/\/www.villafloresmartin.com\/es\/wp-content\/uploads\/2020\/12\/suministro-el\u00e9ctrico-durante-la-crisis-sanitaria-del-COVID-19-scaled.jpg\",\"width\":2560,\"height\":1279,\"caption\":\"suministro el\u00e9ctrico durante la crisis sanitaria del COVID-19\"},{\"@type\":\"BreadcrumbList\",\"@id\":\"https:\/\/www.villafloresmartin.com\/es\/suministro-electrico-durante-la-crisis-sanitaria-del-covid-19\/#breadcrumb\",\"itemListElement\":[{\"@type\":\"ListItem\",\"position\":1,\"name\":\"Portada\",\"item\":\"https:\/\/www.villafloresmartin.com\/es\/\"},{\"@type\":\"ListItem\",\"position\":2,\"name\":\"C\u00f3mo ha cambiado el suministro el\u00e9ctrico durante la crisis sanitaria del COVID-19\"}]},{\"@type\":\"WebSite\",\"@id\":\"https:\/\/www.villafloresmartin.com\/es\/#website\",\"url\":\"https:\/\/www.villafloresmartin.com\/es\/\",\"name\":\"Villa Flores Mart\u00edn\",\"description\":\"\",\"potentialAction\":[{\"@type\":\"SearchAction\",\"target\":{\"@type\":\"EntryPoint\",\"urlTemplate\":\"https:\/\/www.villafloresmartin.com\/es\/?s={search_term_string}\"},\"query-input\":{\"@type\":\"PropertyValueSpecification\",\"valueRequired\":true,\"valueName\":\"search_term_string\"}}],\"inLanguage\":\"es\"},{\"@type\":\"Person\",\"@id\":\"https:\/\/www.villafloresmartin.com\/es\/#\/schema\/person\/c2292207708e96921697bf002f8828be\",\"name\":\"admin\",\"image\":{\"@type\":\"ImageObject\",\"inLanguage\":\"es\",\"@id\":\"https:\/\/www.villafloresmartin.com\/es\/#\/schema\/person\/image\/\",\"url\":\"https:\/\/secure.gravatar.com\/avatar\/7982f03a93f66ccccbac0ad0746074089942e7448863241b5ddf94dec2148152?s=96&d=mm&r=g\",\"contentUrl\":\"https:\/\/secure.gravatar.com\/avatar\/7982f03a93f66ccccbac0ad0746074089942e7448863241b5ddf94dec2148152?s=96&d=mm&r=g\",\"caption\":\"admin\"}}]}<\/script>\n<!-- \/ Yoast SEO plugin. -->","yoast_head_json":{"title":"As\u00ed cambia el suministro el\u00e9ctrico durante la crisis sanitaria del COVID-19","description":"No cabe duda que el suministro el\u00e9ctrico durante la crisis sanitaria del... Suministro el\u00e9ctrico durante la crisis sanitaria del COVID-19","robots":{"index":"index","follow":"follow","max-snippet":"max-snippet:-1","max-image-preview":"max-image-preview:large","max-video-preview":"max-video-preview:-1"},"canonical":"https:\/\/www.villafloresmartin.com\/es\/suministro-electrico-durante-la-crisis-sanitaria-del-covid-19\/","og_locale":"es_ES","og_type":"article","og_title":"As\u00ed cambia el suministro el\u00e9ctrico durante la crisis sanitaria del COVID-19","og_description":"No cabe duda que el suministro el\u00e9ctrico durante la crisis sanitaria del... Suministro el\u00e9ctrico durante la crisis sanitaria del COVID-19","og_url":"https:\/\/www.villafloresmartin.com\/es\/suministro-electrico-durante-la-crisis-sanitaria-del-covid-19\/","og_site_name":"Villa Flores Mart\u00edn","article_published_time":"2020-11-25T19:08:03+00:00","article_modified_time":"2022-03-25T11:51:35+00:00","og_image":[{"width":2560,"height":1279,"url":"https:\/\/www.villafloresmartin.com\/es\/wp-content\/uploads\/2020\/12\/suministro-el\u00e9ctrico-durante-la-crisis-sanitaria-del-COVID-19-scaled.jpg","type":"image\/jpeg"}],"author":"admin","twitter_misc":{"Escrito por":"admin","Tiempo de lectura":"3 minutos"},"schema":{"@context":"https:\/\/schema.org","@graph":[{"@type":"Article","@id":"https:\/\/www.villafloresmartin.com\/es\/suministro-electrico-durante-la-crisis-sanitaria-del-covid-19\/#article","isPartOf":{"@id":"https:\/\/www.villafloresmartin.com\/es\/suministro-electrico-durante-la-crisis-sanitaria-del-covid-19\/"},"author":{"name":"admin","@id":"https:\/\/www.villafloresmartin.com\/es\/#\/schema\/person\/c2292207708e96921697bf002f8828be"},"headline":"C\u00f3mo ha cambiado el suministro el\u00e9ctrico durante la crisis sanitaria del COVID-19","datePublished":"2020-11-25T19:08:03+00:00","dateModified":"2022-03-25T11:51:35+00:00","mainEntityOfPage":{"@id":"https:\/\/www.villafloresmartin.com\/es\/suministro-electrico-durante-la-crisis-sanitaria-del-covid-19\/"},"wordCount":647,"image":{"@id":"https:\/\/www.villafloresmartin.com\/es\/suministro-electrico-durante-la-crisis-sanitaria-del-covid-19\/#primaryimage"},"thumbnailUrl":"https:\/\/www.villafloresmartin.com\/es\/wp-content\/uploads\/2020\/12\/suministro-el\u00e9ctrico-durante-la-crisis-sanitaria-del-COVID-19-scaled.jpg","keywords":["empresa de distribuci\u00f3n el\u00e9ctrica","empresa instaladora el\u00e9ctrica","suministro el\u00e9ctrico durante la crisis sanitaria del COVID-19"],"articleSection":["Noticias"],"inLanguage":"es"},{"@type":"WebPage","@id":"https:\/\/www.villafloresmartin.com\/es\/suministro-electrico-durante-la-crisis-sanitaria-del-covid-19\/","url":"https:\/\/www.villafloresmartin.com\/es\/suministro-electrico-durante-la-crisis-sanitaria-del-covid-19\/","name":"As\u00ed cambia el suministro el\u00e9ctrico durante la crisis sanitaria del COVID-19","isPartOf":{"@id":"https:\/\/www.villafloresmartin.com\/es\/#website"},"primaryImageOfPage":{"@id":"https:\/\/www.villafloresmartin.com\/es\/suministro-electrico-durante-la-crisis-sanitaria-del-covid-19\/#primaryimage"},"image":{"@id":"https:\/\/www.villafloresmartin.com\/es\/suministro-electrico-durante-la-crisis-sanitaria-del-covid-19\/#primaryimage"},"thumbnailUrl":"https:\/\/www.villafloresmartin.com\/es\/wp-content\/uploads\/2020\/12\/suministro-el\u00e9ctrico-durante-la-crisis-sanitaria-del-COVID-19-scaled.jpg","datePublished":"2020-11-25T19:08:03+00:00","dateModified":"2022-03-25T11:51:35+00:00","author":{"@id":"https:\/\/www.villafloresmartin.com\/es\/#\/schema\/person\/c2292207708e96921697bf002f8828be"},"description":"No cabe duda que el suministro el\u00e9ctrico durante la crisis sanitaria del... Suministro el\u00e9ctrico durante la crisis sanitaria del COVID-19","breadcrumb":{"@id":"https:\/\/www.villafloresmartin.com\/es\/suministro-electrico-durante-la-crisis-sanitaria-del-covid-19\/#breadcrumb"},"inLanguage":"es","potentialAction":[{"@type":"ReadAction","target":["https:\/\/www.villafloresmartin.com\/es\/suministro-electrico-durante-la-crisis-sanitaria-del-covid-19\/"]}]},{"@type":"ImageObject","inLanguage":"es","@id":"https:\/\/www.villafloresmartin.com\/es\/suministro-electrico-durante-la-crisis-sanitaria-del-covid-19\/#primaryimage","url":"https:\/\/www.villafloresmartin.com\/es\/wp-content\/uploads\/2020\/12\/suministro-el\u00e9ctrico-durante-la-crisis-sanitaria-del-COVID-19-scaled.jpg","contentUrl":"https:\/\/www.villafloresmartin.com\/es\/wp-content\/uploads\/2020\/12\/suministro-el\u00e9ctrico-durante-la-crisis-sanitaria-del-COVID-19-scaled.jpg","width":2560,"height":1279,"caption":"suministro el\u00e9ctrico durante la crisis sanitaria del COVID-19"},{"@type":"BreadcrumbList","@id":"https:\/\/www.villafloresmartin.com\/es\/suministro-electrico-durante-la-crisis-sanitaria-del-covid-19\/#breadcrumb","itemListElement":[{"@type":"ListItem","position":1,"name":"Portada","item":"https:\/\/www.villafloresmartin.com\/es\/"},{"@type":"ListItem","position":2,"name":"C\u00f3mo ha cambiado el suministro el\u00e9ctrico durante la crisis sanitaria del COVID-19"}]},{"@type":"WebSite","@id":"https:\/\/www.villafloresmartin.com\/es\/#website","url":"https:\/\/www.villafloresmartin.com\/es\/","name":"Villa Flores Mart\u00edn","description":"","potentialAction":[{"@type":"SearchAction","target":{"@type":"EntryPoint","urlTemplate":"https:\/\/www.villafloresmartin.com\/es\/?s={search_term_string}"},"query-input":{"@type":"PropertyValueSpecification","valueRequired":true,"valueName":"search_term_string"}}],"inLanguage":"es"},{"@type":"Person","@id":"https:\/\/www.villafloresmartin.com\/es\/#\/schema\/person\/c2292207708e96921697bf002f8828be","name":"admin","image":{"@type":"ImageObject","inLanguage":"es","@id":"https:\/\/www.villafloresmartin.com\/es\/#\/schema\/person\/image\/","url":"https:\/\/secure.gravatar.com\/avatar\/7982f03a93f66ccccbac0ad0746074089942e7448863241b5ddf94dec2148152?s=96&d=mm&r=g","contentUrl":"https:\/\/secure.gravatar.com\/avatar\/7982f03a93f66ccccbac0ad0746074089942e7448863241b5ddf94dec2148152?s=96&d=mm&r=g","caption":"admin"}}]}},"_links":{"self":[{"href":"https:\/\/www.villafloresmartin.com\/es\/wp-json\/wp\/v2\/posts\/1927","targetHints":{"allow":["GET"]}}],"collection":[{"href":"https:\/\/www.villafloresmartin.com\/es\/wp-json\/wp\/v2\/posts"}],"about":[{"href":"https:\/\/www.villafloresmartin.com\/es\/wp-json\/wp\/v2\/types\/post"}],"author":[{"embeddable":true,"href":"https:\/\/www.villafloresmartin.com\/es\/wp-json\/wp\/v2\/users\/2"}],"replies":[{"embeddable":true,"href":"https:\/\/www.villafloresmartin.com\/es\/wp-json\/wp\/v2\/comments?post=1927"}],"version-history":[{"count":0,"href":"https:\/\/www.villafloresmartin.com\/es\/wp-json\/wp\/v2\/posts\/1927\/revisions"}],"wp:featuredmedia":[{"embeddable":true,"href":"https:\/\/www.villafloresmartin.com\/es\/wp-json\/wp\/v2\/media\/1930"}],"wp:attachment":[{"href":"https:\/\/www.villafloresmartin.com\/es\/wp-json\/wp\/v2\/media?parent=1927"}],"wp:term":[{"taxonomy":"category","embeddable":true,"href":"https:\/\/www.villafloresmartin.com\/es\/wp-json\/wp\/v2\/categories?post=1927"},{"taxonomy":"post_tag","embeddable":true,"href":"https:\/\/www.villafloresmartin.com\/es\/wp-json\/wp\/v2\/tags?post=1927"}],"curies":[{"name":"wp","href":"https:\/\/api.w.org\/{rel}","templated":true}]}}