{"id":1903,"date":"2020-10-18T16:07:02","date_gmt":"2020-10-18T14:07:02","guid":{"rendered":"https:\/\/www.villafloresmartin.com\/es\/?p=1903"},"modified":"2022-03-25T12:51:36","modified_gmt":"2022-03-25T11:51:36","slug":"transicion-ecologica-en-el-plan-de-recuperacion-de-espana","status":"publish","type":"post","link":"https:\/\/www.villafloresmartin.com\/es\/transicion-ecologica-en-el-plan-de-recuperacion-de-espana\/","title":{"rendered":"La enorme presencia de la transici\u00f3n ecol\u00f3gica en el Plan de Recuperaci\u00f3n de Espa\u00f1a"},"content":{"rendered":"<p><img  title=\"La enorme presencia de la transici\u00f3n ecol\u00f3gica en el Plan de Recuperaci\u00f3n de Espa\u00f1a - Villa Flores Mart\u00edn\" loading=\"lazy\" decoding=\"async\" class=\"alignleft size-full wp-image-1906\" src=\"https:\/\/www.villafloresmartin.com\/es\/wp-content\/uploads\/2020\/10\/transici\u00f3n-ecol\u00f3gica-en-el-Plan-de-Recuperaci\u00f3n-de-Espa\u00f1a-scaled.jpg\"  alt=\"La enorme presencia de la transici\u00f3n ecol\u00f3gica en el Plan de Recuperaci\u00f3n de Espa\u00f1a - Villa Flores Mart\u00edn\"  width=\"2560\" height=\"1978\" srcset=\"https:\/\/www.villafloresmartin.com\/es\/wp-content\/uploads\/2020\/10\/transici\u00f3n-ecol\u00f3gica-en-el-Plan-de-Recuperaci\u00f3n-de-Espa\u00f1a-scaled.jpg 2560w, https:\/\/www.villafloresmartin.com\/es\/wp-content\/uploads\/2020\/10\/transici\u00f3n-ecol\u00f3gica-en-el-Plan-de-Recuperaci\u00f3n-de-Espa\u00f1a-scaled-300x232.jpg 300w, https:\/\/www.villafloresmartin.com\/es\/wp-content\/uploads\/2020\/10\/transici\u00f3n-ecol\u00f3gica-en-el-Plan-de-Recuperaci\u00f3n-de-Espa\u00f1a-scaled-1024x791.jpg 1024w, https:\/\/www.villafloresmartin.com\/es\/wp-content\/uploads\/2020\/10\/transici\u00f3n-ecol\u00f3gica-en-el-Plan-de-Recuperaci\u00f3n-de-Espa\u00f1a-scaled-768x593.jpg 768w, https:\/\/www.villafloresmartin.com\/es\/wp-content\/uploads\/2020\/10\/transici\u00f3n-ecol\u00f3gica-en-el-Plan-de-Recuperaci\u00f3n-de-Espa\u00f1a-scaled-1536x1187.jpg 1536w, https:\/\/www.villafloresmartin.com\/es\/wp-content\/uploads\/2020\/10\/transici\u00f3n-ecol\u00f3gica-en-el-Plan-de-Recuperaci\u00f3n-de-Espa\u00f1a-scaled-2048x1582.jpg 2048w, https:\/\/www.villafloresmartin.com\/es\/wp-content\/uploads\/2020\/10\/transici\u00f3n-ecol\u00f3gica-en-el-Plan-de-Recuperaci\u00f3n-de-Espa\u00f1a-scaled-78x60.jpg 78w\" sizes=\"auto, (max-width: 2560px) 100vw, 2560px\" \/><span style=\"font-size: 1rem;\"><br \/>\nA principios de este mes de octubre, el presidente del Gobierno, Pedro S\u00e1nchez, presentaba p\u00fablicamente el denominado: <a href=\"https:\/\/www.lamoncloa.gob.es\/presidente\/actividades\/Documents\/2020\/07102020_PlanRecuperacion.pdf\" target=\"_blank\" rel=\"noopener noreferrer\"><strong>`Plan de Recuperaci\u00f3n, Transformaci\u00f3n y Resiliencia de le Econom\u00eda espa\u00f1ola\u00b4.<\/strong><\/a> El ejecutivo pretende as\u00ed sentar las bases sobre las que se apoyar\u00e1n los pilares para recuperar el bienestar y dar un<a href=\"https:\/\/www.villafloresmartin.com\/es\/proyecto-de-ley-de-cambio-climatico-y-transicion-energetica\/\" target=\"_blank\" rel=\"noopener noreferrer\"><strong> impulso a la econom\u00eda de nuestro pa\u00eds tras la crisis sanitaria actual.<\/strong><\/a> Si bien, es necesario poner de manifiesto el enorme protagonismo que adquiere la transici\u00f3n ecol\u00f3gica en el Plan de Recuperaci\u00f3n de Espa\u00f1a. Te ampliamos la informaci\u00f3n a continuaci\u00f3n.<\/span><!--more--><\/p>\n<h2>Un anuncio muy esperado<\/h2>\n<p>El anuncio del `Plan de Recuperaci\u00f3n, Transformaci\u00f3n y Resiliencia de le Econom\u00eda espa\u00f1ola\u00b4 tuvo lugar en La Moncloa. Un acto al que acudieron todos los miembros del Gobierno, los embajadores de los pa\u00edses de la Uni\u00f3n Europea en Espa\u00f1a, as\u00ed como los agentes sociales, presidentes y altos ejecutivos de empresas espa\u00f1olas, medios de comunicaci\u00f3n y representantes de diferentes sectores de la sociedad.<\/p>\n<p>Seg\u00fan palabras de S\u00e1nchez, este Plan va a desencadenar en el inicio de la<strong> segunda gran modernizaci\u00f3n de la econom\u00eda espa\u00f1ola.<\/strong> \u201cUn Plan que va a permitir a Espa\u00f1a crecer de una nueva manera, sobre unos pilares mucho m\u00e1s robustos\u201d, expon\u00eda el presidente.<\/p>\n<p>Si bien, este Plan de Recuperaci\u00f3n se ha inspirado en los<a href=\"https:\/\/www.un.org\/sustainabledevelopment\/es\/objetivos-de-desarrollo-sostenible\/\" target=\"_blank\" rel=\"noopener noreferrer\"><strong> Objetivos de Desarrollo Sostenible de las Naciones Unidas<\/strong> <\/a>y en las pautas marcadas en la<a href=\"https:\/\/www.mineco.gob.es\/stfls\/mineco\/ministerio\/ficheros\/190208_agenda_del_cambio.pdf\" target=\"_blank\" rel=\"noopener noreferrer\"><strong> Agenda del Cambio de 2030<\/strong><\/a>. Los recursos financieros llegar\u00e1n del instrumento comunitario Next Generation EU. Para ello se movilizar\u00e1n cerca de 72.000 millones de euros entre 2021 y 2023. En esta l\u00ednea, la inversi\u00f3n \u201cverde\u201d supone m\u00e1s del 37% del total del Plan. Seguida por la digitalizaci\u00f3n con cerca del 33%.<\/p>\n<h2>La presencia de la transici\u00f3n ecol\u00f3gica en el Plan de Recuperaci\u00f3n de Espa\u00f1a<\/h2>\n<p>Las cuatro lineas de trabajo que ha marcado el Gobierno de Espa\u00f1a para los pr\u00f3ximos a\u00f1os son la<strong> transici\u00f3n ecol\u00f3gica, la transformaci\u00f3n digital, la igualdad de genero y la cohesi\u00f3n social y territorial.<\/strong><\/p>\n<p>Por su parte, el Fondo de Recuperaci\u00f3n Europeo consta de dos instrumentos a trav\u00e9s de los cuales se canalizar\u00e1n los recursos. Por un lado, la Facilidad para la Recuperaci\u00f3n y la Resiliencia, que concentra el grueso con<strong> 59.000 millones<\/strong> en transferencias. Y, por otro lado, el REACT-EU que permite a Espa\u00f1a obtener financiaci\u00f3n por un importe de 12.400 millones.<\/p>\n<p><strong>La inversi\u00f3n en transici\u00f3n ecol\u00f3gica en el Plan de Recuperaci\u00f3n de Espa\u00f1a supondr\u00e1 m\u00e1s del 37% del total.<\/strong><\/p>\n<p>Entre las principales medidas destacan la apuesta por la descarbonizaci\u00f3n de la energ\u00eda en Espa\u00f1a potenciando las energ\u00edas renovables. Tambi\u00e9n se contemplan proyectos para fomentar la conservaci\u00f3n y la restauraci\u00f3n de los ecosistemas. Fomentar la biodiversidad movilizando recursos para mejorar la infraestructura verde.<\/p>\n<p>En el caso de las energ\u00edas renovables, se pretende seguir al alza en cuanto al n\u00famero de <a href=\"https:\/\/www.villafloresmartin.com\/es\/motivos-para-instalar-autoconsumo-fotovoltaico\/\" target=\"_blank\" rel=\"noopener noreferrer\"><strong>instalaciones relacionadas con este tipo de energ\u00edas m\u00e1s sostenibles<\/strong><\/a>. En nuestro caso, estamos <a href=\"https:\/\/www.villafloresmartin.com\/es\/empresa-certificada-aenor-sistemas-fotovoltaicos\/\" target=\"_blank\" rel=\"noopener noreferrer\"><strong>certificados para el montaje de sistemas de autoconsumo fotovoltaico.<\/strong><\/a> La energ\u00eda solar ha experimentado un nuevo renacer en los \u00faltimos a\u00f1os. Se ha convertido en una alternativa fiable para los hogares y las empresas, ya que les permite ahorrar una considerable cifra en sus facturas de la luz.<\/p>\n<p>Si quieres ampliar informaci\u00f3n sobre nuestro servicio de instalaci\u00f3n de placas solares para grandes proyectos, no dudes en <a href=\"https:\/\/www.villafloresmartin.com\/es\/contacto\/\" target=\"_blank\" rel=\"noopener noreferrer\"><strong>contactar con nosotros<\/strong><\/a>. Nuestro personal t\u00e9cnico estar\u00e1 encantado de poder ayudarte y hacer un proyecto a la medida de tus necesidades.<\/p>\n<p>&nbsp;<\/p>\n<p style=\"text-align: right;\">Fuente: <a href=\"https:\/\/www.iagua.es\/noticias\/moncloa\/plan-recuperacion-lluvia-millones-acelerar-transicion-ecologica-espana\" target=\"_blank\" rel=\"noopener noreferrer\">Iagua<\/a><br \/>\nImagen: <a href=\"https:\/\/www.freepik.es\/fotos-premium\/energia-verde-cesped-enchufe-electrico_10664692.htm#page=1&amp;query=transici%C3%B3n%20ecologica&amp;position=0\" target=\"_blank\" rel=\"noopener noreferrer\">Freepik<\/a><\/p>\n","protected":false},"excerpt":{"rendered":"<p>A principios de este mes de octubre, el presidente del Gobierno, Pedro S\u00e1nchez, presentaba p\u00fablicamente el denominado: `Plan de Recuperaci\u00f3n, Transformaci\u00f3n y Resiliencia de le Econom\u00eda espa\u00f1ola\u00b4. El ejecutivo pretende as\u00ed sentar las bases sobre las que se apoyar\u00e1n los pilares para recuperar el bienestar y dar un impulso a la econom\u00eda de nuestro pa\u00eds [&#8230;]<\/p>\n<p><a class=\"btn btn-secondary understrap-read-more-link\" href=\"https:\/\/www.villafloresmartin.com\/es\/transicion-ecologica-en-el-plan-de-recuperacion-de-espana\/\">Leer m\u00e1s&#8230;<\/a><\/p>\n","protected":false},"author":2,"featured_media":1906,"comment_status":"closed","ping_status":"closed","sticky":false,"template":"","format":"standard","meta":{"footnotes":""},"categories":[16],"tags":[25,18,34,33,32],"class_list":["post-1903","post","type-post","status-publish","format-standard","has-post-thumbnail","hentry","category-noticias","tag-autoconsumo-fotovoltaico","tag-energias-renovables","tag-plan-de-recuperacion-de-espana","tag-transicion-ecologica","tag-transicion-ecologica-en-el-plan-de-recuperacion-de-espana"],"yoast_head":"<!-- This site is optimized with the Yoast SEO plugin v26.9 - https:\/\/yoast.com\/product\/yoast-seo-wordpress\/ -->\n<title>Presencia de transici\u00f3n ecol\u00f3gica en el Plan de Recuperaci\u00f3n de Espa\u00f1a<\/title>\n<meta name=\"description\" content=\"La inversi\u00f3n en transici\u00f3n ecol\u00f3gica en el Plan de Recuperaci\u00f3n de Espa\u00f1a supondr\u00e1 m\u00e1s del 37% del total. Esto pone e manifiesto...\" \/>\n<meta name=\"robots\" content=\"index, follow, max-snippet:-1, max-image-preview:large, max-video-preview:-1\" \/>\n<link rel=\"canonical\" href=\"https:\/\/www.villafloresmartin.com\/es\/transicion-ecologica-en-el-plan-de-recuperacion-de-espana\/\" \/>\n<meta property=\"og:locale\" content=\"es_ES\" \/>\n<meta property=\"og:type\" content=\"article\" \/>\n<meta property=\"og:title\" content=\"Presencia de transici\u00f3n ecol\u00f3gica en el Plan de Recuperaci\u00f3n de Espa\u00f1a\" \/>\n<meta property=\"og:description\" content=\"La inversi\u00f3n en transici\u00f3n ecol\u00f3gica en el Plan de Recuperaci\u00f3n de Espa\u00f1a supondr\u00e1 m\u00e1s del 37% del total. Esto pone e manifiesto...\" \/>\n<meta property=\"og:url\" content=\"https:\/\/www.villafloresmartin.com\/es\/transicion-ecologica-en-el-plan-de-recuperacion-de-espana\/\" \/>\n<meta property=\"og:site_name\" content=\"Villa Flores Mart\u00edn\" \/>\n<meta property=\"article:published_time\" content=\"2020-10-18T14:07:02+00:00\" \/>\n<meta property=\"article:modified_time\" content=\"2022-03-25T11:51:36+00:00\" \/>\n<meta property=\"og:image\" content=\"https:\/\/www.villafloresmartin.com\/es\/wp-content\/uploads\/2020\/10\/transici\u00f3n-ecol\u00f3gica-en-el-Plan-de-Recuperaci\u00f3n-de-Espa\u00f1a-scaled.jpg\" \/>\n\t<meta property=\"og:image:width\" content=\"2560\" \/>\n\t<meta property=\"og:image:height\" content=\"1978\" \/>\n\t<meta property=\"og:image:type\" content=\"image\/jpeg\" \/>\n<meta name=\"author\" content=\"admin\" \/>\n<meta name=\"twitter:label1\" content=\"Escrito por\" \/>\n\t<meta name=\"twitter:data1\" content=\"admin\" \/>\n\t<meta name=\"twitter:label2\" content=\"Tiempo de lectura\" \/>\n\t<meta name=\"twitter:data2\" content=\"3 minutos\" \/>\n<script type=\"application\/ld+json\" class=\"yoast-schema-graph\">{\"@context\":\"https:\/\/schema.org\",\"@graph\":[{\"@type\":\"Article\",\"@id\":\"https:\/\/www.villafloresmartin.com\/es\/transicion-ecologica-en-el-plan-de-recuperacion-de-espana\/#article\",\"isPartOf\":{\"@id\":\"https:\/\/www.villafloresmartin.com\/es\/transicion-ecologica-en-el-plan-de-recuperacion-de-espana\/\"},\"author\":{\"name\":\"admin\",\"@id\":\"https:\/\/www.villafloresmartin.com\/es\/#\/schema\/person\/c2292207708e96921697bf002f8828be\"},\"headline\":\"La enorme presencia de la transici\u00f3n ecol\u00f3gica en el Plan de Recuperaci\u00f3n de Espa\u00f1a\",\"datePublished\":\"2020-10-18T14:07:02+00:00\",\"dateModified\":\"2022-03-25T11:51:36+00:00\",\"mainEntityOfPage\":{\"@id\":\"https:\/\/www.villafloresmartin.com\/es\/transicion-ecologica-en-el-plan-de-recuperacion-de-espana\/\"},\"wordCount\":649,\"image\":{\"@id\":\"https:\/\/www.villafloresmartin.com\/es\/transicion-ecologica-en-el-plan-de-recuperacion-de-espana\/#primaryimage\"},\"thumbnailUrl\":\"https:\/\/www.villafloresmartin.com\/es\/wp-content\/uploads\/2020\/10\/transici\u00f3n-ecol\u00f3gica-en-el-Plan-de-Recuperaci\u00f3n-de-Espa\u00f1a-scaled.jpg\",\"keywords\":[\"autoconsumo fotovoltaico\",\"energ\u00edas renovables\",\"plan de recuperacion de espa\u00f1a\",\"transici\u00f3n ecol\u00f3gica\",\"transici\u00f3n ecol\u00f3gica en el Plan de Recuperaci\u00f3n de Espa\u00f1a\"],\"articleSection\":[\"Noticias\"],\"inLanguage\":\"es\"},{\"@type\":\"WebPage\",\"@id\":\"https:\/\/www.villafloresmartin.com\/es\/transicion-ecologica-en-el-plan-de-recuperacion-de-espana\/\",\"url\":\"https:\/\/www.villafloresmartin.com\/es\/transicion-ecologica-en-el-plan-de-recuperacion-de-espana\/\",\"name\":\"Presencia de transici\u00f3n ecol\u00f3gica en el Plan de Recuperaci\u00f3n de Espa\u00f1a\",\"isPartOf\":{\"@id\":\"https:\/\/www.villafloresmartin.com\/es\/#website\"},\"primaryImageOfPage\":{\"@id\":\"https:\/\/www.villafloresmartin.com\/es\/transicion-ecologica-en-el-plan-de-recuperacion-de-espana\/#primaryimage\"},\"image\":{\"@id\":\"https:\/\/www.villafloresmartin.com\/es\/transicion-ecologica-en-el-plan-de-recuperacion-de-espana\/#primaryimage\"},\"thumbnailUrl\":\"https:\/\/www.villafloresmartin.com\/es\/wp-content\/uploads\/2020\/10\/transici\u00f3n-ecol\u00f3gica-en-el-Plan-de-Recuperaci\u00f3n-de-Espa\u00f1a-scaled.jpg\",\"datePublished\":\"2020-10-18T14:07:02+00:00\",\"dateModified\":\"2022-03-25T11:51:36+00:00\",\"author\":{\"@id\":\"https:\/\/www.villafloresmartin.com\/es\/#\/schema\/person\/c2292207708e96921697bf002f8828be\"},\"description\":\"La inversi\u00f3n en transici\u00f3n ecol\u00f3gica en el Plan de Recuperaci\u00f3n de Espa\u00f1a supondr\u00e1 m\u00e1s del 37% del total. Esto pone e manifiesto...\",\"breadcrumb\":{\"@id\":\"https:\/\/www.villafloresmartin.com\/es\/transicion-ecologica-en-el-plan-de-recuperacion-de-espana\/#breadcrumb\"},\"inLanguage\":\"es\",\"potentialAction\":[{\"@type\":\"ReadAction\",\"target\":[\"https:\/\/www.villafloresmartin.com\/es\/transicion-ecologica-en-el-plan-de-recuperacion-de-espana\/\"]}]},{\"@type\":\"ImageObject\",\"inLanguage\":\"es\",\"@id\":\"https:\/\/www.villafloresmartin.com\/es\/transicion-ecologica-en-el-plan-de-recuperacion-de-espana\/#primaryimage\",\"url\":\"https:\/\/www.villafloresmartin.com\/es\/wp-content\/uploads\/2020\/10\/transici\u00f3n-ecol\u00f3gica-en-el-Plan-de-Recuperaci\u00f3n-de-Espa\u00f1a-scaled.jpg\",\"contentUrl\":\"https:\/\/www.villafloresmartin.com\/es\/wp-content\/uploads\/2020\/10\/transici\u00f3n-ecol\u00f3gica-en-el-Plan-de-Recuperaci\u00f3n-de-Espa\u00f1a-scaled.jpg\",\"width\":2560,\"height\":1978,\"caption\":\"transici\u00f3n ecol\u00f3gica en el Plan de Recuperaci\u00f3n de Espa\u00f1a\"},{\"@type\":\"BreadcrumbList\",\"@id\":\"https:\/\/www.villafloresmartin.com\/es\/transicion-ecologica-en-el-plan-de-recuperacion-de-espana\/#breadcrumb\",\"itemListElement\":[{\"@type\":\"ListItem\",\"position\":1,\"name\":\"Portada\",\"item\":\"https:\/\/www.villafloresmartin.com\/es\/\"},{\"@type\":\"ListItem\",\"position\":2,\"name\":\"La enorme presencia de la transici\u00f3n ecol\u00f3gica en el Plan de Recuperaci\u00f3n de Espa\u00f1a\"}]},{\"@type\":\"WebSite\",\"@id\":\"https:\/\/www.villafloresmartin.com\/es\/#website\",\"url\":\"https:\/\/www.villafloresmartin.com\/es\/\",\"name\":\"Villa Flores Mart\u00edn\",\"description\":\"\",\"potentialAction\":[{\"@type\":\"SearchAction\",\"target\":{\"@type\":\"EntryPoint\",\"urlTemplate\":\"https:\/\/www.villafloresmartin.com\/es\/?s={search_term_string}\"},\"query-input\":{\"@type\":\"PropertyValueSpecification\",\"valueRequired\":true,\"valueName\":\"search_term_string\"}}],\"inLanguage\":\"es\"},{\"@type\":\"Person\",\"@id\":\"https:\/\/www.villafloresmartin.com\/es\/#\/schema\/person\/c2292207708e96921697bf002f8828be\",\"name\":\"admin\",\"image\":{\"@type\":\"ImageObject\",\"inLanguage\":\"es\",\"@id\":\"https:\/\/www.villafloresmartin.com\/es\/#\/schema\/person\/image\/\",\"url\":\"https:\/\/secure.gravatar.com\/avatar\/7982f03a93f66ccccbac0ad0746074089942e7448863241b5ddf94dec2148152?s=96&d=mm&r=g\",\"contentUrl\":\"https:\/\/secure.gravatar.com\/avatar\/7982f03a93f66ccccbac0ad0746074089942e7448863241b5ddf94dec2148152?s=96&d=mm&r=g\",\"caption\":\"admin\"}}]}<\/script>\n<!-- \/ Yoast SEO plugin. -->","yoast_head_json":{"title":"Presencia de transici\u00f3n ecol\u00f3gica en el Plan de Recuperaci\u00f3n de Espa\u00f1a","description":"La inversi\u00f3n en transici\u00f3n ecol\u00f3gica en el Plan de Recuperaci\u00f3n de Espa\u00f1a supondr\u00e1 m\u00e1s del 37% del total. Esto pone e manifiesto...","robots":{"index":"index","follow":"follow","max-snippet":"max-snippet:-1","max-image-preview":"max-image-preview:large","max-video-preview":"max-video-preview:-1"},"canonical":"https:\/\/www.villafloresmartin.com\/es\/transicion-ecologica-en-el-plan-de-recuperacion-de-espana\/","og_locale":"es_ES","og_type":"article","og_title":"Presencia de transici\u00f3n ecol\u00f3gica en el Plan de Recuperaci\u00f3n de Espa\u00f1a","og_description":"La inversi\u00f3n en transici\u00f3n ecol\u00f3gica en el Plan de Recuperaci\u00f3n de Espa\u00f1a supondr\u00e1 m\u00e1s del 37% del total. Esto pone e manifiesto...","og_url":"https:\/\/www.villafloresmartin.com\/es\/transicion-ecologica-en-el-plan-de-recuperacion-de-espana\/","og_site_name":"Villa Flores Mart\u00edn","article_published_time":"2020-10-18T14:07:02+00:00","article_modified_time":"2022-03-25T11:51:36+00:00","og_image":[{"width":2560,"height":1978,"url":"https:\/\/www.villafloresmartin.com\/es\/wp-content\/uploads\/2020\/10\/transici\u00f3n-ecol\u00f3gica-en-el-Plan-de-Recuperaci\u00f3n-de-Espa\u00f1a-scaled.jpg","type":"image\/jpeg"}],"author":"admin","twitter_misc":{"Escrito por":"admin","Tiempo de lectura":"3 minutos"},"schema":{"@context":"https:\/\/schema.org","@graph":[{"@type":"Article","@id":"https:\/\/www.villafloresmartin.com\/es\/transicion-ecologica-en-el-plan-de-recuperacion-de-espana\/#article","isPartOf":{"@id":"https:\/\/www.villafloresmartin.com\/es\/transicion-ecologica-en-el-plan-de-recuperacion-de-espana\/"},"author":{"name":"admin","@id":"https:\/\/www.villafloresmartin.com\/es\/#\/schema\/person\/c2292207708e96921697bf002f8828be"},"headline":"La enorme presencia de la transici\u00f3n ecol\u00f3gica en el Plan de Recuperaci\u00f3n de Espa\u00f1a","datePublished":"2020-10-18T14:07:02+00:00","dateModified":"2022-03-25T11:51:36+00:00","mainEntityOfPage":{"@id":"https:\/\/www.villafloresmartin.com\/es\/transicion-ecologica-en-el-plan-de-recuperacion-de-espana\/"},"wordCount":649,"image":{"@id":"https:\/\/www.villafloresmartin.com\/es\/transicion-ecologica-en-el-plan-de-recuperacion-de-espana\/#primaryimage"},"thumbnailUrl":"https:\/\/www.villafloresmartin.com\/es\/wp-content\/uploads\/2020\/10\/transici\u00f3n-ecol\u00f3gica-en-el-Plan-de-Recuperaci\u00f3n-de-Espa\u00f1a-scaled.jpg","keywords":["autoconsumo fotovoltaico","energ\u00edas renovables","plan de recuperacion de espa\u00f1a","transici\u00f3n ecol\u00f3gica","transici\u00f3n ecol\u00f3gica en el Plan de Recuperaci\u00f3n de Espa\u00f1a"],"articleSection":["Noticias"],"inLanguage":"es"},{"@type":"WebPage","@id":"https:\/\/www.villafloresmartin.com\/es\/transicion-ecologica-en-el-plan-de-recuperacion-de-espana\/","url":"https:\/\/www.villafloresmartin.com\/es\/transicion-ecologica-en-el-plan-de-recuperacion-de-espana\/","name":"Presencia de transici\u00f3n ecol\u00f3gica en el Plan de Recuperaci\u00f3n de Espa\u00f1a","isPartOf":{"@id":"https:\/\/www.villafloresmartin.com\/es\/#website"},"primaryImageOfPage":{"@id":"https:\/\/www.villafloresmartin.com\/es\/transicion-ecologica-en-el-plan-de-recuperacion-de-espana\/#primaryimage"},"image":{"@id":"https:\/\/www.villafloresmartin.com\/es\/transicion-ecologica-en-el-plan-de-recuperacion-de-espana\/#primaryimage"},"thumbnailUrl":"https:\/\/www.villafloresmartin.com\/es\/wp-content\/uploads\/2020\/10\/transici\u00f3n-ecol\u00f3gica-en-el-Plan-de-Recuperaci\u00f3n-de-Espa\u00f1a-scaled.jpg","datePublished":"2020-10-18T14:07:02+00:00","dateModified":"2022-03-25T11:51:36+00:00","author":{"@id":"https:\/\/www.villafloresmartin.com\/es\/#\/schema\/person\/c2292207708e96921697bf002f8828be"},"description":"La inversi\u00f3n en transici\u00f3n ecol\u00f3gica en el Plan de Recuperaci\u00f3n de Espa\u00f1a supondr\u00e1 m\u00e1s del 37% del total. Esto pone e manifiesto...","breadcrumb":{"@id":"https:\/\/www.villafloresmartin.com\/es\/transicion-ecologica-en-el-plan-de-recuperacion-de-espana\/#breadcrumb"},"inLanguage":"es","potentialAction":[{"@type":"ReadAction","target":["https:\/\/www.villafloresmartin.com\/es\/transicion-ecologica-en-el-plan-de-recuperacion-de-espana\/"]}]},{"@type":"ImageObject","inLanguage":"es","@id":"https:\/\/www.villafloresmartin.com\/es\/transicion-ecologica-en-el-plan-de-recuperacion-de-espana\/#primaryimage","url":"https:\/\/www.villafloresmartin.com\/es\/wp-content\/uploads\/2020\/10\/transici\u00f3n-ecol\u00f3gica-en-el-Plan-de-Recuperaci\u00f3n-de-Espa\u00f1a-scaled.jpg","contentUrl":"https:\/\/www.villafloresmartin.com\/es\/wp-content\/uploads\/2020\/10\/transici\u00f3n-ecol\u00f3gica-en-el-Plan-de-Recuperaci\u00f3n-de-Espa\u00f1a-scaled.jpg","width":2560,"height":1978,"caption":"transici\u00f3n ecol\u00f3gica en el Plan de Recuperaci\u00f3n de Espa\u00f1a"},{"@type":"BreadcrumbList","@id":"https:\/\/www.villafloresmartin.com\/es\/transicion-ecologica-en-el-plan-de-recuperacion-de-espana\/#breadcrumb","itemListElement":[{"@type":"ListItem","position":1,"name":"Portada","item":"https:\/\/www.villafloresmartin.com\/es\/"},{"@type":"ListItem","position":2,"name":"La enorme presencia de la transici\u00f3n ecol\u00f3gica en el Plan de Recuperaci\u00f3n de Espa\u00f1a"}]},{"@type":"WebSite","@id":"https:\/\/www.villafloresmartin.com\/es\/#website","url":"https:\/\/www.villafloresmartin.com\/es\/","name":"Villa Flores Mart\u00edn","description":"","potentialAction":[{"@type":"SearchAction","target":{"@type":"EntryPoint","urlTemplate":"https:\/\/www.villafloresmartin.com\/es\/?s={search_term_string}"},"query-input":{"@type":"PropertyValueSpecification","valueRequired":true,"valueName":"search_term_string"}}],"inLanguage":"es"},{"@type":"Person","@id":"https:\/\/www.villafloresmartin.com\/es\/#\/schema\/person\/c2292207708e96921697bf002f8828be","name":"admin","image":{"@type":"ImageObject","inLanguage":"es","@id":"https:\/\/www.villafloresmartin.com\/es\/#\/schema\/person\/image\/","url":"https:\/\/secure.gravatar.com\/avatar\/7982f03a93f66ccccbac0ad0746074089942e7448863241b5ddf94dec2148152?s=96&d=mm&r=g","contentUrl":"https:\/\/secure.gravatar.com\/avatar\/7982f03a93f66ccccbac0ad0746074089942e7448863241b5ddf94dec2148152?s=96&d=mm&r=g","caption":"admin"}}]}},"_links":{"self":[{"href":"https:\/\/www.villafloresmartin.com\/es\/wp-json\/wp\/v2\/posts\/1903","targetHints":{"allow":["GET"]}}],"collection":[{"href":"https:\/\/www.villafloresmartin.com\/es\/wp-json\/wp\/v2\/posts"}],"about":[{"href":"https:\/\/www.villafloresmartin.com\/es\/wp-json\/wp\/v2\/types\/post"}],"author":[{"embeddable":true,"href":"https:\/\/www.villafloresmartin.com\/es\/wp-json\/wp\/v2\/users\/2"}],"replies":[{"embeddable":true,"href":"https:\/\/www.villafloresmartin.com\/es\/wp-json\/wp\/v2\/comments?post=1903"}],"version-history":[{"count":0,"href":"https:\/\/www.villafloresmartin.com\/es\/wp-json\/wp\/v2\/posts\/1903\/revisions"}],"wp:featuredmedia":[{"embeddable":true,"href":"https:\/\/www.villafloresmartin.com\/es\/wp-json\/wp\/v2\/media\/1906"}],"wp:attachment":[{"href":"https:\/\/www.villafloresmartin.com\/es\/wp-json\/wp\/v2\/media?parent=1903"}],"wp:term":[{"taxonomy":"category","embeddable":true,"href":"https:\/\/www.villafloresmartin.com\/es\/wp-json\/wp\/v2\/categories?post=1903"},{"taxonomy":"post_tag","embeddable":true,"href":"https:\/\/www.villafloresmartin.com\/es\/wp-json\/wp\/v2\/tags?post=1903"}],"curies":[{"name":"wp","href":"https:\/\/api.w.org\/{rel}","templated":true}]}}