{"id":1859,"date":"2020-07-30T13:05:42","date_gmt":"2020-07-30T11:05:42","guid":{"rendered":"https:\/\/www.villafloresmartin.com\/es\/?p=1859"},"modified":"2022-03-25T12:51:36","modified_gmt":"2022-03-25T11:51:36","slug":"compensacion-de-excedentes","status":"publish","type":"post","link":"https:\/\/www.villafloresmartin.com\/es\/compensacion-de-excedentes\/","title":{"rendered":"La compensaci\u00f3n de excedentes es ya toda una realidad"},"content":{"rendered":"<p><img  title=\"La compensaci\u00f3n de excedentes es ya toda una realidad - Villa Flores Mart\u00edn\" loading=\"lazy\" decoding=\"async\" class=\"alignleft size-full wp-image-1862\" src=\"https:\/\/www.villafloresmartin.com\/es\/wp-content\/uploads\/2020\/07\/compensaci\u00f3n-de-excedentes-scaled.jpg\"  alt=\"La compensaci\u00f3n de excedentes es ya toda una realidad - Villa Flores Mart\u00edn\"  width=\"2560\" height=\"1707\" srcset=\"https:\/\/www.villafloresmartin.com\/es\/wp-content\/uploads\/2020\/07\/compensaci\u00f3n-de-excedentes-scaled.jpg 2560w, https:\/\/www.villafloresmartin.com\/es\/wp-content\/uploads\/2020\/07\/compensaci\u00f3n-de-excedentes-scaled-300x200.jpg 300w, https:\/\/www.villafloresmartin.com\/es\/wp-content\/uploads\/2020\/07\/compensaci\u00f3n-de-excedentes-scaled-1024x683.jpg 1024w, https:\/\/www.villafloresmartin.com\/es\/wp-content\/uploads\/2020\/07\/compensaci\u00f3n-de-excedentes-scaled-768x512.jpg 768w, https:\/\/www.villafloresmartin.com\/es\/wp-content\/uploads\/2020\/07\/compensaci\u00f3n-de-excedentes-scaled-1536x1024.jpg 1536w, https:\/\/www.villafloresmartin.com\/es\/wp-content\/uploads\/2020\/07\/compensaci\u00f3n-de-excedentes-scaled-2048x1366.jpg 2048w, https:\/\/www.villafloresmartin.com\/es\/wp-content\/uploads\/2020\/07\/compensaci\u00f3n-de-excedentes-scaled-90x60.jpg 90w\" sizes=\"auto, (max-width: 2560px) 100vw, 2560px\" \/><\/p>\n<p><strong>A\u00f1os es lo que llevaba el sector de las energ\u00edas renovables demandando una compensaci\u00f3n de excedentes por la energ\u00eda no consumida que se vert\u00eda a la red.<\/strong> Pues bien, el pasado mes de marzo esta petici\u00f3n era por fin atendida por el Gobierno de Espa\u00f1a. Entr\u00f3 as\u00ed en vigor las medidas de liquidaci\u00f3n adaptadas al<a href=\"https:\/\/www.boe.es\/diario_boe\/txt.php?id=BOE-A-2019-5089\" target=\"_blank\" rel=\"noopener noreferrer\"><strong> Real Decreto 244\/2019.<\/strong><\/a><!--more--><\/p>\n<p>No hay que olvidar que<a href=\"https:\/\/www.villafloresmartin.com\/es\/ventajas-del-autoconsumo-fotovoltaico-para-las-empresas\/\" target=\"_blank\" rel=\"noopener noreferrer\"><strong> las instalaciones de autoconsumo fotovoltaico se han disparado en nuestro pa\u00eds<\/strong><\/a>. Tanto es as\u00ed que en 2019 se duplicaron alcanzando los 459 MW. Asimismo, se prev\u00e9 que esta cifra siga creciendo exponencialmente en los pr\u00f3ximos ejercicios hasta llegar a los 3 GW aproximadamente.<\/p>\n<p>Ante este escenario, no es de extra\u00f1ar que <a href=\"https:\/\/www.villafloresmartin.com\/es\/proyecto-de-ley-de-cambio-climatico-y-transicion-energetica\/\" target=\"_blank\" rel=\"noopener noreferrer\"><strong>el Ejecutivo haya apostado firmemente por la \u201cEnerg\u00eda Verde\u201d<\/strong><\/a>. Adem\u00e1s, desde la Uni\u00f3n Europea todos los esfuerzos tambi\u00e9n est\u00e1n yendo destinados al fomento de un consumo m\u00e1s responsable con el medio ambiente.<\/p>\n<p>Con todos estos factores encima de la mesa, la nueva normativa de compensaci\u00f3n de excedentes recoge la regulaci\u00f3n por la que los autoconsumidores ya pueden oficialmente verter los excedentes de energ\u00eda que producen sus instalaciones a la red el\u00e9ctrica.<\/p>\n<h2>\u00bfEn qu\u00e9 consiste la compensaci\u00f3n de excedentes?<\/h2>\n<p>La compensaci\u00f3n de excedentes, tambi\u00e9n conocido como Balance Neto, es el<strong> mecanismo mediante el cual el usuario percibe una retribuci\u00f3n en compensaci\u00f3n a la energ\u00eda el\u00e9ctrica que produce, no consume, le sobra y, por ende, vierte a la red el\u00e9ctrica. Por ello recibe una serie de incentivos en su factura de la luz.<\/strong><\/p>\n<p>En este sentido, las comercializadoras son las encargadas de interlocutar con Red El\u00e9ctrica para informarles sobre la liquidaci\u00f3n de estos excedentes, as\u00ed como de los cambios que experimenten las instalaciones de energ\u00eda solar o autoconsumo fotovoltaico que miles de espa\u00f1oles tienen en los tejados de sus viviendas o empresas.<\/p>\n<p>La materializaci\u00f3n de la compensaci\u00f3n de excedentes consiste en un<strong> importe que se rebaja de los costes de comercializaci\u00f3n de nuestra factura.<\/strong> Esto supone una gran ventaja para los consumidores, los cuales ven reducida considerablemente su factura de electricidad.<\/p>\n<p>Por otro lado, es importante poner de manifiesto que el valor de la energ\u00eda vertida es estipulado por la comercializadora en base al precio de horario del mercado regulado. Esto quiere decir que si la energ\u00eda vertida corresponde a ciertas horas por la tarde, el coste que se te descuenta es en base al precio estipulado en esa franja horaria.<\/p>\n<h2>No esperes para pasarte a la energ\u00eda verde<\/h2>\n<p>En <a href=\"https:\/\/www.villafloresmartin.com\/es\/\" target=\"_blank\" rel=\"noopener noreferrer\"><strong>Villa Flores Mart\u00edn (VFM)<\/strong><\/a> somos una <a href=\"https:\/\/www.villafloresmartin.com\/es\/empresa-certificada-aenor-sistemas-fotovoltaicos\/\" target=\"_blank\" rel=\"noopener noreferrer\"><strong>empresa certificada por AENOR para el montaje de sistemas fotovoltaicos<\/strong><\/a>. Si est\u00e1s pensando en que ha llegado el momento de ahorrar en electricidad, <strong><a href=\"https:\/\/www.villafloresmartin.com\/es\/averias-electricas-en-parques-eolicos\/\" target=\"_blank\" rel=\"noopener noreferrer\">d\u00e9jate asesorar por nuestros expertos en autoconsumo<\/a><\/strong>. Ellos te solventar\u00e1n todas las dudas que puedas tener al respecto, har\u00e1n un estudio pormenorizado de tu consumo para que la instalaci\u00f3n se ajuste perfectamente a tus necesidades.<\/p>\n<p>En poco tiempo estar\u00e1s notando la diferencia no solo en tu bolsillo, sino tambi\u00e9n en tu cuidado por el entorno que te rodea. Es un deber de todos.<\/p>\n<p><a href=\"https:\/\/www.villafloresmartin.com\/es\/contacto\/\" target=\"_blank\" rel=\"noopener noreferrer\"><strong>Contacta con nosotros sin compromiso. Estaremos encantados de atenderte.<\/strong><\/a><\/p>\n<p style=\"text-align: right;\">Fuente:<a href=\"https:\/\/elperiodicodelaenergia.com\/la-compensacion-por-los-excedentes-de-autoconsumo-sera-oficial-el-proximo-1-de-marzo\/\" target=\"_blank\" rel=\"noopener noreferrer\"> El Peri\u00f3dico de la Energ\u00eda<\/a><\/p>\n<p style=\"text-align: right;\">Imagen: <a href=\"https:\/\/www.freepik.es\/fotos-premium\/mano-mujer-negocios-bombilla-pila-monedas-escritorio_5204911.htm#page=1&amp;query=energ%C3%ADa%20solar%20dinero&amp;position=15\" target=\"_blank\" rel=\"noopener noreferrer\">Freepik<\/a><\/p>\n<p>&nbsp;<\/p>\n","protected":false},"excerpt":{"rendered":"<p>A\u00f1os es lo que llevaba el sector de las energ\u00edas renovables demandando una compensaci\u00f3n de excedentes por la energ\u00eda no consumida que se vert\u00eda a la red. Pues bien, el pasado mes de marzo esta petici\u00f3n era por fin atendida por el Gobierno de Espa\u00f1a. Entr\u00f3 as\u00ed en vigor las medidas de liquidaci\u00f3n adaptadas al [&#8230;]<\/p>\n<p><a class=\"btn btn-secondary understrap-read-more-link\" href=\"https:\/\/www.villafloresmartin.com\/es\/compensacion-de-excedentes\/\">Leer m\u00e1s&#8230;<\/a><\/p>\n","protected":false},"author":2,"featured_media":1862,"comment_status":"closed","ping_status":"closed","sticky":false,"template":"","format":"standard","meta":{"footnotes":""},"categories":[16],"tags":[17,18],"class_list":["post-1859","post","type-post","status-publish","format-standard","has-post-thumbnail","hentry","category-noticias","tag-compensacion-de-excedentes","tag-energias-renovables"],"yoast_head":"<!-- This site is optimized with the Yoast SEO plugin v26.9 - https:\/\/yoast.com\/product\/yoast-seo-wordpress\/ -->\n<title>La compensaci\u00f3n de excedentes es ya toda una realidad<\/title>\n<meta name=\"description\" content=\"A\u00f1os es lo que llevaba el sector de las energ\u00edas renovables demandando una compensaci\u00f3n de excedentes por la energ\u00eda no... Compensaci\u00f3n de excedentes\" \/>\n<meta name=\"robots\" content=\"index, follow, max-snippet:-1, max-image-preview:large, max-video-preview:-1\" \/>\n<link rel=\"canonical\" href=\"https:\/\/www.villafloresmartin.com\/es\/compensacion-de-excedentes\/\" \/>\n<meta property=\"og:locale\" content=\"es_ES\" \/>\n<meta property=\"og:type\" content=\"article\" \/>\n<meta property=\"og:title\" content=\"La compensaci\u00f3n de excedentes es ya toda una realidad\" \/>\n<meta property=\"og:description\" content=\"A\u00f1os es lo que llevaba el sector de las energ\u00edas renovables demandando una compensaci\u00f3n de excedentes por la energ\u00eda no... Compensaci\u00f3n de excedentes\" \/>\n<meta property=\"og:url\" content=\"https:\/\/www.villafloresmartin.com\/es\/compensacion-de-excedentes\/\" \/>\n<meta property=\"og:site_name\" content=\"Villa Flores Mart\u00edn\" \/>\n<meta property=\"article:published_time\" content=\"2020-07-30T11:05:42+00:00\" \/>\n<meta property=\"article:modified_time\" content=\"2022-03-25T11:51:36+00:00\" \/>\n<meta property=\"og:image\" content=\"https:\/\/www.villafloresmartin.com\/es\/wp-content\/uploads\/2020\/07\/compensaci\u00f3n-de-excedentes-scaled.jpg\" \/>\n\t<meta property=\"og:image:width\" content=\"2560\" \/>\n\t<meta property=\"og:image:height\" content=\"1707\" \/>\n\t<meta property=\"og:image:type\" content=\"image\/jpeg\" \/>\n<meta name=\"author\" content=\"admin\" \/>\n<meta name=\"twitter:label1\" content=\"Escrito por\" \/>\n\t<meta name=\"twitter:data1\" content=\"admin\" \/>\n\t<meta name=\"twitter:label2\" content=\"Tiempo de lectura\" \/>\n\t<meta name=\"twitter:data2\" content=\"3 minutos\" \/>\n<script type=\"application\/ld+json\" class=\"yoast-schema-graph\">{\"@context\":\"https:\/\/schema.org\",\"@graph\":[{\"@type\":\"Article\",\"@id\":\"https:\/\/www.villafloresmartin.com\/es\/compensacion-de-excedentes\/#article\",\"isPartOf\":{\"@id\":\"https:\/\/www.villafloresmartin.com\/es\/compensacion-de-excedentes\/\"},\"author\":{\"name\":\"admin\",\"@id\":\"https:\/\/www.villafloresmartin.com\/es\/#\/schema\/person\/c2292207708e96921697bf002f8828be\"},\"headline\":\"La compensaci\u00f3n de excedentes es ya toda una realidad\",\"datePublished\":\"2020-07-30T11:05:42+00:00\",\"dateModified\":\"2022-03-25T11:51:36+00:00\",\"mainEntityOfPage\":{\"@id\":\"https:\/\/www.villafloresmartin.com\/es\/compensacion-de-excedentes\/\"},\"wordCount\":567,\"image\":{\"@id\":\"https:\/\/www.villafloresmartin.com\/es\/compensacion-de-excedentes\/#primaryimage\"},\"thumbnailUrl\":\"https:\/\/www.villafloresmartin.com\/es\/wp-content\/uploads\/2020\/07\/compensaci\u00f3n-de-excedentes-scaled.jpg\",\"keywords\":[\"compensaci\u00f3n de excedentes\",\"energ\u00edas renovables\"],\"articleSection\":[\"Noticias\"],\"inLanguage\":\"es\"},{\"@type\":\"WebPage\",\"@id\":\"https:\/\/www.villafloresmartin.com\/es\/compensacion-de-excedentes\/\",\"url\":\"https:\/\/www.villafloresmartin.com\/es\/compensacion-de-excedentes\/\",\"name\":\"La compensaci\u00f3n de excedentes es ya toda una realidad\",\"isPartOf\":{\"@id\":\"https:\/\/www.villafloresmartin.com\/es\/#website\"},\"primaryImageOfPage\":{\"@id\":\"https:\/\/www.villafloresmartin.com\/es\/compensacion-de-excedentes\/#primaryimage\"},\"image\":{\"@id\":\"https:\/\/www.villafloresmartin.com\/es\/compensacion-de-excedentes\/#primaryimage\"},\"thumbnailUrl\":\"https:\/\/www.villafloresmartin.com\/es\/wp-content\/uploads\/2020\/07\/compensaci\u00f3n-de-excedentes-scaled.jpg\",\"datePublished\":\"2020-07-30T11:05:42+00:00\",\"dateModified\":\"2022-03-25T11:51:36+00:00\",\"author\":{\"@id\":\"https:\/\/www.villafloresmartin.com\/es\/#\/schema\/person\/c2292207708e96921697bf002f8828be\"},\"description\":\"A\u00f1os es lo que llevaba el sector de las energ\u00edas renovables demandando una compensaci\u00f3n de excedentes por la energ\u00eda no... Compensaci\u00f3n de excedentes\",\"breadcrumb\":{\"@id\":\"https:\/\/www.villafloresmartin.com\/es\/compensacion-de-excedentes\/#breadcrumb\"},\"inLanguage\":\"es\",\"potentialAction\":[{\"@type\":\"ReadAction\",\"target\":[\"https:\/\/www.villafloresmartin.com\/es\/compensacion-de-excedentes\/\"]}]},{\"@type\":\"ImageObject\",\"inLanguage\":\"es\",\"@id\":\"https:\/\/www.villafloresmartin.com\/es\/compensacion-de-excedentes\/#primaryimage\",\"url\":\"https:\/\/www.villafloresmartin.com\/es\/wp-content\/uploads\/2020\/07\/compensaci\u00f3n-de-excedentes-scaled.jpg\",\"contentUrl\":\"https:\/\/www.villafloresmartin.com\/es\/wp-content\/uploads\/2020\/07\/compensaci\u00f3n-de-excedentes-scaled.jpg\",\"width\":2560,\"height\":1707,\"caption\":\"compensaci\u00f3n de excedentes\"},{\"@type\":\"BreadcrumbList\",\"@id\":\"https:\/\/www.villafloresmartin.com\/es\/compensacion-de-excedentes\/#breadcrumb\",\"itemListElement\":[{\"@type\":\"ListItem\",\"position\":1,\"name\":\"Portada\",\"item\":\"https:\/\/www.villafloresmartin.com\/es\/\"},{\"@type\":\"ListItem\",\"position\":2,\"name\":\"La compensaci\u00f3n de excedentes es ya toda una realidad\"}]},{\"@type\":\"WebSite\",\"@id\":\"https:\/\/www.villafloresmartin.com\/es\/#website\",\"url\":\"https:\/\/www.villafloresmartin.com\/es\/\",\"name\":\"Villa Flores Mart\u00edn\",\"description\":\"\",\"potentialAction\":[{\"@type\":\"SearchAction\",\"target\":{\"@type\":\"EntryPoint\",\"urlTemplate\":\"https:\/\/www.villafloresmartin.com\/es\/?s={search_term_string}\"},\"query-input\":{\"@type\":\"PropertyValueSpecification\",\"valueRequired\":true,\"valueName\":\"search_term_string\"}}],\"inLanguage\":\"es\"},{\"@type\":\"Person\",\"@id\":\"https:\/\/www.villafloresmartin.com\/es\/#\/schema\/person\/c2292207708e96921697bf002f8828be\",\"name\":\"admin\",\"image\":{\"@type\":\"ImageObject\",\"inLanguage\":\"es\",\"@id\":\"https:\/\/www.villafloresmartin.com\/es\/#\/schema\/person\/image\/\",\"url\":\"https:\/\/secure.gravatar.com\/avatar\/7982f03a93f66ccccbac0ad0746074089942e7448863241b5ddf94dec2148152?s=96&d=mm&r=g\",\"contentUrl\":\"https:\/\/secure.gravatar.com\/avatar\/7982f03a93f66ccccbac0ad0746074089942e7448863241b5ddf94dec2148152?s=96&d=mm&r=g\",\"caption\":\"admin\"}}]}<\/script>\n<!-- \/ Yoast SEO plugin. -->","yoast_head_json":{"title":"La compensaci\u00f3n de excedentes es ya toda una realidad","description":"A\u00f1os es lo que llevaba el sector de las energ\u00edas renovables demandando una compensaci\u00f3n de excedentes por la energ\u00eda no... Compensaci\u00f3n de excedentes","robots":{"index":"index","follow":"follow","max-snippet":"max-snippet:-1","max-image-preview":"max-image-preview:large","max-video-preview":"max-video-preview:-1"},"canonical":"https:\/\/www.villafloresmartin.com\/es\/compensacion-de-excedentes\/","og_locale":"es_ES","og_type":"article","og_title":"La compensaci\u00f3n de excedentes es ya toda una realidad","og_description":"A\u00f1os es lo que llevaba el sector de las energ\u00edas renovables demandando una compensaci\u00f3n de excedentes por la energ\u00eda no... Compensaci\u00f3n de excedentes","og_url":"https:\/\/www.villafloresmartin.com\/es\/compensacion-de-excedentes\/","og_site_name":"Villa Flores Mart\u00edn","article_published_time":"2020-07-30T11:05:42+00:00","article_modified_time":"2022-03-25T11:51:36+00:00","og_image":[{"width":2560,"height":1707,"url":"https:\/\/www.villafloresmartin.com\/es\/wp-content\/uploads\/2020\/07\/compensaci\u00f3n-de-excedentes-scaled.jpg","type":"image\/jpeg"}],"author":"admin","twitter_misc":{"Escrito por":"admin","Tiempo de lectura":"3 minutos"},"schema":{"@context":"https:\/\/schema.org","@graph":[{"@type":"Article","@id":"https:\/\/www.villafloresmartin.com\/es\/compensacion-de-excedentes\/#article","isPartOf":{"@id":"https:\/\/www.villafloresmartin.com\/es\/compensacion-de-excedentes\/"},"author":{"name":"admin","@id":"https:\/\/www.villafloresmartin.com\/es\/#\/schema\/person\/c2292207708e96921697bf002f8828be"},"headline":"La compensaci\u00f3n de excedentes es ya toda una realidad","datePublished":"2020-07-30T11:05:42+00:00","dateModified":"2022-03-25T11:51:36+00:00","mainEntityOfPage":{"@id":"https:\/\/www.villafloresmartin.com\/es\/compensacion-de-excedentes\/"},"wordCount":567,"image":{"@id":"https:\/\/www.villafloresmartin.com\/es\/compensacion-de-excedentes\/#primaryimage"},"thumbnailUrl":"https:\/\/www.villafloresmartin.com\/es\/wp-content\/uploads\/2020\/07\/compensaci\u00f3n-de-excedentes-scaled.jpg","keywords":["compensaci\u00f3n de excedentes","energ\u00edas renovables"],"articleSection":["Noticias"],"inLanguage":"es"},{"@type":"WebPage","@id":"https:\/\/www.villafloresmartin.com\/es\/compensacion-de-excedentes\/","url":"https:\/\/www.villafloresmartin.com\/es\/compensacion-de-excedentes\/","name":"La compensaci\u00f3n de excedentes es ya toda una realidad","isPartOf":{"@id":"https:\/\/www.villafloresmartin.com\/es\/#website"},"primaryImageOfPage":{"@id":"https:\/\/www.villafloresmartin.com\/es\/compensacion-de-excedentes\/#primaryimage"},"image":{"@id":"https:\/\/www.villafloresmartin.com\/es\/compensacion-de-excedentes\/#primaryimage"},"thumbnailUrl":"https:\/\/www.villafloresmartin.com\/es\/wp-content\/uploads\/2020\/07\/compensaci\u00f3n-de-excedentes-scaled.jpg","datePublished":"2020-07-30T11:05:42+00:00","dateModified":"2022-03-25T11:51:36+00:00","author":{"@id":"https:\/\/www.villafloresmartin.com\/es\/#\/schema\/person\/c2292207708e96921697bf002f8828be"},"description":"A\u00f1os es lo que llevaba el sector de las energ\u00edas renovables demandando una compensaci\u00f3n de excedentes por la energ\u00eda no... Compensaci\u00f3n de excedentes","breadcrumb":{"@id":"https:\/\/www.villafloresmartin.com\/es\/compensacion-de-excedentes\/#breadcrumb"},"inLanguage":"es","potentialAction":[{"@type":"ReadAction","target":["https:\/\/www.villafloresmartin.com\/es\/compensacion-de-excedentes\/"]}]},{"@type":"ImageObject","inLanguage":"es","@id":"https:\/\/www.villafloresmartin.com\/es\/compensacion-de-excedentes\/#primaryimage","url":"https:\/\/www.villafloresmartin.com\/es\/wp-content\/uploads\/2020\/07\/compensaci\u00f3n-de-excedentes-scaled.jpg","contentUrl":"https:\/\/www.villafloresmartin.com\/es\/wp-content\/uploads\/2020\/07\/compensaci\u00f3n-de-excedentes-scaled.jpg","width":2560,"height":1707,"caption":"compensaci\u00f3n de excedentes"},{"@type":"BreadcrumbList","@id":"https:\/\/www.villafloresmartin.com\/es\/compensacion-de-excedentes\/#breadcrumb","itemListElement":[{"@type":"ListItem","position":1,"name":"Portada","item":"https:\/\/www.villafloresmartin.com\/es\/"},{"@type":"ListItem","position":2,"name":"La compensaci\u00f3n de excedentes es ya toda una realidad"}]},{"@type":"WebSite","@id":"https:\/\/www.villafloresmartin.com\/es\/#website","url":"https:\/\/www.villafloresmartin.com\/es\/","name":"Villa Flores Mart\u00edn","description":"","potentialAction":[{"@type":"SearchAction","target":{"@type":"EntryPoint","urlTemplate":"https:\/\/www.villafloresmartin.com\/es\/?s={search_term_string}"},"query-input":{"@type":"PropertyValueSpecification","valueRequired":true,"valueName":"search_term_string"}}],"inLanguage":"es"},{"@type":"Person","@id":"https:\/\/www.villafloresmartin.com\/es\/#\/schema\/person\/c2292207708e96921697bf002f8828be","name":"admin","image":{"@type":"ImageObject","inLanguage":"es","@id":"https:\/\/www.villafloresmartin.com\/es\/#\/schema\/person\/image\/","url":"https:\/\/secure.gravatar.com\/avatar\/7982f03a93f66ccccbac0ad0746074089942e7448863241b5ddf94dec2148152?s=96&d=mm&r=g","contentUrl":"https:\/\/secure.gravatar.com\/avatar\/7982f03a93f66ccccbac0ad0746074089942e7448863241b5ddf94dec2148152?s=96&d=mm&r=g","caption":"admin"}}]}},"_links":{"self":[{"href":"https:\/\/www.villafloresmartin.com\/es\/wp-json\/wp\/v2\/posts\/1859","targetHints":{"allow":["GET"]}}],"collection":[{"href":"https:\/\/www.villafloresmartin.com\/es\/wp-json\/wp\/v2\/posts"}],"about":[{"href":"https:\/\/www.villafloresmartin.com\/es\/wp-json\/wp\/v2\/types\/post"}],"author":[{"embeddable":true,"href":"https:\/\/www.villafloresmartin.com\/es\/wp-json\/wp\/v2\/users\/2"}],"replies":[{"embeddable":true,"href":"https:\/\/www.villafloresmartin.com\/es\/wp-json\/wp\/v2\/comments?post=1859"}],"version-history":[{"count":0,"href":"https:\/\/www.villafloresmartin.com\/es\/wp-json\/wp\/v2\/posts\/1859\/revisions"}],"wp:featuredmedia":[{"embeddable":true,"href":"https:\/\/www.villafloresmartin.com\/es\/wp-json\/wp\/v2\/media\/1862"}],"wp:attachment":[{"href":"https:\/\/www.villafloresmartin.com\/es\/wp-json\/wp\/v2\/media?parent=1859"}],"wp:term":[{"taxonomy":"category","embeddable":true,"href":"https:\/\/www.villafloresmartin.com\/es\/wp-json\/wp\/v2\/categories?post=1859"},{"taxonomy":"post_tag","embeddable":true,"href":"https:\/\/www.villafloresmartin.com\/es\/wp-json\/wp\/v2\/tags?post=1859"}],"curies":[{"name":"wp","href":"https:\/\/api.w.org\/{rel}","templated":true}]}}