{"id":1851,"date":"2020-07-15T12:52:00","date_gmt":"2020-07-15T10:52:00","guid":{"rendered":"https:\/\/www.villafloresmartin.com\/es\/?p=1851"},"modified":"2022-03-25T12:51:36","modified_gmt":"2022-03-25T11:51:36","slug":"puesta-en-marcha-de-servicios-electricos-tras-el-covid-19","status":"publish","type":"post","link":"https:\/\/www.villafloresmartin.com\/es\/puesta-en-marcha-de-servicios-electricos-tras-el-covid-19\/","title":{"rendered":"Puesta en marcha de servicios el\u00e9ctricos tras el Covid-19"},"content":{"rendered":"<p><img  title=\"Puesta en marcha de servicios el\u00e9ctricos tras el Covid-19 - Villa Flores Mart\u00edn\" loading=\"lazy\" decoding=\"async\" class=\"alignleft size-full wp-image-1853\" src=\"https:\/\/www.villafloresmartin.com\/es\/wp-content\/uploads\/2020\/07\/puesta-en-marcha-de-servicios-el\u00e9ctricos-tras-el-Covid-19-scaled.jpg\"  alt=\"Puesta en marcha de servicios el\u00e9ctricos tras el Covid-19 - Villa Flores Mart\u00edn\"  width=\"2560\" height=\"1707\" srcset=\"https:\/\/www.villafloresmartin.com\/es\/wp-content\/uploads\/2020\/07\/puesta-en-marcha-de-servicios-el\u00e9ctricos-tras-el-Covid-19-scaled.jpg 2560w, https:\/\/www.villafloresmartin.com\/es\/wp-content\/uploads\/2020\/07\/puesta-en-marcha-de-servicios-el\u00e9ctricos-tras-el-Covid-19-scaled-300x200.jpg 300w, https:\/\/www.villafloresmartin.com\/es\/wp-content\/uploads\/2020\/07\/puesta-en-marcha-de-servicios-el\u00e9ctricos-tras-el-Covid-19-scaled-1024x683.jpg 1024w, https:\/\/www.villafloresmartin.com\/es\/wp-content\/uploads\/2020\/07\/puesta-en-marcha-de-servicios-el\u00e9ctricos-tras-el-Covid-19-scaled-768x512.jpg 768w, https:\/\/www.villafloresmartin.com\/es\/wp-content\/uploads\/2020\/07\/puesta-en-marcha-de-servicios-el\u00e9ctricos-tras-el-Covid-19-scaled-1536x1024.jpg 1536w, https:\/\/www.villafloresmartin.com\/es\/wp-content\/uploads\/2020\/07\/puesta-en-marcha-de-servicios-el\u00e9ctricos-tras-el-Covid-19-scaled-2048x1366.jpg 2048w, https:\/\/www.villafloresmartin.com\/es\/wp-content\/uploads\/2020\/07\/puesta-en-marcha-de-servicios-el\u00e9ctricos-tras-el-Covid-19-scaled-90x60.jpg 90w\" sizes=\"auto, (max-width: 2560px) 100vw, 2560px\" \/><span style=\"font-size: 1rem;\"><br \/>\n<strong>Puesta en marcha de servicios el\u00e9ctricos tras el Covid-19.<\/strong> La crisis sanitaria provocada por el Covid-19 tiene efectos en todos los \u00e1mbitos de la sociedad. En este sentido, el sector el\u00e9ctrico no ha podido escapar a los tent\u00e1culos de una enfermedad que se ha colado hasta lo m\u00e1s profundo de nuestro sistema sanitario y econ\u00f3mico. Millones de espa\u00f1oles y empresas se han visto y se siguen viendo afectados por sus efectos.<\/span><!--more--><\/p>\n<p>En <a href=\"https:\/\/www.villafloresmartin.com\/es\/\" target=\"_blank\" rel=\"noopener noreferrer\"><strong>Villa Flores Mart\u00edn (VFM)<\/strong><\/a> llevamos m\u00e1s de 30 a\u00f1os dedicados a la distribuci\u00f3n el\u00e9ctrica y nunca hab\u00edamos tenido que enfrentarnos a una situaci\u00f3n de tal envergadura. A\u00fan con el virus entre nosotros, somos conscientes de que no podemos ni debemos bajar la guardia. No obstante, ahora que los datos nos dan una peque\u00f1a tregua pese a los rebrotes, queremos hacer p\u00fablico una vez m\u00e1s nuestro agradecimiento a todo nuestro equipo.<\/p>\n<p>En un <a href=\"https:\/\/www.villafloresmartin.com\/es\/trabajos-en-alta-tension\/\" target=\"_blank\" rel=\"noopener noreferrer\"><strong>momento en el que la sociedad precisaba m\u00e1s que nunca de suministro el\u00e9ctrico<\/strong><\/a>, nuestros trabajadores han estado ah\u00ed garantizando que la energ\u00eda fluyera con normalidad y dando tambi\u00e9n soporte a nuevas infraestructuras que nos demandaban para cubrir las necesidades en puntos clave. Gracias, de coraz\u00f3n.<\/p>\n<h2>Te echamos una mano con la puesta en marcha de servicios el\u00e9ctricos tras el Covid-19<\/h2>\n<p>Si bien, las consecuencias del Coronavirus est\u00e1n lejos de terminar. En nuestro caso, son muchas las instalaciones e industrias que demandan nuestros servicios. Y es que despu\u00e9s de una \u00e9poca como la vivida, <a href=\"https:\/\/www.villafloresmartin.com\/es\/inspecciones-y-revisiones-de-las-instalaciones-electricas\/\" target=\"_blank\" rel=\"noopener noreferrer\"><strong>las redes se resienten y pueden dar lugar a aver\u00edas o cortes de energ\u00eda<\/strong><\/a>. En VFM estamos ah\u00ed para ayudarte y conseguir que la vuelta a la \u201cnueva normalidad\u201d sea lo m\u00e1s sencilla posible.<\/p>\n<p>Asimismo, siempre hay luz al final del t\u00fanel y numerosos proyectos nuevos esperan ser lanzados. A continuaci\u00f3n te mostramos c\u00f3mo podemos ayudarte con la puesta en marcha de servicios el\u00e9ctricos tras el Covid-19. Los tr\u00e1mites con la administraci\u00f3n y las compa\u00f1\u00edas suministradoras han sido restablecidos. Te acompa\u00f1amos durante todo el proceso.<\/p>\n<h3>1- Proyectos, estudios y certificado final de obra<\/h3>\n<p>La reactivaci\u00f3n de la econom\u00eda supone que<strong> los tr\u00e1mites burocr\u00e1ticos vuelven a estar activos<\/strong>. En VFM contamos con un departamento t\u00e9cnico que se encarga del desarrollo de proyectos el\u00e9ctricos, as\u00ed como de las <strong>direcciones de obra para la tramitaci\u00f3n de los expedientes en las administraciones p\u00fablicas y en las compa\u00f1\u00edas suministradoras de energ\u00eda<\/strong>. Nuestra documentaci\u00f3n tambi\u00e9n sirve como documento base para la ejecuci\u00f3n de obras el\u00e9ctricas.<\/p>\n<p>Somos especialistas en el dise\u00f1o e instalaci\u00f3n de redes de Alta, Media y Baja Tensi\u00f3n. Tambi\u00e9n desempe\u00f1amos<strong> estudios y proyectos de infraestructura el\u00e9ctrica relacionados con la urbanizaci\u00f3n.<\/strong><\/p>\n<p>Disponemos de especialistas en <strong>estudios (trazados, c\u00e1lculos\u2026) y levantamientos topogr\u00e1ficos de l\u00edneas el\u00e9ctricas<\/strong>. Nos ocupamos tambi\u00e9n de la emisi\u00f3n del <strong>certificado final de obra.<\/strong><\/p>\n<p class=\"western\">Realizamos entre otros proyectos el\u00e9ctricos:<\/p>\n<ul>\n<li>L\u00edneas a\u00e9reas y subterr\u00e1neas de Media y Alta Tensi\u00f3n.<\/li>\n<li>Red de distribuci\u00f3n en Baja Tensi\u00f3n.<\/li>\n<li>Centros de transformaci\u00f3n.<\/li>\n<li>Alumbrado vial y urbano.<\/li>\n<\/ul>\n<h3>2- Gestiones administrativas y tramitaciones<\/h3>\n<p>Nuestro departamento de Oficina T\u00e9cnica est\u00e1 compuesto por un amplio equipo de profesionales especialistas en la gesti\u00f3n administrativa y en las tramitaciones propias del sector el\u00e9ctrico. Nos ocupamos de<strong> tramitar de forma eficaz y eficiente cualquier expediente requerido por la administraci\u00f3n o la compa\u00f1\u00eda suministradora de energ\u00eda.<\/strong><\/p>\n<p>Algunas de las <strong>tramitaciones<\/strong> a las que damos cobertura:<\/p>\n<ul>\n<li>Tramitaciones en ayuntamientos para la obtenci\u00f3n de licencias de obras.<\/li>\n<li>Gesti\u00f3n de solicitudes de condiciones de suministro de energ\u00eda en las compa\u00f1\u00edas el\u00e9ctricas.<\/li>\n<li>Certificados de instalaciones de Baja Tensi\u00f3n.<\/li>\n<li>Autorizaciones en los diferentes organismos que se pueden ver implicados en la ejecuci\u00f3n y desarrollo de una obra.<\/li>\n<li>Tramitaciones de los expedientes con compa\u00f1\u00edas suministradoras de electricidad para futuras contrataciones de servicios y energ\u00eda.<br \/>\n\u25e6 Ayuda al cliente para la obtenci\u00f3n de contratos de suministro el\u00e9ctrico.<br \/>\n\u25e6 Preparaci\u00f3n de documentaci\u00f3n para la legalizaci\u00f3n de las instalaciones con la compa\u00f1\u00eda suministradora.<\/li>\n<\/ul>\n<p>Si necesitas asesoramiento para la puesta en marcha de servicios el\u00e9ctricos tras el Covid-19 referidos a tr\u00e1mites administrativos o burocr\u00e1ticos del sector el\u00e9ctrico, no dudes en ponerte en <a href=\"https:\/\/www.villafloresmartin.com\/es\/contacto\/\" target=\"_blank\" rel=\"noopener noreferrer\"><strong>contacto con nosotros<\/strong><\/a>. Estaremos encantados de poder ayudarte.<\/p>\n<p style=\"text-align: right;\">Imagen: <a href=\"https:\/\/www.freepik.es\/foto-gratis\/negocios-que-controla-documentos-mesa_1027035.htm#page=1&amp;query=papeleo&amp;position=0\" target=\"_blank\" rel=\"noopener noreferrer\">Freepik<\/a><\/p>\n","protected":false},"excerpt":{"rendered":"<p>Puesta en marcha de servicios el\u00e9ctricos tras el Covid-19. La crisis sanitaria provocada por el Covid-19 tiene efectos en todos los \u00e1mbitos de la sociedad. En este sentido, el sector el\u00e9ctrico no ha podido escapar a los tent\u00e1culos de una enfermedad que se ha colado hasta lo m\u00e1s profundo de nuestro sistema sanitario y econ\u00f3mico. [&#8230;]<\/p>\n<p><a class=\"btn btn-secondary understrap-read-more-link\" href=\"https:\/\/www.villafloresmartin.com\/es\/puesta-en-marcha-de-servicios-electricos-tras-el-covid-19\/\">Leer m\u00e1s&#8230;<\/a><\/p>\n","protected":false},"author":2,"featured_media":1853,"comment_status":"closed","ping_status":"closed","sticky":false,"template":"","format":"standard","meta":{"footnotes":""},"categories":[16],"tags":[],"class_list":["post-1851","post","type-post","status-publish","format-standard","has-post-thumbnail","hentry","category-noticias"],"yoast_head":"<!-- This site is optimized with the Yoast SEO plugin v26.9 - https:\/\/yoast.com\/product\/yoast-seo-wordpress\/ -->\n<title>Puesta en marcha de servicios el\u00e9ctricos tras el Covid-19<\/title>\n<meta name=\"description\" content=\"La crisis sanitaria provocada por el Covid-19 tiene efectos en todos los \u00e1mbitos de la sociedad... Puesta en marcha de servicios el\u00e9ctricos tras el Covid-19\" \/>\n<meta name=\"robots\" content=\"index, follow, max-snippet:-1, max-image-preview:large, max-video-preview:-1\" \/>\n<link rel=\"canonical\" href=\"https:\/\/www.villafloresmartin.com\/es\/puesta-en-marcha-de-servicios-electricos-tras-el-covid-19\/\" \/>\n<meta property=\"og:locale\" content=\"es_ES\" \/>\n<meta property=\"og:type\" content=\"article\" \/>\n<meta property=\"og:title\" content=\"Puesta en marcha de servicios el\u00e9ctricos tras el Covid-19\" \/>\n<meta property=\"og:description\" content=\"La crisis sanitaria provocada por el Covid-19 tiene efectos en todos los \u00e1mbitos de la sociedad... Puesta en marcha de servicios el\u00e9ctricos tras el Covid-19\" \/>\n<meta property=\"og:url\" content=\"https:\/\/www.villafloresmartin.com\/es\/puesta-en-marcha-de-servicios-electricos-tras-el-covid-19\/\" \/>\n<meta property=\"og:site_name\" content=\"Villa Flores Mart\u00edn\" \/>\n<meta property=\"article:published_time\" content=\"2020-07-15T10:52:00+00:00\" \/>\n<meta property=\"article:modified_time\" content=\"2022-03-25T11:51:36+00:00\" \/>\n<meta property=\"og:image\" content=\"https:\/\/www.villafloresmartin.com\/es\/wp-content\/uploads\/2020\/07\/puesta-en-marcha-de-servicios-el\u00e9ctricos-tras-el-Covid-19-scaled.jpg\" \/>\n\t<meta property=\"og:image:width\" content=\"2560\" \/>\n\t<meta property=\"og:image:height\" content=\"1707\" \/>\n\t<meta property=\"og:image:type\" content=\"image\/jpeg\" \/>\n<meta name=\"author\" content=\"admin\" \/>\n<meta name=\"twitter:label1\" content=\"Escrito por\" \/>\n\t<meta name=\"twitter:data1\" content=\"admin\" \/>\n\t<meta name=\"twitter:label2\" content=\"Tiempo de lectura\" \/>\n\t<meta name=\"twitter:data2\" content=\"4 minutos\" \/>\n<script type=\"application\/ld+json\" class=\"yoast-schema-graph\">{\"@context\":\"https:\/\/schema.org\",\"@graph\":[{\"@type\":\"Article\",\"@id\":\"https:\/\/www.villafloresmartin.com\/es\/puesta-en-marcha-de-servicios-electricos-tras-el-covid-19\/#article\",\"isPartOf\":{\"@id\":\"https:\/\/www.villafloresmartin.com\/es\/puesta-en-marcha-de-servicios-electricos-tras-el-covid-19\/\"},\"author\":{\"name\":\"admin\",\"@id\":\"https:\/\/www.villafloresmartin.com\/es\/#\/schema\/person\/c2292207708e96921697bf002f8828be\"},\"headline\":\"Puesta en marcha de servicios el\u00e9ctricos tras el Covid-19\",\"datePublished\":\"2020-07-15T10:52:00+00:00\",\"dateModified\":\"2022-03-25T11:51:36+00:00\",\"mainEntityOfPage\":{\"@id\":\"https:\/\/www.villafloresmartin.com\/es\/puesta-en-marcha-de-servicios-electricos-tras-el-covid-19\/\"},\"wordCount\":765,\"image\":{\"@id\":\"https:\/\/www.villafloresmartin.com\/es\/puesta-en-marcha-de-servicios-electricos-tras-el-covid-19\/#primaryimage\"},\"thumbnailUrl\":\"https:\/\/www.villafloresmartin.com\/es\/wp-content\/uploads\/2020\/07\/puesta-en-marcha-de-servicios-el\u00e9ctricos-tras-el-Covid-19-scaled.jpg\",\"articleSection\":[\"Noticias\"],\"inLanguage\":\"es\"},{\"@type\":\"WebPage\",\"@id\":\"https:\/\/www.villafloresmartin.com\/es\/puesta-en-marcha-de-servicios-electricos-tras-el-covid-19\/\",\"url\":\"https:\/\/www.villafloresmartin.com\/es\/puesta-en-marcha-de-servicios-electricos-tras-el-covid-19\/\",\"name\":\"Puesta en marcha de servicios el\u00e9ctricos tras el Covid-19\",\"isPartOf\":{\"@id\":\"https:\/\/www.villafloresmartin.com\/es\/#website\"},\"primaryImageOfPage\":{\"@id\":\"https:\/\/www.villafloresmartin.com\/es\/puesta-en-marcha-de-servicios-electricos-tras-el-covid-19\/#primaryimage\"},\"image\":{\"@id\":\"https:\/\/www.villafloresmartin.com\/es\/puesta-en-marcha-de-servicios-electricos-tras-el-covid-19\/#primaryimage\"},\"thumbnailUrl\":\"https:\/\/www.villafloresmartin.com\/es\/wp-content\/uploads\/2020\/07\/puesta-en-marcha-de-servicios-el\u00e9ctricos-tras-el-Covid-19-scaled.jpg\",\"datePublished\":\"2020-07-15T10:52:00+00:00\",\"dateModified\":\"2022-03-25T11:51:36+00:00\",\"author\":{\"@id\":\"https:\/\/www.villafloresmartin.com\/es\/#\/schema\/person\/c2292207708e96921697bf002f8828be\"},\"description\":\"La crisis sanitaria provocada por el Covid-19 tiene efectos en todos los \u00e1mbitos de la sociedad... Puesta en marcha de servicios el\u00e9ctricos tras el Covid-19\",\"breadcrumb\":{\"@id\":\"https:\/\/www.villafloresmartin.com\/es\/puesta-en-marcha-de-servicios-electricos-tras-el-covid-19\/#breadcrumb\"},\"inLanguage\":\"es\",\"potentialAction\":[{\"@type\":\"ReadAction\",\"target\":[\"https:\/\/www.villafloresmartin.com\/es\/puesta-en-marcha-de-servicios-electricos-tras-el-covid-19\/\"]}]},{\"@type\":\"ImageObject\",\"inLanguage\":\"es\",\"@id\":\"https:\/\/www.villafloresmartin.com\/es\/puesta-en-marcha-de-servicios-electricos-tras-el-covid-19\/#primaryimage\",\"url\":\"https:\/\/www.villafloresmartin.com\/es\/wp-content\/uploads\/2020\/07\/puesta-en-marcha-de-servicios-el\u00e9ctricos-tras-el-Covid-19-scaled.jpg\",\"contentUrl\":\"https:\/\/www.villafloresmartin.com\/es\/wp-content\/uploads\/2020\/07\/puesta-en-marcha-de-servicios-el\u00e9ctricos-tras-el-Covid-19-scaled.jpg\",\"width\":2560,\"height\":1707,\"caption\":\"puesta en marcha de servicios el\u00e9ctricos tras el Covid-19\"},{\"@type\":\"BreadcrumbList\",\"@id\":\"https:\/\/www.villafloresmartin.com\/es\/puesta-en-marcha-de-servicios-electricos-tras-el-covid-19\/#breadcrumb\",\"itemListElement\":[{\"@type\":\"ListItem\",\"position\":1,\"name\":\"Portada\",\"item\":\"https:\/\/www.villafloresmartin.com\/es\/\"},{\"@type\":\"ListItem\",\"position\":2,\"name\":\"Puesta en marcha de servicios el\u00e9ctricos tras el Covid-19\"}]},{\"@type\":\"WebSite\",\"@id\":\"https:\/\/www.villafloresmartin.com\/es\/#website\",\"url\":\"https:\/\/www.villafloresmartin.com\/es\/\",\"name\":\"Villa Flores Mart\u00edn\",\"description\":\"\",\"potentialAction\":[{\"@type\":\"SearchAction\",\"target\":{\"@type\":\"EntryPoint\",\"urlTemplate\":\"https:\/\/www.villafloresmartin.com\/es\/?s={search_term_string}\"},\"query-input\":{\"@type\":\"PropertyValueSpecification\",\"valueRequired\":true,\"valueName\":\"search_term_string\"}}],\"inLanguage\":\"es\"},{\"@type\":\"Person\",\"@id\":\"https:\/\/www.villafloresmartin.com\/es\/#\/schema\/person\/c2292207708e96921697bf002f8828be\",\"name\":\"admin\",\"image\":{\"@type\":\"ImageObject\",\"inLanguage\":\"es\",\"@id\":\"https:\/\/www.villafloresmartin.com\/es\/#\/schema\/person\/image\/\",\"url\":\"https:\/\/secure.gravatar.com\/avatar\/7982f03a93f66ccccbac0ad0746074089942e7448863241b5ddf94dec2148152?s=96&d=mm&r=g\",\"contentUrl\":\"https:\/\/secure.gravatar.com\/avatar\/7982f03a93f66ccccbac0ad0746074089942e7448863241b5ddf94dec2148152?s=96&d=mm&r=g\",\"caption\":\"admin\"}}]}<\/script>\n<!-- \/ Yoast SEO plugin. -->","yoast_head_json":{"title":"Puesta en marcha de servicios el\u00e9ctricos tras el Covid-19","description":"La crisis sanitaria provocada por el Covid-19 tiene efectos en todos los \u00e1mbitos de la sociedad... Puesta en marcha de servicios el\u00e9ctricos tras el Covid-19","robots":{"index":"index","follow":"follow","max-snippet":"max-snippet:-1","max-image-preview":"max-image-preview:large","max-video-preview":"max-video-preview:-1"},"canonical":"https:\/\/www.villafloresmartin.com\/es\/puesta-en-marcha-de-servicios-electricos-tras-el-covid-19\/","og_locale":"es_ES","og_type":"article","og_title":"Puesta en marcha de servicios el\u00e9ctricos tras el Covid-19","og_description":"La crisis sanitaria provocada por el Covid-19 tiene efectos en todos los \u00e1mbitos de la sociedad... Puesta en marcha de servicios el\u00e9ctricos tras el Covid-19","og_url":"https:\/\/www.villafloresmartin.com\/es\/puesta-en-marcha-de-servicios-electricos-tras-el-covid-19\/","og_site_name":"Villa Flores Mart\u00edn","article_published_time":"2020-07-15T10:52:00+00:00","article_modified_time":"2022-03-25T11:51:36+00:00","og_image":[{"width":2560,"height":1707,"url":"https:\/\/www.villafloresmartin.com\/es\/wp-content\/uploads\/2020\/07\/puesta-en-marcha-de-servicios-el\u00e9ctricos-tras-el-Covid-19-scaled.jpg","type":"image\/jpeg"}],"author":"admin","twitter_misc":{"Escrito por":"admin","Tiempo de lectura":"4 minutos"},"schema":{"@context":"https:\/\/schema.org","@graph":[{"@type":"Article","@id":"https:\/\/www.villafloresmartin.com\/es\/puesta-en-marcha-de-servicios-electricos-tras-el-covid-19\/#article","isPartOf":{"@id":"https:\/\/www.villafloresmartin.com\/es\/puesta-en-marcha-de-servicios-electricos-tras-el-covid-19\/"},"author":{"name":"admin","@id":"https:\/\/www.villafloresmartin.com\/es\/#\/schema\/person\/c2292207708e96921697bf002f8828be"},"headline":"Puesta en marcha de servicios el\u00e9ctricos tras el Covid-19","datePublished":"2020-07-15T10:52:00+00:00","dateModified":"2022-03-25T11:51:36+00:00","mainEntityOfPage":{"@id":"https:\/\/www.villafloresmartin.com\/es\/puesta-en-marcha-de-servicios-electricos-tras-el-covid-19\/"},"wordCount":765,"image":{"@id":"https:\/\/www.villafloresmartin.com\/es\/puesta-en-marcha-de-servicios-electricos-tras-el-covid-19\/#primaryimage"},"thumbnailUrl":"https:\/\/www.villafloresmartin.com\/es\/wp-content\/uploads\/2020\/07\/puesta-en-marcha-de-servicios-el\u00e9ctricos-tras-el-Covid-19-scaled.jpg","articleSection":["Noticias"],"inLanguage":"es"},{"@type":"WebPage","@id":"https:\/\/www.villafloresmartin.com\/es\/puesta-en-marcha-de-servicios-electricos-tras-el-covid-19\/","url":"https:\/\/www.villafloresmartin.com\/es\/puesta-en-marcha-de-servicios-electricos-tras-el-covid-19\/","name":"Puesta en marcha de servicios el\u00e9ctricos tras el Covid-19","isPartOf":{"@id":"https:\/\/www.villafloresmartin.com\/es\/#website"},"primaryImageOfPage":{"@id":"https:\/\/www.villafloresmartin.com\/es\/puesta-en-marcha-de-servicios-electricos-tras-el-covid-19\/#primaryimage"},"image":{"@id":"https:\/\/www.villafloresmartin.com\/es\/puesta-en-marcha-de-servicios-electricos-tras-el-covid-19\/#primaryimage"},"thumbnailUrl":"https:\/\/www.villafloresmartin.com\/es\/wp-content\/uploads\/2020\/07\/puesta-en-marcha-de-servicios-el\u00e9ctricos-tras-el-Covid-19-scaled.jpg","datePublished":"2020-07-15T10:52:00+00:00","dateModified":"2022-03-25T11:51:36+00:00","author":{"@id":"https:\/\/www.villafloresmartin.com\/es\/#\/schema\/person\/c2292207708e96921697bf002f8828be"},"description":"La crisis sanitaria provocada por el Covid-19 tiene efectos en todos los \u00e1mbitos de la sociedad... Puesta en marcha de servicios el\u00e9ctricos tras el Covid-19","breadcrumb":{"@id":"https:\/\/www.villafloresmartin.com\/es\/puesta-en-marcha-de-servicios-electricos-tras-el-covid-19\/#breadcrumb"},"inLanguage":"es","potentialAction":[{"@type":"ReadAction","target":["https:\/\/www.villafloresmartin.com\/es\/puesta-en-marcha-de-servicios-electricos-tras-el-covid-19\/"]}]},{"@type":"ImageObject","inLanguage":"es","@id":"https:\/\/www.villafloresmartin.com\/es\/puesta-en-marcha-de-servicios-electricos-tras-el-covid-19\/#primaryimage","url":"https:\/\/www.villafloresmartin.com\/es\/wp-content\/uploads\/2020\/07\/puesta-en-marcha-de-servicios-el\u00e9ctricos-tras-el-Covid-19-scaled.jpg","contentUrl":"https:\/\/www.villafloresmartin.com\/es\/wp-content\/uploads\/2020\/07\/puesta-en-marcha-de-servicios-el\u00e9ctricos-tras-el-Covid-19-scaled.jpg","width":2560,"height":1707,"caption":"puesta en marcha de servicios el\u00e9ctricos tras el Covid-19"},{"@type":"BreadcrumbList","@id":"https:\/\/www.villafloresmartin.com\/es\/puesta-en-marcha-de-servicios-electricos-tras-el-covid-19\/#breadcrumb","itemListElement":[{"@type":"ListItem","position":1,"name":"Portada","item":"https:\/\/www.villafloresmartin.com\/es\/"},{"@type":"ListItem","position":2,"name":"Puesta en marcha de servicios el\u00e9ctricos tras el Covid-19"}]},{"@type":"WebSite","@id":"https:\/\/www.villafloresmartin.com\/es\/#website","url":"https:\/\/www.villafloresmartin.com\/es\/","name":"Villa Flores Mart\u00edn","description":"","potentialAction":[{"@type":"SearchAction","target":{"@type":"EntryPoint","urlTemplate":"https:\/\/www.villafloresmartin.com\/es\/?s={search_term_string}"},"query-input":{"@type":"PropertyValueSpecification","valueRequired":true,"valueName":"search_term_string"}}],"inLanguage":"es"},{"@type":"Person","@id":"https:\/\/www.villafloresmartin.com\/es\/#\/schema\/person\/c2292207708e96921697bf002f8828be","name":"admin","image":{"@type":"ImageObject","inLanguage":"es","@id":"https:\/\/www.villafloresmartin.com\/es\/#\/schema\/person\/image\/","url":"https:\/\/secure.gravatar.com\/avatar\/7982f03a93f66ccccbac0ad0746074089942e7448863241b5ddf94dec2148152?s=96&d=mm&r=g","contentUrl":"https:\/\/secure.gravatar.com\/avatar\/7982f03a93f66ccccbac0ad0746074089942e7448863241b5ddf94dec2148152?s=96&d=mm&r=g","caption":"admin"}}]}},"_links":{"self":[{"href":"https:\/\/www.villafloresmartin.com\/es\/wp-json\/wp\/v2\/posts\/1851","targetHints":{"allow":["GET"]}}],"collection":[{"href":"https:\/\/www.villafloresmartin.com\/es\/wp-json\/wp\/v2\/posts"}],"about":[{"href":"https:\/\/www.villafloresmartin.com\/es\/wp-json\/wp\/v2\/types\/post"}],"author":[{"embeddable":true,"href":"https:\/\/www.villafloresmartin.com\/es\/wp-json\/wp\/v2\/users\/2"}],"replies":[{"embeddable":true,"href":"https:\/\/www.villafloresmartin.com\/es\/wp-json\/wp\/v2\/comments?post=1851"}],"version-history":[{"count":0,"href":"https:\/\/www.villafloresmartin.com\/es\/wp-json\/wp\/v2\/posts\/1851\/revisions"}],"wp:featuredmedia":[{"embeddable":true,"href":"https:\/\/www.villafloresmartin.com\/es\/wp-json\/wp\/v2\/media\/1853"}],"wp:attachment":[{"href":"https:\/\/www.villafloresmartin.com\/es\/wp-json\/wp\/v2\/media?parent=1851"}],"wp:term":[{"taxonomy":"category","embeddable":true,"href":"https:\/\/www.villafloresmartin.com\/es\/wp-json\/wp\/v2\/categories?post=1851"},{"taxonomy":"post_tag","embeddable":true,"href":"https:\/\/www.villafloresmartin.com\/es\/wp-json\/wp\/v2\/tags?post=1851"}],"curies":[{"name":"wp","href":"https:\/\/api.w.org\/{rel}","templated":true}]}}