{"id":1833,"date":"2020-06-13T17:29:02","date_gmt":"2020-06-13T15:29:02","guid":{"rendered":"https:\/\/www.villafloresmartin.com\/es\/?p=1833"},"modified":"2022-03-25T12:51:36","modified_gmt":"2022-03-25T11:51:36","slug":"bono-social-electrico-para-empresas-y-autonomos","status":"publish","type":"post","link":"https:\/\/www.villafloresmartin.com\/es\/bono-social-electrico-para-empresas-y-autonomos\/","title":{"rendered":"\u00bfEn qu\u00e9 consiste el bono social el\u00e9ctrico para empresas y aut\u00f3nomos?"},"content":{"rendered":"<p><img  title=\"\u00bfEn qu\u00e9 consiste el bono social el\u00e9ctrico para empresas y aut\u00f3nomos? - Villa Flores Mart\u00edn\" loading=\"lazy\" decoding=\"async\" class=\"size-full wp-image-1838\" style=\"font-weight: bold; font-size: inherit;\" src=\"https:\/\/www.villafloresmartin.com\/es\/wp-content\/uploads\/2020\/06\/bono-social-el\u00e9ctrico-para-empresa-y-aut\u00f3nomos-scaled-e1592840327846.jpg\"  alt=\"\u00bfEn qu\u00e9 consiste el bono social el\u00e9ctrico para empresas y aut\u00f3nomos? - Villa Flores Mart\u00edn\"  width=\"1200\" height=\"800\" srcset=\"https:\/\/www.villafloresmartin.com\/es\/wp-content\/uploads\/2020\/06\/bono-social-el\u00e9ctrico-para-empresa-y-aut\u00f3nomos-scaled-e1592840327846.jpg 1200w, https:\/\/www.villafloresmartin.com\/es\/wp-content\/uploads\/2020\/06\/bono-social-el\u00e9ctrico-para-empresa-y-aut\u00f3nomos-scaled-e1592840327846-300x200.jpg 300w, https:\/\/www.villafloresmartin.com\/es\/wp-content\/uploads\/2020\/06\/bono-social-el\u00e9ctrico-para-empresa-y-aut\u00f3nomos-scaled-e1592840327846-1024x683.jpg 1024w, https:\/\/www.villafloresmartin.com\/es\/wp-content\/uploads\/2020\/06\/bono-social-el\u00e9ctrico-para-empresa-y-aut\u00f3nomos-scaled-e1592840327846-768x512.jpg 768w, https:\/\/www.villafloresmartin.com\/es\/wp-content\/uploads\/2020\/06\/bono-social-el\u00e9ctrico-para-empresa-y-aut\u00f3nomos-scaled-e1592840327846-90x60.jpg 90w\" sizes=\"auto, (max-width: 1200px) 100vw, 1200px\" \/><\/p>\n<p><span style=\"font-size: 1rem;\">Tras la crisis <a href=\"https:\/\/www.villafloresmartin.com\/es\/trabajos-en-alta-tension\/\" target=\"_blank\" rel=\"noopener noreferrer\"><strong>sanitaria provocada por el Coronavirus<\/strong><\/a>, parece que poco a poco estamos volviendo a la que se ha denominado \u201cnueva normalidad\u201d. Con la mayor parte del pa\u00eds en Fase 3 de la desescalada y las cifras de afectados bajando por d\u00edas, ahora todo<a href=\"https:\/\/www.villafloresmartin.com\/es\/proyecto-de-ley-de-cambio-climatico-y-transicion-energetica\/\" target=\"_blank\" rel=\"noopener noreferrer\"><strong> el foco se centra en la reconstrucci\u00f3n econ\u00f3mica del pa\u00eds.<\/strong><\/a> Una de las medidas impulsadas para ello ha sido el <strong>bono social el\u00e9ctrico para empresas y aut\u00f3nomos.<\/strong><\/span><\/p>\n<p>Si te interesa este tema, sigue leyendo. Te contamos c\u00f3mo solicitarlo y empezar a beneficiarte de esta ayuda tan necesaria en estos dif\u00edciles momentos.<\/p>\n<h2>Quiero solicitar el bono social el\u00e9ctrico para empresa y aut\u00f3nomos, \u00bfqu\u00e9 tengo que hacer?<\/h2>\n<p>El <a href=\"https:\/\/www.lamoncloa.gob.es\/Paginas\/index.aspx\" target=\"_blank\" rel=\"noopener noreferrer\"><strong>Gobierno de Espa\u00f1a<\/strong><\/a> ha hecho p\u00fablico, a trav\u00e9s del Ministerio de Transici\u00f3n Ecol\u00f3gica, una nueva regulaci\u00f3n para el servicio el\u00e9ctrico de aquellas compa\u00f1\u00edas o trabajadores por cuenta propia que se hayan visto <strong>afectados por la pandemia, teniendo que cesar total o parcialmente su actividad.<\/strong><\/p>\n<p>Aquellos profesionales que puedan acreditar esta situaci\u00f3n podr\u00e1n acogerse al bono social el\u00e9ctrico para empresas y aut\u00f3nomos. <strong>Este bono consiste en un descuento del 25% en la factura de la luz del negocio considerado vulnerable<\/strong>.<\/p>\n<p>Seg\u00fan informa el Canal Empresa, esta norma queda recogida en la <a href=\"https:\/\/www.boe.es\/boe\/dias\/2020\/04\/04\/pdfs\/BOE-A-2020-4292.pdf\" target=\"_blank\" rel=\"noopener noreferrer\"><strong>Orden Ministerial TED\/320\/2020<\/strong><\/a>. La misma lleva asociado un modelo de solicitud que los profesionales tendr\u00e1n que cumplimentar para solicitar dicho bono.<\/p>\n<p><strong>Para poder acogerse, uno de los requisitos fundamentales es que las empresas o aut\u00f3nomos hayan visto disminuir su facturaci\u00f3n en un 75% con respecto al semestre anterior o, directamente, se hayan visto obligados a cesar su actividad.<\/strong><\/p>\n<p>La gesti\u00f3n puede hacerse por tel\u00e9fono, correo electr\u00f3nico u ordinario o fax a las comercializadoras el\u00e9ctricas de referencia, que ser\u00e1n las encargadas de financiarlo y ofrecerlo.<\/p>\n<p>Para ampliar informaci\u00f3n acerca de los requisitos, os dejamos el enlace al Ministerio para la Transici\u00f3n Ecol\u00f3gica y el Reto Demogr\u00e1fico: <a href=\"https:\/\/www.bonosocial.gob.es\/#requisitos\" target=\"_blank\" rel=\"noopener noreferrer\">https:\/\/www.bonosocial.gob.es\/#requisitos<\/a><\/p>\n<h2>VFM, siempre a tu servicio<\/h2>\n<p>En <a href=\"https:\/\/www.villafloresmartin.com\/es\/\" target=\"_blank\" rel=\"noopener noreferrer\"><strong>Villa Flores Mart\u00edn (VFM)<\/strong><\/a> contamos con una oficina t\u00e9cnica especializada en la gesti\u00f3n burocr\u00e1tica de tr\u00e1mites relacionados con el suministro el\u00e9ctrico. Para cualquier duda al respecto, ya sea por el bono social el\u00e9ctrico para empresas o aut\u00f3nomos u otro asunto relacionado con el sector, no esperes para<a href=\"https:\/\/www.villafloresmartin.com\/es\/contacto\/\" target=\"_blank\" rel=\"noopener noreferrer\"><strong> contactar con nosotros<\/strong><\/a>. Estaremos encantados de atenderte.<\/p>\n<p>&nbsp;<\/p>\n<p style=\"text-align: right;\">Fuentes: <a href=\"https:\/\/www.bonosocial.gob.es\/#beneficios\" target=\"_blank\" rel=\"noopener noreferrer\">Gobierno de Espa\u00f1a<\/a> y <a href=\"https:\/\/canalempresa.gencat.cat\/es\/01_que_voleu_fer\/mesuresempresesiautonoms\/mesures-economiques-i-socials-per-a-empreses-i-autonoms\/mesures-en-relacio-als-subministraments-basics\/bo-social-electric-per-a-autonoms\/\" target=\"_blank\" rel=\"noopener noreferrer\">Canal Empresa<\/a><br \/>\nImagen: <a href=\"http:\/\/freepik.es\/fotos-premium\/mayordomo-preocupo-tocar-frente-que-tiene-muchos-gastos-como-facturas-electricidad-facturas-internet-facturas-telefonos-moviles-facturas-tarjetas-credito-dinero-pagar-concepto-deudas_7420249.htm#page=1&amp;query=factura%20el\u00e9ctrica&amp;position=2\" target=\"_blank\" rel=\"noopener noreferrer\">Freepik<\/a><\/p>\n","protected":false},"excerpt":{"rendered":"<p>Tras la crisis sanitaria provocada por el Coronavirus, parece que poco a poco estamos volviendo a la que se ha denominado \u201cnueva normalidad\u201d. Con la mayor parte del pa\u00eds en Fase 3 de la desescalada y las cifras de afectados bajando por d\u00edas, ahora todo el foco se centra en la reconstrucci\u00f3n econ\u00f3mica del pa\u00eds. [&#8230;]<\/p>\n<p><a class=\"btn btn-secondary understrap-read-more-link\" href=\"https:\/\/www.villafloresmartin.com\/es\/bono-social-electrico-para-empresas-y-autonomos\/\">Leer m\u00e1s&#8230;<\/a><\/p>\n","protected":false},"author":2,"featured_media":1838,"comment_status":"closed","ping_status":"closed","sticky":false,"template":"","format":"standard","meta":{"footnotes":""},"categories":[16],"tags":[],"class_list":["post-1833","post","type-post","status-publish","format-standard","has-post-thumbnail","hentry","category-noticias"],"yoast_head":"<!-- This site is optimized with the Yoast SEO plugin v26.9 - https:\/\/yoast.com\/product\/yoast-seo-wordpress\/ -->\n<title>\u00bfEn qu\u00e9 consiste el bono social el\u00e9ctrico para empresas y aut\u00f3nomos?<\/title>\n<meta name=\"description\" content=\"Te contamos c\u00f3mo solicitarlo y empezar a beneficiarte de esta ayuda tan necesaria en estos dif\u00edciles... Bono social el\u00e9ctrico para empresas y aut\u00f3nomos\" \/>\n<meta name=\"robots\" content=\"index, follow, max-snippet:-1, max-image-preview:large, max-video-preview:-1\" \/>\n<link rel=\"canonical\" href=\"https:\/\/www.villafloresmartin.com\/es\/bono-social-electrico-para-empresas-y-autonomos\/\" \/>\n<meta property=\"og:locale\" content=\"es_ES\" \/>\n<meta property=\"og:type\" content=\"article\" \/>\n<meta property=\"og:title\" content=\"\u00bfEn qu\u00e9 consiste el bono social el\u00e9ctrico para empresas y aut\u00f3nomos?\" \/>\n<meta property=\"og:description\" content=\"Te contamos c\u00f3mo solicitarlo y empezar a beneficiarte de esta ayuda tan necesaria en estos dif\u00edciles... Bono social el\u00e9ctrico para empresas y aut\u00f3nomos\" \/>\n<meta property=\"og:url\" content=\"https:\/\/www.villafloresmartin.com\/es\/bono-social-electrico-para-empresas-y-autonomos\/\" \/>\n<meta property=\"og:site_name\" content=\"Villa Flores Mart\u00edn\" \/>\n<meta property=\"article:published_time\" content=\"2020-06-13T15:29:02+00:00\" \/>\n<meta property=\"article:modified_time\" content=\"2022-03-25T11:51:36+00:00\" \/>\n<meta property=\"og:image\" content=\"https:\/\/www.villafloresmartin.com\/es\/wp-content\/uploads\/2020\/06\/bono-social-el\u00e9ctrico-para-empresa-y-aut\u00f3nomos-scaled-e1592840327846.jpg\" \/>\n\t<meta property=\"og:image:width\" content=\"1200\" \/>\n\t<meta property=\"og:image:height\" content=\"800\" \/>\n\t<meta property=\"og:image:type\" content=\"image\/jpeg\" \/>\n<meta name=\"author\" content=\"admin\" \/>\n<meta name=\"twitter:label1\" content=\"Escrito por\" \/>\n\t<meta name=\"twitter:data1\" content=\"admin\" \/>\n\t<meta name=\"twitter:label2\" content=\"Tiempo de lectura\" \/>\n\t<meta name=\"twitter:data2\" content=\"2 minutos\" \/>\n<script type=\"application\/ld+json\" class=\"yoast-schema-graph\">{\"@context\":\"https:\/\/schema.org\",\"@graph\":[{\"@type\":\"Article\",\"@id\":\"https:\/\/www.villafloresmartin.com\/es\/bono-social-electrico-para-empresas-y-autonomos\/#article\",\"isPartOf\":{\"@id\":\"https:\/\/www.villafloresmartin.com\/es\/bono-social-electrico-para-empresas-y-autonomos\/\"},\"author\":{\"name\":\"admin\",\"@id\":\"https:\/\/www.villafloresmartin.com\/es\/#\/schema\/person\/c2292207708e96921697bf002f8828be\"},\"headline\":\"\u00bfEn qu\u00e9 consiste el bono social el\u00e9ctrico para empresas y aut\u00f3nomos?\",\"datePublished\":\"2020-06-13T15:29:02+00:00\",\"dateModified\":\"2022-03-25T11:51:36+00:00\",\"mainEntityOfPage\":{\"@id\":\"https:\/\/www.villafloresmartin.com\/es\/bono-social-electrico-para-empresas-y-autonomos\/\"},\"wordCount\":437,\"image\":{\"@id\":\"https:\/\/www.villafloresmartin.com\/es\/bono-social-electrico-para-empresas-y-autonomos\/#primaryimage\"},\"thumbnailUrl\":\"https:\/\/www.villafloresmartin.com\/es\/wp-content\/uploads\/2020\/06\/bono-social-el\u00e9ctrico-para-empresa-y-aut\u00f3nomos-scaled-e1592840327846.jpg\",\"articleSection\":[\"Noticias\"],\"inLanguage\":\"es\"},{\"@type\":\"WebPage\",\"@id\":\"https:\/\/www.villafloresmartin.com\/es\/bono-social-electrico-para-empresas-y-autonomos\/\",\"url\":\"https:\/\/www.villafloresmartin.com\/es\/bono-social-electrico-para-empresas-y-autonomos\/\",\"name\":\"\u00bfEn qu\u00e9 consiste el bono social el\u00e9ctrico para empresas y aut\u00f3nomos?\",\"isPartOf\":{\"@id\":\"https:\/\/www.villafloresmartin.com\/es\/#website\"},\"primaryImageOfPage\":{\"@id\":\"https:\/\/www.villafloresmartin.com\/es\/bono-social-electrico-para-empresas-y-autonomos\/#primaryimage\"},\"image\":{\"@id\":\"https:\/\/www.villafloresmartin.com\/es\/bono-social-electrico-para-empresas-y-autonomos\/#primaryimage\"},\"thumbnailUrl\":\"https:\/\/www.villafloresmartin.com\/es\/wp-content\/uploads\/2020\/06\/bono-social-el\u00e9ctrico-para-empresa-y-aut\u00f3nomos-scaled-e1592840327846.jpg\",\"datePublished\":\"2020-06-13T15:29:02+00:00\",\"dateModified\":\"2022-03-25T11:51:36+00:00\",\"author\":{\"@id\":\"https:\/\/www.villafloresmartin.com\/es\/#\/schema\/person\/c2292207708e96921697bf002f8828be\"},\"description\":\"Te contamos c\u00f3mo solicitarlo y empezar a beneficiarte de esta ayuda tan necesaria en estos dif\u00edciles... Bono social el\u00e9ctrico para empresas y aut\u00f3nomos\",\"breadcrumb\":{\"@id\":\"https:\/\/www.villafloresmartin.com\/es\/bono-social-electrico-para-empresas-y-autonomos\/#breadcrumb\"},\"inLanguage\":\"es\",\"potentialAction\":[{\"@type\":\"ReadAction\",\"target\":[\"https:\/\/www.villafloresmartin.com\/es\/bono-social-electrico-para-empresas-y-autonomos\/\"]}]},{\"@type\":\"ImageObject\",\"inLanguage\":\"es\",\"@id\":\"https:\/\/www.villafloresmartin.com\/es\/bono-social-electrico-para-empresas-y-autonomos\/#primaryimage\",\"url\":\"https:\/\/www.villafloresmartin.com\/es\/wp-content\/uploads\/2020\/06\/bono-social-el\u00e9ctrico-para-empresa-y-aut\u00f3nomos-scaled-e1592840327846.jpg\",\"contentUrl\":\"https:\/\/www.villafloresmartin.com\/es\/wp-content\/uploads\/2020\/06\/bono-social-el\u00e9ctrico-para-empresa-y-aut\u00f3nomos-scaled-e1592840327846.jpg\",\"width\":1200,\"height\":800,\"caption\":\"The butler worried hands touch forehead which has many expenses such as electricity bills, internet bills, mobile phone bills and credit card bills on hand, no money to pay. debts concept\"},{\"@type\":\"BreadcrumbList\",\"@id\":\"https:\/\/www.villafloresmartin.com\/es\/bono-social-electrico-para-empresas-y-autonomos\/#breadcrumb\",\"itemListElement\":[{\"@type\":\"ListItem\",\"position\":1,\"name\":\"Portada\",\"item\":\"https:\/\/www.villafloresmartin.com\/es\/\"},{\"@type\":\"ListItem\",\"position\":2,\"name\":\"\u00bfEn qu\u00e9 consiste el bono social el\u00e9ctrico para empresas y aut\u00f3nomos?\"}]},{\"@type\":\"WebSite\",\"@id\":\"https:\/\/www.villafloresmartin.com\/es\/#website\",\"url\":\"https:\/\/www.villafloresmartin.com\/es\/\",\"name\":\"Villa Flores Mart\u00edn\",\"description\":\"\",\"potentialAction\":[{\"@type\":\"SearchAction\",\"target\":{\"@type\":\"EntryPoint\",\"urlTemplate\":\"https:\/\/www.villafloresmartin.com\/es\/?s={search_term_string}\"},\"query-input\":{\"@type\":\"PropertyValueSpecification\",\"valueRequired\":true,\"valueName\":\"search_term_string\"}}],\"inLanguage\":\"es\"},{\"@type\":\"Person\",\"@id\":\"https:\/\/www.villafloresmartin.com\/es\/#\/schema\/person\/c2292207708e96921697bf002f8828be\",\"name\":\"admin\",\"image\":{\"@type\":\"ImageObject\",\"inLanguage\":\"es\",\"@id\":\"https:\/\/www.villafloresmartin.com\/es\/#\/schema\/person\/image\/\",\"url\":\"https:\/\/secure.gravatar.com\/avatar\/7982f03a93f66ccccbac0ad0746074089942e7448863241b5ddf94dec2148152?s=96&d=mm&r=g\",\"contentUrl\":\"https:\/\/secure.gravatar.com\/avatar\/7982f03a93f66ccccbac0ad0746074089942e7448863241b5ddf94dec2148152?s=96&d=mm&r=g\",\"caption\":\"admin\"}}]}<\/script>\n<!-- \/ Yoast SEO plugin. -->","yoast_head_json":{"title":"\u00bfEn qu\u00e9 consiste el bono social el\u00e9ctrico para empresas y aut\u00f3nomos?","description":"Te contamos c\u00f3mo solicitarlo y empezar a beneficiarte de esta ayuda tan necesaria en estos dif\u00edciles... Bono social el\u00e9ctrico para empresas y aut\u00f3nomos","robots":{"index":"index","follow":"follow","max-snippet":"max-snippet:-1","max-image-preview":"max-image-preview:large","max-video-preview":"max-video-preview:-1"},"canonical":"https:\/\/www.villafloresmartin.com\/es\/bono-social-electrico-para-empresas-y-autonomos\/","og_locale":"es_ES","og_type":"article","og_title":"\u00bfEn qu\u00e9 consiste el bono social el\u00e9ctrico para empresas y aut\u00f3nomos?","og_description":"Te contamos c\u00f3mo solicitarlo y empezar a beneficiarte de esta ayuda tan necesaria en estos dif\u00edciles... Bono social el\u00e9ctrico para empresas y aut\u00f3nomos","og_url":"https:\/\/www.villafloresmartin.com\/es\/bono-social-electrico-para-empresas-y-autonomos\/","og_site_name":"Villa Flores Mart\u00edn","article_published_time":"2020-06-13T15:29:02+00:00","article_modified_time":"2022-03-25T11:51:36+00:00","og_image":[{"width":1200,"height":800,"url":"https:\/\/www.villafloresmartin.com\/es\/wp-content\/uploads\/2020\/06\/bono-social-el\u00e9ctrico-para-empresa-y-aut\u00f3nomos-scaled-e1592840327846.jpg","type":"image\/jpeg"}],"author":"admin","twitter_misc":{"Escrito por":"admin","Tiempo de lectura":"2 minutos"},"schema":{"@context":"https:\/\/schema.org","@graph":[{"@type":"Article","@id":"https:\/\/www.villafloresmartin.com\/es\/bono-social-electrico-para-empresas-y-autonomos\/#article","isPartOf":{"@id":"https:\/\/www.villafloresmartin.com\/es\/bono-social-electrico-para-empresas-y-autonomos\/"},"author":{"name":"admin","@id":"https:\/\/www.villafloresmartin.com\/es\/#\/schema\/person\/c2292207708e96921697bf002f8828be"},"headline":"\u00bfEn qu\u00e9 consiste el bono social el\u00e9ctrico para empresas y aut\u00f3nomos?","datePublished":"2020-06-13T15:29:02+00:00","dateModified":"2022-03-25T11:51:36+00:00","mainEntityOfPage":{"@id":"https:\/\/www.villafloresmartin.com\/es\/bono-social-electrico-para-empresas-y-autonomos\/"},"wordCount":437,"image":{"@id":"https:\/\/www.villafloresmartin.com\/es\/bono-social-electrico-para-empresas-y-autonomos\/#primaryimage"},"thumbnailUrl":"https:\/\/www.villafloresmartin.com\/es\/wp-content\/uploads\/2020\/06\/bono-social-el\u00e9ctrico-para-empresa-y-aut\u00f3nomos-scaled-e1592840327846.jpg","articleSection":["Noticias"],"inLanguage":"es"},{"@type":"WebPage","@id":"https:\/\/www.villafloresmartin.com\/es\/bono-social-electrico-para-empresas-y-autonomos\/","url":"https:\/\/www.villafloresmartin.com\/es\/bono-social-electrico-para-empresas-y-autonomos\/","name":"\u00bfEn qu\u00e9 consiste el bono social el\u00e9ctrico para empresas y aut\u00f3nomos?","isPartOf":{"@id":"https:\/\/www.villafloresmartin.com\/es\/#website"},"primaryImageOfPage":{"@id":"https:\/\/www.villafloresmartin.com\/es\/bono-social-electrico-para-empresas-y-autonomos\/#primaryimage"},"image":{"@id":"https:\/\/www.villafloresmartin.com\/es\/bono-social-electrico-para-empresas-y-autonomos\/#primaryimage"},"thumbnailUrl":"https:\/\/www.villafloresmartin.com\/es\/wp-content\/uploads\/2020\/06\/bono-social-el\u00e9ctrico-para-empresa-y-aut\u00f3nomos-scaled-e1592840327846.jpg","datePublished":"2020-06-13T15:29:02+00:00","dateModified":"2022-03-25T11:51:36+00:00","author":{"@id":"https:\/\/www.villafloresmartin.com\/es\/#\/schema\/person\/c2292207708e96921697bf002f8828be"},"description":"Te contamos c\u00f3mo solicitarlo y empezar a beneficiarte de esta ayuda tan necesaria en estos dif\u00edciles... Bono social el\u00e9ctrico para empresas y aut\u00f3nomos","breadcrumb":{"@id":"https:\/\/www.villafloresmartin.com\/es\/bono-social-electrico-para-empresas-y-autonomos\/#breadcrumb"},"inLanguage":"es","potentialAction":[{"@type":"ReadAction","target":["https:\/\/www.villafloresmartin.com\/es\/bono-social-electrico-para-empresas-y-autonomos\/"]}]},{"@type":"ImageObject","inLanguage":"es","@id":"https:\/\/www.villafloresmartin.com\/es\/bono-social-electrico-para-empresas-y-autonomos\/#primaryimage","url":"https:\/\/www.villafloresmartin.com\/es\/wp-content\/uploads\/2020\/06\/bono-social-el\u00e9ctrico-para-empresa-y-aut\u00f3nomos-scaled-e1592840327846.jpg","contentUrl":"https:\/\/www.villafloresmartin.com\/es\/wp-content\/uploads\/2020\/06\/bono-social-el\u00e9ctrico-para-empresa-y-aut\u00f3nomos-scaled-e1592840327846.jpg","width":1200,"height":800,"caption":"The butler worried hands touch forehead which has many expenses such as electricity bills, internet bills, mobile phone bills and credit card bills on hand, no money to pay. debts concept"},{"@type":"BreadcrumbList","@id":"https:\/\/www.villafloresmartin.com\/es\/bono-social-electrico-para-empresas-y-autonomos\/#breadcrumb","itemListElement":[{"@type":"ListItem","position":1,"name":"Portada","item":"https:\/\/www.villafloresmartin.com\/es\/"},{"@type":"ListItem","position":2,"name":"\u00bfEn qu\u00e9 consiste el bono social el\u00e9ctrico para empresas y aut\u00f3nomos?"}]},{"@type":"WebSite","@id":"https:\/\/www.villafloresmartin.com\/es\/#website","url":"https:\/\/www.villafloresmartin.com\/es\/","name":"Villa Flores Mart\u00edn","description":"","potentialAction":[{"@type":"SearchAction","target":{"@type":"EntryPoint","urlTemplate":"https:\/\/www.villafloresmartin.com\/es\/?s={search_term_string}"},"query-input":{"@type":"PropertyValueSpecification","valueRequired":true,"valueName":"search_term_string"}}],"inLanguage":"es"},{"@type":"Person","@id":"https:\/\/www.villafloresmartin.com\/es\/#\/schema\/person\/c2292207708e96921697bf002f8828be","name":"admin","image":{"@type":"ImageObject","inLanguage":"es","@id":"https:\/\/www.villafloresmartin.com\/es\/#\/schema\/person\/image\/","url":"https:\/\/secure.gravatar.com\/avatar\/7982f03a93f66ccccbac0ad0746074089942e7448863241b5ddf94dec2148152?s=96&d=mm&r=g","contentUrl":"https:\/\/secure.gravatar.com\/avatar\/7982f03a93f66ccccbac0ad0746074089942e7448863241b5ddf94dec2148152?s=96&d=mm&r=g","caption":"admin"}}]}},"_links":{"self":[{"href":"https:\/\/www.villafloresmartin.com\/es\/wp-json\/wp\/v2\/posts\/1833","targetHints":{"allow":["GET"]}}],"collection":[{"href":"https:\/\/www.villafloresmartin.com\/es\/wp-json\/wp\/v2\/posts"}],"about":[{"href":"https:\/\/www.villafloresmartin.com\/es\/wp-json\/wp\/v2\/types\/post"}],"author":[{"embeddable":true,"href":"https:\/\/www.villafloresmartin.com\/es\/wp-json\/wp\/v2\/users\/2"}],"replies":[{"embeddable":true,"href":"https:\/\/www.villafloresmartin.com\/es\/wp-json\/wp\/v2\/comments?post=1833"}],"version-history":[{"count":0,"href":"https:\/\/www.villafloresmartin.com\/es\/wp-json\/wp\/v2\/posts\/1833\/revisions"}],"wp:featuredmedia":[{"embeddable":true,"href":"https:\/\/www.villafloresmartin.com\/es\/wp-json\/wp\/v2\/media\/1838"}],"wp:attachment":[{"href":"https:\/\/www.villafloresmartin.com\/es\/wp-json\/wp\/v2\/media?parent=1833"}],"wp:term":[{"taxonomy":"category","embeddable":true,"href":"https:\/\/www.villafloresmartin.com\/es\/wp-json\/wp\/v2\/categories?post=1833"},{"taxonomy":"post_tag","embeddable":true,"href":"https:\/\/www.villafloresmartin.com\/es\/wp-json\/wp\/v2\/tags?post=1833"}],"curies":[{"name":"wp","href":"https:\/\/api.w.org\/{rel}","templated":true}]}}