{"id":1823,"date":"2020-05-20T18:36:33","date_gmt":"2020-05-20T16:36:33","guid":{"rendered":"https:\/\/www.villafloresmartin.com\/es\/?p=1823"},"modified":"2022-03-25T12:51:37","modified_gmt":"2022-03-25T11:51:37","slug":"proyecto-de-ley-de-cambio-climatico-y-transicion-energetica","status":"publish","type":"post","link":"https:\/\/www.villafloresmartin.com\/es\/proyecto-de-ley-de-cambio-climatico-y-transicion-energetica\/","title":{"rendered":"Principales metas del Proyecto de Ley de Cambio Clim\u00e1tico y Transici\u00f3n Energ\u00e9tica"},"content":{"rendered":"<p><img  title=\"Principales metas del Proyecto de Ley de Cambio Clim\u00e1tico y Transici\u00f3n Energ\u00e9tica - Villa Flores Mart\u00edn\" loading=\"lazy\" decoding=\"async\" class=\"size-full wp-image-1826\" src=\"https:\/\/www.villafloresmartin.com\/es\/wp-content\/uploads\/2020\/06\/Proyecto-de-Ley-de-Cambio-Clim\u00e1tico-y-Transici\u00f3n-Energ\u00e9tica-scaled-e1591720742517.jpg\"  alt=\"Principales metas del Proyecto de Ley de Cambio Clim\u00e1tico y Transici\u00f3n Energ\u00e9tica - Villa Flores Mart\u00edn\"  width=\"1200\" height=\"800\" srcset=\"https:\/\/www.villafloresmartin.com\/es\/wp-content\/uploads\/2020\/06\/Proyecto-de-Ley-de-Cambio-Clim\u00e1tico-y-Transici\u00f3n-Energ\u00e9tica-scaled-e1591720742517.jpg 1200w, https:\/\/www.villafloresmartin.com\/es\/wp-content\/uploads\/2020\/06\/Proyecto-de-Ley-de-Cambio-Clim\u00e1tico-y-Transici\u00f3n-Energ\u00e9tica-scaled-e1591720742517-300x200.jpg 300w, https:\/\/www.villafloresmartin.com\/es\/wp-content\/uploads\/2020\/06\/Proyecto-de-Ley-de-Cambio-Clim\u00e1tico-y-Transici\u00f3n-Energ\u00e9tica-scaled-e1591720742517-1024x683.jpg 1024w, https:\/\/www.villafloresmartin.com\/es\/wp-content\/uploads\/2020\/06\/Proyecto-de-Ley-de-Cambio-Clim\u00e1tico-y-Transici\u00f3n-Energ\u00e9tica-scaled-e1591720742517-768x512.jpg 768w, https:\/\/www.villafloresmartin.com\/es\/wp-content\/uploads\/2020\/06\/Proyecto-de-Ley-de-Cambio-Clim\u00e1tico-y-Transici\u00f3n-Energ\u00e9tica-scaled-e1591720742517-90x60.jpg 90w\" sizes=\"auto, (max-width: 1200px) 100vw, 1200px\" \/><\/p>\n<p>El pasado 19 de mayo, el Gobierno de Espa\u00f1a, de mano de la vicepresidenta y ministra Teresa Ribero, daba a conocer el Proyecto de Ley de Cambio Clim\u00e1tico y Transici\u00f3n Energ\u00e9tica (PLCCTE). Un proyecto ambicioso, que apuesta por la sostenibilidad y que, adem\u00e1s, supondr\u00e1 la primera vez que llega a las Cortes una iniciativa que aborda esta tem\u00e1tica para ser debatida y tramitada.<!--more--><\/p>\n<p>Si bien, el Ejecutivo ha presentado este Proyecto de Ley de Cambio Clim\u00e1tico y Transici\u00f3n Energ\u00e9tica como la mejor herramienta para alcanzar la descarbonizaci\u00f3n total de la econom\u00eda nacional para 2050. Se sigue as\u00ed la l\u00ednea ya marcada por la Comisi\u00f3n Europea, que incentivaba a los Estados miembros a impulsar programas y planes m\u00e1s respetuosos con el medio ambiente.<\/p>\n<p>Asimismo, esta medida llega tambi\u00e9n con el deseo de ayudar a reactivar la econom\u00eda de Espa\u00f1a tras la<a href=\"https:\/\/www.villafloresmartin.com\/es\/recibo-electrico-en-tiempos-de-cuarentena\/\" target=\"_blank\" rel=\"noopener noreferrer\"><strong> terrible crisis sanitaria que est\u00e1 viviendo nuestro pa\u00eds debido al Covid-19.<\/strong><\/a><\/p>\n<h2>Primera fecha clave: a\u00f1o 2030<\/h2>\n<p>El primer objetivo a cumplir por el PLCCTE consiste en reducir las emisiones al menos un 20% con respecto a las cifras de 1990. Esto supone acabar con, aproximadamente, una de cada tres toneladas de CO2 que se generan en la actualidad.<\/p>\n<p>En esta l\u00ednea, el Proyecto de Ley de Cambio Clim\u00e1tico y Transici\u00f3n Energ\u00e9tica fija tambi\u00e9n para 2030 que el 70% de la electricidad producida sea a trav\u00e9s de energ\u00edas renovables.<\/p>\n<h2>Metas a alcanzar por el Proyecto de Ley de Cambio Clim\u00e1tico y Transici\u00f3n Energ\u00e9tica<\/h2>\n<ul>\n<li>\n<h3><strong>Apuesta decidida por las energ\u00edas renovables<\/strong><\/h3>\n<\/li>\n<\/ul>\n<p>Esta nueva normativa impulsar\u00e1 la instalaci\u00f3n y penetraci\u00f3n de las energ\u00edas renovables. En 2050 tendremos que ser 100% renovables en lo que al sistema el\u00e9ctrico se refiere.<\/p>\n<p>Seg\u00fan el el portal sectorial de las instalaciones, caloryfrio.com: \u201cEl texto prev\u00e9 desarrollar un nuevo marco retributivo para la generaci\u00f3n renovable basado en subastas y en el reconocimiento a largo plazo de un precio fijo por la energ\u00eda.<\/p>\n<p>Con ello, se ofrece previsibilidad y estabilidad en los ingresos al sector y se traslada a los consumidores, de forma directa, los ahorros asociados al despliegue de estas energ\u00edas, que son la fuente m\u00e1s barata\u201d.<\/p>\n<ul>\n<li>\n<h3><strong>Impulso al autoconsumo fotovoltaico<\/strong><\/h3>\n<\/li>\n<\/ul>\n<p>Tanto hogares como empresas se beneficiar\u00e1n de ayudas para fomentar el montaje de este tipo de sistemas. En <a href=\"https:\/\/www.villafloresmartin.com\/es\/\" target=\"_blank\" rel=\"noopener noreferrer\"><strong>Villa Flores Mart\u00edn<\/strong><\/a> podemos ayudarte, ya que <a href=\"https:\/\/www.villafloresmartin.com\/es\/averias-electricas-en-parques-eolicos\/\" target=\"_blank\" rel=\"noopener noreferrer\"><strong>contamos con experiencia en la instalaci\u00f3n de autoconsumo fotovoltaico conectado a la red, con bater\u00edas, aislado y tambi\u00e9n bombeo solar.<\/strong><\/a><\/p>\n<p>Un sistema adaptado a tus necesidades de consumo con el fin de que puedas ahorrar en tu factura de la luz. Solicita informaci\u00f3n sin compromiso.<\/p>\n<ul>\n<li>\n<h3><strong>Veh\u00edculo el\u00e9ctrico<\/strong><\/h3>\n<\/li>\n<\/ul>\n<p>Se prev\u00e9 que el campo de veh\u00edculos de turismos y comerciales ligeros no genere emisiones de CO2 en 2050. Para ello, a partir de 2040, quedar\u00e1 prohibido vender coches di\u00e9sel o gasolina en nuestro pa\u00eds.<\/p>\n<p>Asimismo, el Gobierno facilitar\u00e1 una plataforma de informaci\u00f3n sobre los puntos de recarga disponibles para facilitar al m\u00e1ximo la movilidad a los usuarios.<\/p>\n<p>Se obligar\u00e1 a los edificios de nueva construcci\u00f3n a contar con instalaciones de este tipo, as\u00ed como a las estaciones de servicio. Al menos un punto ser\u00e1 demandado. Si bien, ser\u00e1n infraestructuras de recarga el\u00e9ctrica de potencial igual o superior a 50kW de corriente continua para agilizar la carga.<\/p>\n<ul>\n<li>\n<h3><strong>Implantaci\u00f3n de zonas de bajas emisiones<\/strong><\/h3>\n<\/li>\n<\/ul>\n<p>Las localidades de m\u00e1s de 50.000 habitantes tendr\u00e1n que establecer zonas de bajas emisiones antes de 2023. En este sentido, se anima tambi\u00e9n a las comunidades a fomentar iniciativas que favorezcan el incremento de la utilizaci\u00f3n de la movilidad el\u00e9ctrica compartida.<\/p>\n<p>Estas son solo algunas de las muchas medidas que se recogen en el nuevo Proyecto de Ley de Cambio Clim\u00e1tico y Transici\u00f3n Energ\u00e9tica presentado por el Gobierno.<\/p>\n<p>Desde VFM animamos a todos a ser responsables con nuestro entorno y a potenciar las energ\u00edas renovables. Si deseas que nuestro departamento de Autoconsumo Fotovoltaico estudie tu caso, ya seas empresa o ususario final, <a href=\"https:\/\/www.villafloresmartin.com\/es\/contacto\/\" target=\"_blank\" rel=\"noopener noreferrer\"><strong>no tienes m\u00e1s que contactarnos. Estaremos encantados de atenderte.<\/strong><\/a><\/p>\n<p>&nbsp;<\/p>\n<p style=\"text-align: right;\">Fuente: <a href=\"https:\/\/www.caloryfrio.com\/noticias\/actualidad\/gobierno-modifica-anteproyecto-ley-cambio-climatico-transicion-energetica.html\" target=\"_blank\" rel=\"noopener noreferrer\">Caloryfrio.com<\/a><br \/>\nImagen: <a href=\"https:\/\/www.freepik.es\/fotos-premium\/panel-solar-aerogenerador-cultivan-energia-limpia_5258125.htm#query=energ%C3%ADas%20renovables&amp;position=7\" target=\"_blank\" rel=\"noopener noreferrer\">Freepik<\/a><\/p>\n","protected":false},"excerpt":{"rendered":"<p>El pasado 19 de mayo, el Gobierno de Espa\u00f1a, de mano de la vicepresidenta y ministra Teresa Ribero, daba a conocer el Proyecto de Ley de Cambio Clim\u00e1tico y Transici\u00f3n Energ\u00e9tica (PLCCTE). Un proyecto ambicioso, que apuesta por la sostenibilidad y que, adem\u00e1s, supondr\u00e1 la primera vez que llega a las Cortes una iniciativa que [&#8230;]<\/p>\n<p><a class=\"btn btn-secondary understrap-read-more-link\" href=\"https:\/\/www.villafloresmartin.com\/es\/proyecto-de-ley-de-cambio-climatico-y-transicion-energetica\/\">Leer m\u00e1s&#8230;<\/a><\/p>\n","protected":false},"author":2,"featured_media":1826,"comment_status":"closed","ping_status":"closed","sticky":false,"template":"","format":"standard","meta":{"footnotes":""},"categories":[16],"tags":[],"class_list":["post-1823","post","type-post","status-publish","format-standard","has-post-thumbnail","hentry","category-noticias"],"yoast_head":"<!-- This site is optimized with the Yoast SEO plugin v26.9 - https:\/\/yoast.com\/product\/yoast-seo-wordpress\/ -->\n<title>Metas del Proyecto de Ley de Cambio Clim\u00e1tico y Transici\u00f3n Energ\u00e9tica<\/title>\n<meta name=\"description\" content=\"Principales metas del Proyecto de Ley de Cambio Clim\u00e1tico y Transici\u00f3n Energ\u00e9tica... Proyecto de Ley de Cambio Clim\u00e1tico y Transici\u00f3n Energ\u00e9tica\" \/>\n<meta name=\"robots\" content=\"index, follow, max-snippet:-1, max-image-preview:large, max-video-preview:-1\" \/>\n<link rel=\"canonical\" href=\"https:\/\/www.villafloresmartin.com\/es\/proyecto-de-ley-de-cambio-climatico-y-transicion-energetica\/\" \/>\n<meta property=\"og:locale\" content=\"es_ES\" \/>\n<meta property=\"og:type\" content=\"article\" \/>\n<meta property=\"og:title\" content=\"Metas del Proyecto de Ley de Cambio Clim\u00e1tico y Transici\u00f3n Energ\u00e9tica\" \/>\n<meta property=\"og:description\" content=\"Principales metas del Proyecto de Ley de Cambio Clim\u00e1tico y Transici\u00f3n Energ\u00e9tica... Proyecto de Ley de Cambio Clim\u00e1tico y Transici\u00f3n Energ\u00e9tica\" \/>\n<meta property=\"og:url\" content=\"https:\/\/www.villafloresmartin.com\/es\/proyecto-de-ley-de-cambio-climatico-y-transicion-energetica\/\" \/>\n<meta property=\"og:site_name\" content=\"Villa Flores Mart\u00edn\" \/>\n<meta property=\"article:published_time\" content=\"2020-05-20T16:36:33+00:00\" \/>\n<meta property=\"article:modified_time\" content=\"2022-03-25T11:51:37+00:00\" \/>\n<meta property=\"og:image\" content=\"https:\/\/www.villafloresmartin.com\/es\/wp-content\/uploads\/2020\/06\/Proyecto-de-Ley-de-Cambio-Clim\u00e1tico-y-Transici\u00f3n-Energ\u00e9tica-scaled-e1591720742517.jpg\" \/>\n\t<meta property=\"og:image:width\" content=\"1200\" \/>\n\t<meta property=\"og:image:height\" content=\"800\" \/>\n\t<meta property=\"og:image:type\" content=\"image\/jpeg\" \/>\n<meta name=\"author\" content=\"admin\" \/>\n<meta name=\"twitter:label1\" content=\"Escrito por\" \/>\n\t<meta name=\"twitter:data1\" content=\"admin\" \/>\n\t<meta name=\"twitter:label2\" content=\"Tiempo de lectura\" \/>\n\t<meta name=\"twitter:data2\" content=\"4 minutos\" \/>\n<script type=\"application\/ld+json\" class=\"yoast-schema-graph\">{\"@context\":\"https:\/\/schema.org\",\"@graph\":[{\"@type\":\"Article\",\"@id\":\"https:\/\/www.villafloresmartin.com\/es\/proyecto-de-ley-de-cambio-climatico-y-transicion-energetica\/#article\",\"isPartOf\":{\"@id\":\"https:\/\/www.villafloresmartin.com\/es\/proyecto-de-ley-de-cambio-climatico-y-transicion-energetica\/\"},\"author\":{\"name\":\"admin\",\"@id\":\"https:\/\/www.villafloresmartin.com\/es\/#\/schema\/person\/c2292207708e96921697bf002f8828be\"},\"headline\":\"Principales metas del Proyecto de Ley de Cambio Clim\u00e1tico y Transici\u00f3n Energ\u00e9tica\",\"datePublished\":\"2020-05-20T16:36:33+00:00\",\"dateModified\":\"2022-03-25T11:51:37+00:00\",\"mainEntityOfPage\":{\"@id\":\"https:\/\/www.villafloresmartin.com\/es\/proyecto-de-ley-de-cambio-climatico-y-transicion-energetica\/\"},\"wordCount\":723,\"image\":{\"@id\":\"https:\/\/www.villafloresmartin.com\/es\/proyecto-de-ley-de-cambio-climatico-y-transicion-energetica\/#primaryimage\"},\"thumbnailUrl\":\"https:\/\/www.villafloresmartin.com\/es\/wp-content\/uploads\/2020\/06\/Proyecto-de-Ley-de-Cambio-Clim\u00e1tico-y-Transici\u00f3n-Energ\u00e9tica-scaled-e1591720742517.jpg\",\"articleSection\":[\"Noticias\"],\"inLanguage\":\"es\"},{\"@type\":\"WebPage\",\"@id\":\"https:\/\/www.villafloresmartin.com\/es\/proyecto-de-ley-de-cambio-climatico-y-transicion-energetica\/\",\"url\":\"https:\/\/www.villafloresmartin.com\/es\/proyecto-de-ley-de-cambio-climatico-y-transicion-energetica\/\",\"name\":\"Metas del Proyecto de Ley de Cambio Clim\u00e1tico y Transici\u00f3n Energ\u00e9tica\",\"isPartOf\":{\"@id\":\"https:\/\/www.villafloresmartin.com\/es\/#website\"},\"primaryImageOfPage\":{\"@id\":\"https:\/\/www.villafloresmartin.com\/es\/proyecto-de-ley-de-cambio-climatico-y-transicion-energetica\/#primaryimage\"},\"image\":{\"@id\":\"https:\/\/www.villafloresmartin.com\/es\/proyecto-de-ley-de-cambio-climatico-y-transicion-energetica\/#primaryimage\"},\"thumbnailUrl\":\"https:\/\/www.villafloresmartin.com\/es\/wp-content\/uploads\/2020\/06\/Proyecto-de-Ley-de-Cambio-Clim\u00e1tico-y-Transici\u00f3n-Energ\u00e9tica-scaled-e1591720742517.jpg\",\"datePublished\":\"2020-05-20T16:36:33+00:00\",\"dateModified\":\"2022-03-25T11:51:37+00:00\",\"author\":{\"@id\":\"https:\/\/www.villafloresmartin.com\/es\/#\/schema\/person\/c2292207708e96921697bf002f8828be\"},\"description\":\"Principales metas del Proyecto de Ley de Cambio Clim\u00e1tico y Transici\u00f3n Energ\u00e9tica... Proyecto de Ley de Cambio Clim\u00e1tico y Transici\u00f3n Energ\u00e9tica\",\"breadcrumb\":{\"@id\":\"https:\/\/www.villafloresmartin.com\/es\/proyecto-de-ley-de-cambio-climatico-y-transicion-energetica\/#breadcrumb\"},\"inLanguage\":\"es\",\"potentialAction\":[{\"@type\":\"ReadAction\",\"target\":[\"https:\/\/www.villafloresmartin.com\/es\/proyecto-de-ley-de-cambio-climatico-y-transicion-energetica\/\"]}]},{\"@type\":\"ImageObject\",\"inLanguage\":\"es\",\"@id\":\"https:\/\/www.villafloresmartin.com\/es\/proyecto-de-ley-de-cambio-climatico-y-transicion-energetica\/#primaryimage\",\"url\":\"https:\/\/www.villafloresmartin.com\/es\/wp-content\/uploads\/2020\/06\/Proyecto-de-Ley-de-Cambio-Clim\u00e1tico-y-Transici\u00f3n-Energ\u00e9tica-scaled-e1591720742517.jpg\",\"contentUrl\":\"https:\/\/www.villafloresmartin.com\/es\/wp-content\/uploads\/2020\/06\/Proyecto-de-Ley-de-Cambio-Clim\u00e1tico-y-Transici\u00f3n-Energ\u00e9tica-scaled-e1591720742517.jpg\",\"width\":1200,\"height\":800,\"caption\":\"Solar energy panel photovoltaic cell and wind turbine farm power generator in nature landscape.\"},{\"@type\":\"BreadcrumbList\",\"@id\":\"https:\/\/www.villafloresmartin.com\/es\/proyecto-de-ley-de-cambio-climatico-y-transicion-energetica\/#breadcrumb\",\"itemListElement\":[{\"@type\":\"ListItem\",\"position\":1,\"name\":\"Portada\",\"item\":\"https:\/\/www.villafloresmartin.com\/es\/\"},{\"@type\":\"ListItem\",\"position\":2,\"name\":\"Principales metas del Proyecto de Ley de Cambio Clim\u00e1tico y Transici\u00f3n Energ\u00e9tica\"}]},{\"@type\":\"WebSite\",\"@id\":\"https:\/\/www.villafloresmartin.com\/es\/#website\",\"url\":\"https:\/\/www.villafloresmartin.com\/es\/\",\"name\":\"Villa Flores Mart\u00edn\",\"description\":\"\",\"potentialAction\":[{\"@type\":\"SearchAction\",\"target\":{\"@type\":\"EntryPoint\",\"urlTemplate\":\"https:\/\/www.villafloresmartin.com\/es\/?s={search_term_string}\"},\"query-input\":{\"@type\":\"PropertyValueSpecification\",\"valueRequired\":true,\"valueName\":\"search_term_string\"}}],\"inLanguage\":\"es\"},{\"@type\":\"Person\",\"@id\":\"https:\/\/www.villafloresmartin.com\/es\/#\/schema\/person\/c2292207708e96921697bf002f8828be\",\"name\":\"admin\",\"image\":{\"@type\":\"ImageObject\",\"inLanguage\":\"es\",\"@id\":\"https:\/\/www.villafloresmartin.com\/es\/#\/schema\/person\/image\/\",\"url\":\"https:\/\/secure.gravatar.com\/avatar\/7982f03a93f66ccccbac0ad0746074089942e7448863241b5ddf94dec2148152?s=96&d=mm&r=g\",\"contentUrl\":\"https:\/\/secure.gravatar.com\/avatar\/7982f03a93f66ccccbac0ad0746074089942e7448863241b5ddf94dec2148152?s=96&d=mm&r=g\",\"caption\":\"admin\"}}]}<\/script>\n<!-- \/ Yoast SEO plugin. -->","yoast_head_json":{"title":"Metas del Proyecto de Ley de Cambio Clim\u00e1tico y Transici\u00f3n Energ\u00e9tica","description":"Principales metas del Proyecto de Ley de Cambio Clim\u00e1tico y Transici\u00f3n Energ\u00e9tica... Proyecto de Ley de Cambio Clim\u00e1tico y Transici\u00f3n Energ\u00e9tica","robots":{"index":"index","follow":"follow","max-snippet":"max-snippet:-1","max-image-preview":"max-image-preview:large","max-video-preview":"max-video-preview:-1"},"canonical":"https:\/\/www.villafloresmartin.com\/es\/proyecto-de-ley-de-cambio-climatico-y-transicion-energetica\/","og_locale":"es_ES","og_type":"article","og_title":"Metas del Proyecto de Ley de Cambio Clim\u00e1tico y Transici\u00f3n Energ\u00e9tica","og_description":"Principales metas del Proyecto de Ley de Cambio Clim\u00e1tico y Transici\u00f3n Energ\u00e9tica... Proyecto de Ley de Cambio Clim\u00e1tico y Transici\u00f3n Energ\u00e9tica","og_url":"https:\/\/www.villafloresmartin.com\/es\/proyecto-de-ley-de-cambio-climatico-y-transicion-energetica\/","og_site_name":"Villa Flores Mart\u00edn","article_published_time":"2020-05-20T16:36:33+00:00","article_modified_time":"2022-03-25T11:51:37+00:00","og_image":[{"width":1200,"height":800,"url":"https:\/\/www.villafloresmartin.com\/es\/wp-content\/uploads\/2020\/06\/Proyecto-de-Ley-de-Cambio-Clim\u00e1tico-y-Transici\u00f3n-Energ\u00e9tica-scaled-e1591720742517.jpg","type":"image\/jpeg"}],"author":"admin","twitter_misc":{"Escrito por":"admin","Tiempo de lectura":"4 minutos"},"schema":{"@context":"https:\/\/schema.org","@graph":[{"@type":"Article","@id":"https:\/\/www.villafloresmartin.com\/es\/proyecto-de-ley-de-cambio-climatico-y-transicion-energetica\/#article","isPartOf":{"@id":"https:\/\/www.villafloresmartin.com\/es\/proyecto-de-ley-de-cambio-climatico-y-transicion-energetica\/"},"author":{"name":"admin","@id":"https:\/\/www.villafloresmartin.com\/es\/#\/schema\/person\/c2292207708e96921697bf002f8828be"},"headline":"Principales metas del Proyecto de Ley de Cambio Clim\u00e1tico y Transici\u00f3n Energ\u00e9tica","datePublished":"2020-05-20T16:36:33+00:00","dateModified":"2022-03-25T11:51:37+00:00","mainEntityOfPage":{"@id":"https:\/\/www.villafloresmartin.com\/es\/proyecto-de-ley-de-cambio-climatico-y-transicion-energetica\/"},"wordCount":723,"image":{"@id":"https:\/\/www.villafloresmartin.com\/es\/proyecto-de-ley-de-cambio-climatico-y-transicion-energetica\/#primaryimage"},"thumbnailUrl":"https:\/\/www.villafloresmartin.com\/es\/wp-content\/uploads\/2020\/06\/Proyecto-de-Ley-de-Cambio-Clim\u00e1tico-y-Transici\u00f3n-Energ\u00e9tica-scaled-e1591720742517.jpg","articleSection":["Noticias"],"inLanguage":"es"},{"@type":"WebPage","@id":"https:\/\/www.villafloresmartin.com\/es\/proyecto-de-ley-de-cambio-climatico-y-transicion-energetica\/","url":"https:\/\/www.villafloresmartin.com\/es\/proyecto-de-ley-de-cambio-climatico-y-transicion-energetica\/","name":"Metas del Proyecto de Ley de Cambio Clim\u00e1tico y Transici\u00f3n Energ\u00e9tica","isPartOf":{"@id":"https:\/\/www.villafloresmartin.com\/es\/#website"},"primaryImageOfPage":{"@id":"https:\/\/www.villafloresmartin.com\/es\/proyecto-de-ley-de-cambio-climatico-y-transicion-energetica\/#primaryimage"},"image":{"@id":"https:\/\/www.villafloresmartin.com\/es\/proyecto-de-ley-de-cambio-climatico-y-transicion-energetica\/#primaryimage"},"thumbnailUrl":"https:\/\/www.villafloresmartin.com\/es\/wp-content\/uploads\/2020\/06\/Proyecto-de-Ley-de-Cambio-Clim\u00e1tico-y-Transici\u00f3n-Energ\u00e9tica-scaled-e1591720742517.jpg","datePublished":"2020-05-20T16:36:33+00:00","dateModified":"2022-03-25T11:51:37+00:00","author":{"@id":"https:\/\/www.villafloresmartin.com\/es\/#\/schema\/person\/c2292207708e96921697bf002f8828be"},"description":"Principales metas del Proyecto de Ley de Cambio Clim\u00e1tico y Transici\u00f3n Energ\u00e9tica... Proyecto de Ley de Cambio Clim\u00e1tico y Transici\u00f3n Energ\u00e9tica","breadcrumb":{"@id":"https:\/\/www.villafloresmartin.com\/es\/proyecto-de-ley-de-cambio-climatico-y-transicion-energetica\/#breadcrumb"},"inLanguage":"es","potentialAction":[{"@type":"ReadAction","target":["https:\/\/www.villafloresmartin.com\/es\/proyecto-de-ley-de-cambio-climatico-y-transicion-energetica\/"]}]},{"@type":"ImageObject","inLanguage":"es","@id":"https:\/\/www.villafloresmartin.com\/es\/proyecto-de-ley-de-cambio-climatico-y-transicion-energetica\/#primaryimage","url":"https:\/\/www.villafloresmartin.com\/es\/wp-content\/uploads\/2020\/06\/Proyecto-de-Ley-de-Cambio-Clim\u00e1tico-y-Transici\u00f3n-Energ\u00e9tica-scaled-e1591720742517.jpg","contentUrl":"https:\/\/www.villafloresmartin.com\/es\/wp-content\/uploads\/2020\/06\/Proyecto-de-Ley-de-Cambio-Clim\u00e1tico-y-Transici\u00f3n-Energ\u00e9tica-scaled-e1591720742517.jpg","width":1200,"height":800,"caption":"Solar energy panel photovoltaic cell and wind turbine farm power generator in nature landscape."},{"@type":"BreadcrumbList","@id":"https:\/\/www.villafloresmartin.com\/es\/proyecto-de-ley-de-cambio-climatico-y-transicion-energetica\/#breadcrumb","itemListElement":[{"@type":"ListItem","position":1,"name":"Portada","item":"https:\/\/www.villafloresmartin.com\/es\/"},{"@type":"ListItem","position":2,"name":"Principales metas del Proyecto de Ley de Cambio Clim\u00e1tico y Transici\u00f3n Energ\u00e9tica"}]},{"@type":"WebSite","@id":"https:\/\/www.villafloresmartin.com\/es\/#website","url":"https:\/\/www.villafloresmartin.com\/es\/","name":"Villa Flores Mart\u00edn","description":"","potentialAction":[{"@type":"SearchAction","target":{"@type":"EntryPoint","urlTemplate":"https:\/\/www.villafloresmartin.com\/es\/?s={search_term_string}"},"query-input":{"@type":"PropertyValueSpecification","valueRequired":true,"valueName":"search_term_string"}}],"inLanguage":"es"},{"@type":"Person","@id":"https:\/\/www.villafloresmartin.com\/es\/#\/schema\/person\/c2292207708e96921697bf002f8828be","name":"admin","image":{"@type":"ImageObject","inLanguage":"es","@id":"https:\/\/www.villafloresmartin.com\/es\/#\/schema\/person\/image\/","url":"https:\/\/secure.gravatar.com\/avatar\/7982f03a93f66ccccbac0ad0746074089942e7448863241b5ddf94dec2148152?s=96&d=mm&r=g","contentUrl":"https:\/\/secure.gravatar.com\/avatar\/7982f03a93f66ccccbac0ad0746074089942e7448863241b5ddf94dec2148152?s=96&d=mm&r=g","caption":"admin"}}]}},"_links":{"self":[{"href":"https:\/\/www.villafloresmartin.com\/es\/wp-json\/wp\/v2\/posts\/1823","targetHints":{"allow":["GET"]}}],"collection":[{"href":"https:\/\/www.villafloresmartin.com\/es\/wp-json\/wp\/v2\/posts"}],"about":[{"href":"https:\/\/www.villafloresmartin.com\/es\/wp-json\/wp\/v2\/types\/post"}],"author":[{"embeddable":true,"href":"https:\/\/www.villafloresmartin.com\/es\/wp-json\/wp\/v2\/users\/2"}],"replies":[{"embeddable":true,"href":"https:\/\/www.villafloresmartin.com\/es\/wp-json\/wp\/v2\/comments?post=1823"}],"version-history":[{"count":0,"href":"https:\/\/www.villafloresmartin.com\/es\/wp-json\/wp\/v2\/posts\/1823\/revisions"}],"wp:featuredmedia":[{"embeddable":true,"href":"https:\/\/www.villafloresmartin.com\/es\/wp-json\/wp\/v2\/media\/1826"}],"wp:attachment":[{"href":"https:\/\/www.villafloresmartin.com\/es\/wp-json\/wp\/v2\/media?parent=1823"}],"wp:term":[{"taxonomy":"category","embeddable":true,"href":"https:\/\/www.villafloresmartin.com\/es\/wp-json\/wp\/v2\/categories?post=1823"},{"taxonomy":"post_tag","embeddable":true,"href":"https:\/\/www.villafloresmartin.com\/es\/wp-json\/wp\/v2\/tags?post=1823"}],"curies":[{"name":"wp","href":"https:\/\/api.w.org\/{rel}","templated":true}]}}