{"id":1815,"date":"2020-05-27T18:12:12","date_gmt":"2020-05-27T16:12:12","guid":{"rendered":"https:\/\/www.villafloresmartin.com\/es\/?p=1815"},"modified":"2022-03-25T12:51:37","modified_gmt":"2022-03-25T11:51:37","slug":"reparacion-profesional-de-averias-en-instalaciones-electricas","status":"publish","type":"post","link":"https:\/\/www.villafloresmartin.com\/es\/reparacion-profesional-de-averias-en-instalaciones-electricas\/","title":{"rendered":"\u00bfCu\u00e1ndo recurrir a la reparaci\u00f3n profesional de aver\u00edas en instalaciones el\u00e9ctricas?"},"content":{"rendered":"<p>&nbsp;<\/p>\n<p>&nbsp;<\/p>\n<p>&nbsp;<\/p>\n<p>&nbsp;<\/p>\n<figure id=\"attachment_1818\" aria-describedby=\"caption-attachment-1818\" style=\"width: 1200px\" class=\"wp-caption alignleft\"><img  title=\"\u00bfCu\u00e1ndo recurrir a la reparaci\u00f3n profesional de aver\u00edas en instalaciones el\u00e9ctricas? - Villa Flores Mart\u00edn\" loading=\"lazy\" decoding=\"async\" class=\"wp-image-1818 size-full\" src=\"https:\/\/www.villafloresmartin.com\/es\/wp-content\/uploads\/2020\/06\/reparaci\u00f3n-profesional-de-aver\u00edas-en-instalaciones-el\u00e9ctricas-scaled-e1591719382803.jpg\"  alt=\"\u00bfCu\u00e1ndo recurrir a la reparaci\u00f3n profesional de aver\u00edas en instalaciones el\u00e9ctricas? - Villa Flores Mart\u00edn\"  width=\"1200\" height=\"502\" srcset=\"https:\/\/www.villafloresmartin.com\/es\/wp-content\/uploads\/2020\/06\/reparaci\u00f3n-profesional-de-aver\u00edas-en-instalaciones-el\u00e9ctricas-scaled-e1591719382803.jpg 1200w, https:\/\/www.villafloresmartin.com\/es\/wp-content\/uploads\/2020\/06\/reparaci\u00f3n-profesional-de-aver\u00edas-en-instalaciones-el\u00e9ctricas-scaled-e1591719382803-300x126.jpg 300w, https:\/\/www.villafloresmartin.com\/es\/wp-content\/uploads\/2020\/06\/reparaci\u00f3n-profesional-de-aver\u00edas-en-instalaciones-el\u00e9ctricas-scaled-e1591719382803-1024x428.jpg 1024w, https:\/\/www.villafloresmartin.com\/es\/wp-content\/uploads\/2020\/06\/reparaci\u00f3n-profesional-de-aver\u00edas-en-instalaciones-el\u00e9ctricas-scaled-e1591719382803-768x321.jpg 768w, https:\/\/www.villafloresmartin.com\/es\/wp-content\/uploads\/2020\/06\/reparaci\u00f3n-profesional-de-aver\u00edas-en-instalaciones-el\u00e9ctricas-scaled-e1591719382803-143x60.jpg 143w\" sizes=\"auto, (max-width: 1200px) 100vw, 1200px\" \/><figcaption id=\"caption-attachment-1818\" class=\"wp-caption-text\"><span style=\"font-size: 1rem;\">Los problemas el\u00e9ctricos pueden ser de diversa tipolog\u00eda y envergadura. Sin embargo, aquellos que afectan a las l\u00edneas a\u00e9reas o subterr\u00e1neas tan s\u00f3lo deben ser abordados por expertos que tengan experiencia en la materia. <strong>Del correcto funcionamiento de este tipo de instalaciones depende que la energ\u00eda fluya correctamente a nuestros hogares y empresas<\/strong>. Por tanto, no se debe dudar a la hora de recurrir a la reparaci\u00f3n profesional de aver\u00edas en instalaciones el\u00e9ctricas.<a href=\"https:\/\/www.villafloresmartin.com\/es\/reparaciones-24h-de-electricidad-industrial\/\" target=\"_blank\" rel=\"noopener noreferrer\"><strong> As\u00ed ahorraremos tanto tiempo como dinero.<\/strong><\/a><\/span><\/figcaption><\/figure>\n<p><!--more--><\/p>\n<h2>Aver\u00edas el\u00e9ctricas m\u00e1s frecuentes<\/h2>\n<p>Desgraciadamente, todos hemos tenido que experimentar un problema el\u00e9ctrico que se ha dado en el momento menos oportuno. Pues bien, a continuaci\u00f3n os contamos a qu\u00e9 suelen deberse estos cortes en el suministro que tanto nos incomodan como usuarios finales.<\/p>\n<ul>\n<li>\n<h3><strong>Cortocircuito<\/strong><\/h3>\n<\/li>\n<\/ul>\n<p>Se genera un cortocircuito cuando dos conductores de electricidad de distinta polaridad se juntan haciendo contacto entre s\u00ed. Esta uni\u00f3n provoca un aumento de tensi\u00f3n que acaba quemando el aislante del cableado, haciendo que la red el\u00e9ctrica cortocircuite.<\/p>\n<ul>\n<li>\n<h3><strong>Subida de tensi\u00f3n<\/strong><\/h3>\n<\/li>\n<\/ul>\n<p>La sobretensi\u00f3n, m\u00e1s conocida como subida de tensi\u00f3n, es aquella que se produce cuando hay un aumento repentino del voltaje entre dos puntos de un circuito o instalaci\u00f3n el\u00e9ctrica.<\/p>\n<p>Existen diferentes modalidades de subida de tensi\u00f3n. Por un lado est\u00e1n las transitorias, que son impulsos muy elevados de tensi\u00f3n (decenas de Kilovoltios) con una duraci\u00f3n de microsegundos, cuya causa principal son las descargas el\u00e9ctricas, aunque tambi\u00e9n son motivadas por conmutaciones o perturbaciones de la red.<\/p>\n<p>Por otro lado, las subidas de tensi\u00f3n permanentes que son aumentos superiores al 10% de la tensi\u00f3n nominal y de una duraci\u00f3n indeterminada. Generalmente tienen lugar por la descompensaci\u00f3n de las fases en los centros de distribuci\u00f3n debido a la rotura del neutro.<\/p>\n<ul>\n<li>\n<h3><strong>P\u00e9rdida de aislamiento<\/strong><\/h3>\n<\/li>\n<\/ul>\n<p>Esta situaci\u00f3n se produce cuando los materiales encargados de aislar la electricidad en el cableado por el que circula la energ\u00eda est\u00e1n en mal estado. No protegen la instalaci\u00f3n y provocan cortes de suministro.<\/p>\n<ul>\n<li>\n<h3><strong>Problemas con los cables de distribuci\u00f3n<\/strong><\/h3>\n<\/li>\n<\/ul>\n<p>Otra de las aver\u00edas m\u00e1s comunes es el envejecimiento o deterioro de los cables de red que transportan la electricidad desde el punto de generaci\u00f3n hasta los puntos de consumo, transformando la energ\u00eda en luz, calor u otras formas.<\/p>\n<h2>Herramientas necesarias para una reparaci\u00f3n profesional de aver\u00edas en instalaciones el\u00e9ctricas a\u00e9reas o subterr\u00e1neas<\/h2>\n<p>En <a href=\"https:\/\/www.villafloresmartin.com\/es\/\" target=\"_blank\" rel=\"noopener noreferrer\"><strong>Villa Flores Mart\u00edn (VFM)<\/strong> <\/a>tenemos los medios t\u00e9cnicos y humanos adecuados para ejecutar una reparaci\u00f3n profesional de aver\u00edas en instalaciones el\u00e9ctricas de forma eficiente. Adem\u00e1s, contamos con un<strong> servicio de urgencias disponible las 24 horas durante los 365 d\u00edas del a\u00f1o.<\/strong><\/p>\n<p>No importa d\u00f3nde tenga lugar el problema el\u00e9ctrico, siempre buscamos la mejor soluci\u00f3n porque estamos especializados en:<\/p>\n<ul>\n<li><strong>L\u00edneas a\u00e9reas de Alta, Media y Baja Tensi\u00f3n.<\/strong><\/li>\n<li><strong>L\u00edneas subterr\u00e1neas de Alta, Media y Baja Tensi\u00f3n.<\/strong><\/li>\n<li><strong>Centros de transformaci\u00f3n de energ\u00eda interiores o intemperie.<\/strong><\/li>\n<li><strong>Sustituci\u00f3n de transformadores.<\/strong><\/li>\n<\/ul>\n<p>Se hace necesario poner de manifiesto que disponemos de <strong>t\u00e9cnicos cualificados y debidamente formados<\/strong> para el uso de nuestros equipos. Asimismo, VFM emplea el ensayo de tensi\u00f3n soportada a onda oscilante y el m\u00e9todo de descargas parciales para dar soluci\u00f3n a buena parte de las aver\u00edas el\u00e9ctricas a las que nos enfrentamos.<\/p>\n<p>Aunque, sin duda, lo que nos diferencia es contar con<strong> tecnolog\u00eda de \u00faltima generaci\u00f3n<\/strong> para resolver estas incidencias de forma r\u00e1pida y sencilla.<\/p>\n<p>Por ello, contamos con dos <strong>laboratorios m\u00f3viles completamente equipados<\/strong> con la \u00faltima tecnolog\u00eda de aplicaci\u00f3n en diagnosis de l\u00edneas el\u00e9ctricas. En su interior se dispone de equipos trif\u00e1sicos con un rango de tensi\u00f3n de hasta 80 KV, los cuales se encuentran instalados sobre el furg\u00f3n para dar la mayor rapidez de respuesta a todos los clientes.<\/p>\n<p>Este equipamiento nos permite, adem\u00e1s de las funciones propias de localizaci\u00f3n de aver\u00edas, trazar l\u00edneas subterr\u00e1neas, llevar a cabo la identificaci\u00f3n de fases o conductores, ensayos de aislamiento, entre otras tareas.<\/p>\n<p><strong>Otro servicio estrella es el de la<a href=\"https:\/\/www.villafloresmartin.com\/es\/mantenimiento-preventivo-en-instalaciones-electricas\/\" target=\"_blank\" rel=\"noopener noreferrer\"> prelocalizaci\u00f3n de aver\u00edas y un correcto mantenimiento preventivo<\/a>,<\/strong> que nos ayuda a efectuar un marcaje r\u00e1pido y certero del punto donde se sit\u00faa el problema.<\/p>\n<p>Con todo este amplio equipamiento, podemos enfrentarnos a cualquier tipo de reparaci\u00f3n profesional de aver\u00edas en instalaciones el\u00e9ctricas. Ponemos ante ti un servicio integral y \u00f3ptimo.<\/p>\n<p>Si tienes cualquier consulta en este sentido, no dudes en <strong><a href=\"https:\/\/www.villafloresmartin.com\/es\/contacto\/\" target=\"_blank\" rel=\"noopener noreferrer\">contactar con nosotros<\/a>.<\/strong> Estaremos encantados de atenderte.<\/p>\n<p>&nbsp;<\/p>\n<p style=\"text-align: right;\">Fuente: <a href=\"https:\/\/www.mipodo.com\/blog\/ahorro\/subida-de-tension-como-identificarla-y-solucionarla\/\" target=\"_blank\" rel=\"noopener noreferrer\">Podo<\/a><br \/>\nImagen: <a href=\"https:\/\/www.freepik.es\/fotos-premium\/ingeniero-electrico-utilizando-multimetro-digital-verificar-voltaje-actual-tablero-distribucion-principal_8336620.htm#page=1&amp;query=cuadro%20el%C3%A9ctrico&amp;position=27\" target=\"_blank\" rel=\"noopener noreferrer\">Freepik<\/a><\/p>\n","protected":false},"excerpt":{"rendered":"<p>&nbsp; &nbsp; &nbsp; &nbsp; [&#8230;]<\/p>\n<p><a class=\"btn btn-secondary understrap-read-more-link\" href=\"https:\/\/www.villafloresmartin.com\/es\/reparacion-profesional-de-averias-en-instalaciones-electricas\/\">Leer m\u00e1s&#8230;<\/a><\/p>\n","protected":false},"author":2,"featured_media":1818,"comment_status":"closed","ping_status":"closed","sticky":false,"template":"","format":"standard","meta":{"footnotes":""},"categories":[16],"tags":[],"class_list":["post-1815","post","type-post","status-publish","format-standard","has-post-thumbnail","hentry","category-noticias"],"yoast_head":"<!-- This site is optimized with the Yoast SEO plugin v26.9 - https:\/\/yoast.com\/product\/yoast-seo-wordpress\/ -->\n<title>Reparaci\u00f3n profesional de aver\u00edas en instalaciones el\u00e9ctricas<\/title>\n<meta name=\"description\" content=\"Los problemas el\u00e9ctricos pueden ser de diversa tipolog\u00eda y envergadura. Sin embargo... Reparaci\u00f3n profesional de aver\u00edas en instalaciones el\u00e9ctricas\" \/>\n<meta name=\"robots\" content=\"index, follow, max-snippet:-1, max-image-preview:large, max-video-preview:-1\" \/>\n<link rel=\"canonical\" href=\"https:\/\/www.villafloresmartin.com\/es\/reparacion-profesional-de-averias-en-instalaciones-electricas\/\" \/>\n<meta property=\"og:locale\" content=\"es_ES\" \/>\n<meta property=\"og:type\" content=\"article\" \/>\n<meta property=\"og:title\" content=\"Reparaci\u00f3n profesional de aver\u00edas en instalaciones el\u00e9ctricas\" \/>\n<meta property=\"og:description\" content=\"Los problemas el\u00e9ctricos pueden ser de diversa tipolog\u00eda y envergadura. Sin embargo... Reparaci\u00f3n profesional de aver\u00edas en instalaciones el\u00e9ctricas\" \/>\n<meta property=\"og:url\" content=\"https:\/\/www.villafloresmartin.com\/es\/reparacion-profesional-de-averias-en-instalaciones-electricas\/\" \/>\n<meta property=\"og:site_name\" content=\"Villa Flores Mart\u00edn\" \/>\n<meta property=\"article:published_time\" content=\"2020-05-27T16:12:12+00:00\" \/>\n<meta property=\"article:modified_time\" content=\"2022-03-25T11:51:37+00:00\" \/>\n<meta property=\"og:image\" content=\"https:\/\/www.villafloresmartin.com\/es\/wp-content\/uploads\/2020\/06\/reparaci\u00f3n-profesional-de-aver\u00edas-en-instalaciones-el\u00e9ctricas-scaled-e1591719382803.jpg\" \/>\n\t<meta property=\"og:image:width\" content=\"1200\" \/>\n\t<meta property=\"og:image:height\" content=\"502\" \/>\n\t<meta property=\"og:image:type\" content=\"image\/jpeg\" \/>\n<meta name=\"author\" content=\"admin\" \/>\n<meta name=\"twitter:label1\" content=\"Escrito por\" \/>\n\t<meta name=\"twitter:data1\" content=\"admin\" \/>\n\t<meta name=\"twitter:label2\" content=\"Tiempo de lectura\" \/>\n\t<meta name=\"twitter:data2\" content=\"4 minutos\" \/>\n<script type=\"application\/ld+json\" class=\"yoast-schema-graph\">{\"@context\":\"https:\/\/schema.org\",\"@graph\":[{\"@type\":\"Article\",\"@id\":\"https:\/\/www.villafloresmartin.com\/es\/reparacion-profesional-de-averias-en-instalaciones-electricas\/#article\",\"isPartOf\":{\"@id\":\"https:\/\/www.villafloresmartin.com\/es\/reparacion-profesional-de-averias-en-instalaciones-electricas\/\"},\"author\":{\"name\":\"admin\",\"@id\":\"https:\/\/www.villafloresmartin.com\/es\/#\/schema\/person\/c2292207708e96921697bf002f8828be\"},\"headline\":\"\u00bfCu\u00e1ndo recurrir a la reparaci\u00f3n profesional de aver\u00edas en instalaciones el\u00e9ctricas?\",\"datePublished\":\"2020-05-27T16:12:12+00:00\",\"dateModified\":\"2022-03-25T11:51:37+00:00\",\"mainEntityOfPage\":{\"@id\":\"https:\/\/www.villafloresmartin.com\/es\/reparacion-profesional-de-averias-en-instalaciones-electricas\/\"},\"wordCount\":829,\"image\":{\"@id\":\"https:\/\/www.villafloresmartin.com\/es\/reparacion-profesional-de-averias-en-instalaciones-electricas\/#primaryimage\"},\"thumbnailUrl\":\"https:\/\/www.villafloresmartin.com\/es\/wp-content\/uploads\/2020\/06\/reparaci\u00f3n-profesional-de-aver\u00edas-en-instalaciones-el\u00e9ctricas-scaled-e1591719382803.jpg\",\"articleSection\":[\"Noticias\"],\"inLanguage\":\"es\"},{\"@type\":\"WebPage\",\"@id\":\"https:\/\/www.villafloresmartin.com\/es\/reparacion-profesional-de-averias-en-instalaciones-electricas\/\",\"url\":\"https:\/\/www.villafloresmartin.com\/es\/reparacion-profesional-de-averias-en-instalaciones-electricas\/\",\"name\":\"Reparaci\u00f3n profesional de aver\u00edas en instalaciones el\u00e9ctricas\",\"isPartOf\":{\"@id\":\"https:\/\/www.villafloresmartin.com\/es\/#website\"},\"primaryImageOfPage\":{\"@id\":\"https:\/\/www.villafloresmartin.com\/es\/reparacion-profesional-de-averias-en-instalaciones-electricas\/#primaryimage\"},\"image\":{\"@id\":\"https:\/\/www.villafloresmartin.com\/es\/reparacion-profesional-de-averias-en-instalaciones-electricas\/#primaryimage\"},\"thumbnailUrl\":\"https:\/\/www.villafloresmartin.com\/es\/wp-content\/uploads\/2020\/06\/reparaci\u00f3n-profesional-de-aver\u00edas-en-instalaciones-el\u00e9ctricas-scaled-e1591719382803.jpg\",\"datePublished\":\"2020-05-27T16:12:12+00:00\",\"dateModified\":\"2022-03-25T11:51:37+00:00\",\"author\":{\"@id\":\"https:\/\/www.villafloresmartin.com\/es\/#\/schema\/person\/c2292207708e96921697bf002f8828be\"},\"description\":\"Los problemas el\u00e9ctricos pueden ser de diversa tipolog\u00eda y envergadura. Sin embargo... Reparaci\u00f3n profesional de aver\u00edas en instalaciones el\u00e9ctricas\",\"breadcrumb\":{\"@id\":\"https:\/\/www.villafloresmartin.com\/es\/reparacion-profesional-de-averias-en-instalaciones-electricas\/#breadcrumb\"},\"inLanguage\":\"es\",\"potentialAction\":[{\"@type\":\"ReadAction\",\"target\":[\"https:\/\/www.villafloresmartin.com\/es\/reparacion-profesional-de-averias-en-instalaciones-electricas\/\"]}]},{\"@type\":\"ImageObject\",\"inLanguage\":\"es\",\"@id\":\"https:\/\/www.villafloresmartin.com\/es\/reparacion-profesional-de-averias-en-instalaciones-electricas\/#primaryimage\",\"url\":\"https:\/\/www.villafloresmartin.com\/es\/wp-content\/uploads\/2020\/06\/reparaci\u00f3n-profesional-de-aver\u00edas-en-instalaciones-el\u00e9ctricas-scaled-e1591719382803.jpg\",\"contentUrl\":\"https:\/\/www.villafloresmartin.com\/es\/wp-content\/uploads\/2020\/06\/reparaci\u00f3n-profesional-de-aver\u00edas-en-instalaciones-el\u00e9ctricas-scaled-e1591719382803.jpg\",\"width\":1200,\"height\":502,\"caption\":\"Electrical engineer using digital multi-meter to check current voltage at circuit breaker in main distribution board.\"},{\"@type\":\"BreadcrumbList\",\"@id\":\"https:\/\/www.villafloresmartin.com\/es\/reparacion-profesional-de-averias-en-instalaciones-electricas\/#breadcrumb\",\"itemListElement\":[{\"@type\":\"ListItem\",\"position\":1,\"name\":\"Portada\",\"item\":\"https:\/\/www.villafloresmartin.com\/es\/\"},{\"@type\":\"ListItem\",\"position\":2,\"name\":\"\u00bfCu\u00e1ndo recurrir a la reparaci\u00f3n profesional de aver\u00edas en instalaciones el\u00e9ctricas?\"}]},{\"@type\":\"WebSite\",\"@id\":\"https:\/\/www.villafloresmartin.com\/es\/#website\",\"url\":\"https:\/\/www.villafloresmartin.com\/es\/\",\"name\":\"Villa Flores Mart\u00edn\",\"description\":\"\",\"potentialAction\":[{\"@type\":\"SearchAction\",\"target\":{\"@type\":\"EntryPoint\",\"urlTemplate\":\"https:\/\/www.villafloresmartin.com\/es\/?s={search_term_string}\"},\"query-input\":{\"@type\":\"PropertyValueSpecification\",\"valueRequired\":true,\"valueName\":\"search_term_string\"}}],\"inLanguage\":\"es\"},{\"@type\":\"Person\",\"@id\":\"https:\/\/www.villafloresmartin.com\/es\/#\/schema\/person\/c2292207708e96921697bf002f8828be\",\"name\":\"admin\",\"image\":{\"@type\":\"ImageObject\",\"inLanguage\":\"es\",\"@id\":\"https:\/\/www.villafloresmartin.com\/es\/#\/schema\/person\/image\/\",\"url\":\"https:\/\/secure.gravatar.com\/avatar\/7982f03a93f66ccccbac0ad0746074089942e7448863241b5ddf94dec2148152?s=96&d=mm&r=g\",\"contentUrl\":\"https:\/\/secure.gravatar.com\/avatar\/7982f03a93f66ccccbac0ad0746074089942e7448863241b5ddf94dec2148152?s=96&d=mm&r=g\",\"caption\":\"admin\"}}]}<\/script>\n<!-- \/ Yoast SEO plugin. -->","yoast_head_json":{"title":"Reparaci\u00f3n profesional de aver\u00edas en instalaciones el\u00e9ctricas","description":"Los problemas el\u00e9ctricos pueden ser de diversa tipolog\u00eda y envergadura. Sin embargo... Reparaci\u00f3n profesional de aver\u00edas en instalaciones el\u00e9ctricas","robots":{"index":"index","follow":"follow","max-snippet":"max-snippet:-1","max-image-preview":"max-image-preview:large","max-video-preview":"max-video-preview:-1"},"canonical":"https:\/\/www.villafloresmartin.com\/es\/reparacion-profesional-de-averias-en-instalaciones-electricas\/","og_locale":"es_ES","og_type":"article","og_title":"Reparaci\u00f3n profesional de aver\u00edas en instalaciones el\u00e9ctricas","og_description":"Los problemas el\u00e9ctricos pueden ser de diversa tipolog\u00eda y envergadura. Sin embargo... Reparaci\u00f3n profesional de aver\u00edas en instalaciones el\u00e9ctricas","og_url":"https:\/\/www.villafloresmartin.com\/es\/reparacion-profesional-de-averias-en-instalaciones-electricas\/","og_site_name":"Villa Flores Mart\u00edn","article_published_time":"2020-05-27T16:12:12+00:00","article_modified_time":"2022-03-25T11:51:37+00:00","og_image":[{"width":1200,"height":502,"url":"https:\/\/www.villafloresmartin.com\/es\/wp-content\/uploads\/2020\/06\/reparaci\u00f3n-profesional-de-aver\u00edas-en-instalaciones-el\u00e9ctricas-scaled-e1591719382803.jpg","type":"image\/jpeg"}],"author":"admin","twitter_misc":{"Escrito por":"admin","Tiempo de lectura":"4 minutos"},"schema":{"@context":"https:\/\/schema.org","@graph":[{"@type":"Article","@id":"https:\/\/www.villafloresmartin.com\/es\/reparacion-profesional-de-averias-en-instalaciones-electricas\/#article","isPartOf":{"@id":"https:\/\/www.villafloresmartin.com\/es\/reparacion-profesional-de-averias-en-instalaciones-electricas\/"},"author":{"name":"admin","@id":"https:\/\/www.villafloresmartin.com\/es\/#\/schema\/person\/c2292207708e96921697bf002f8828be"},"headline":"\u00bfCu\u00e1ndo recurrir a la reparaci\u00f3n profesional de aver\u00edas en instalaciones el\u00e9ctricas?","datePublished":"2020-05-27T16:12:12+00:00","dateModified":"2022-03-25T11:51:37+00:00","mainEntityOfPage":{"@id":"https:\/\/www.villafloresmartin.com\/es\/reparacion-profesional-de-averias-en-instalaciones-electricas\/"},"wordCount":829,"image":{"@id":"https:\/\/www.villafloresmartin.com\/es\/reparacion-profesional-de-averias-en-instalaciones-electricas\/#primaryimage"},"thumbnailUrl":"https:\/\/www.villafloresmartin.com\/es\/wp-content\/uploads\/2020\/06\/reparaci\u00f3n-profesional-de-aver\u00edas-en-instalaciones-el\u00e9ctricas-scaled-e1591719382803.jpg","articleSection":["Noticias"],"inLanguage":"es"},{"@type":"WebPage","@id":"https:\/\/www.villafloresmartin.com\/es\/reparacion-profesional-de-averias-en-instalaciones-electricas\/","url":"https:\/\/www.villafloresmartin.com\/es\/reparacion-profesional-de-averias-en-instalaciones-electricas\/","name":"Reparaci\u00f3n profesional de aver\u00edas en instalaciones el\u00e9ctricas","isPartOf":{"@id":"https:\/\/www.villafloresmartin.com\/es\/#website"},"primaryImageOfPage":{"@id":"https:\/\/www.villafloresmartin.com\/es\/reparacion-profesional-de-averias-en-instalaciones-electricas\/#primaryimage"},"image":{"@id":"https:\/\/www.villafloresmartin.com\/es\/reparacion-profesional-de-averias-en-instalaciones-electricas\/#primaryimage"},"thumbnailUrl":"https:\/\/www.villafloresmartin.com\/es\/wp-content\/uploads\/2020\/06\/reparaci\u00f3n-profesional-de-aver\u00edas-en-instalaciones-el\u00e9ctricas-scaled-e1591719382803.jpg","datePublished":"2020-05-27T16:12:12+00:00","dateModified":"2022-03-25T11:51:37+00:00","author":{"@id":"https:\/\/www.villafloresmartin.com\/es\/#\/schema\/person\/c2292207708e96921697bf002f8828be"},"description":"Los problemas el\u00e9ctricos pueden ser de diversa tipolog\u00eda y envergadura. Sin embargo... Reparaci\u00f3n profesional de aver\u00edas en instalaciones el\u00e9ctricas","breadcrumb":{"@id":"https:\/\/www.villafloresmartin.com\/es\/reparacion-profesional-de-averias-en-instalaciones-electricas\/#breadcrumb"},"inLanguage":"es","potentialAction":[{"@type":"ReadAction","target":["https:\/\/www.villafloresmartin.com\/es\/reparacion-profesional-de-averias-en-instalaciones-electricas\/"]}]},{"@type":"ImageObject","inLanguage":"es","@id":"https:\/\/www.villafloresmartin.com\/es\/reparacion-profesional-de-averias-en-instalaciones-electricas\/#primaryimage","url":"https:\/\/www.villafloresmartin.com\/es\/wp-content\/uploads\/2020\/06\/reparaci\u00f3n-profesional-de-aver\u00edas-en-instalaciones-el\u00e9ctricas-scaled-e1591719382803.jpg","contentUrl":"https:\/\/www.villafloresmartin.com\/es\/wp-content\/uploads\/2020\/06\/reparaci\u00f3n-profesional-de-aver\u00edas-en-instalaciones-el\u00e9ctricas-scaled-e1591719382803.jpg","width":1200,"height":502,"caption":"Electrical engineer using digital multi-meter to check current voltage at circuit breaker in main distribution board."},{"@type":"BreadcrumbList","@id":"https:\/\/www.villafloresmartin.com\/es\/reparacion-profesional-de-averias-en-instalaciones-electricas\/#breadcrumb","itemListElement":[{"@type":"ListItem","position":1,"name":"Portada","item":"https:\/\/www.villafloresmartin.com\/es\/"},{"@type":"ListItem","position":2,"name":"\u00bfCu\u00e1ndo recurrir a la reparaci\u00f3n profesional de aver\u00edas en instalaciones el\u00e9ctricas?"}]},{"@type":"WebSite","@id":"https:\/\/www.villafloresmartin.com\/es\/#website","url":"https:\/\/www.villafloresmartin.com\/es\/","name":"Villa Flores Mart\u00edn","description":"","potentialAction":[{"@type":"SearchAction","target":{"@type":"EntryPoint","urlTemplate":"https:\/\/www.villafloresmartin.com\/es\/?s={search_term_string}"},"query-input":{"@type":"PropertyValueSpecification","valueRequired":true,"valueName":"search_term_string"}}],"inLanguage":"es"},{"@type":"Person","@id":"https:\/\/www.villafloresmartin.com\/es\/#\/schema\/person\/c2292207708e96921697bf002f8828be","name":"admin","image":{"@type":"ImageObject","inLanguage":"es","@id":"https:\/\/www.villafloresmartin.com\/es\/#\/schema\/person\/image\/","url":"https:\/\/secure.gravatar.com\/avatar\/7982f03a93f66ccccbac0ad0746074089942e7448863241b5ddf94dec2148152?s=96&d=mm&r=g","contentUrl":"https:\/\/secure.gravatar.com\/avatar\/7982f03a93f66ccccbac0ad0746074089942e7448863241b5ddf94dec2148152?s=96&d=mm&r=g","caption":"admin"}}]}},"_links":{"self":[{"href":"https:\/\/www.villafloresmartin.com\/es\/wp-json\/wp\/v2\/posts\/1815","targetHints":{"allow":["GET"]}}],"collection":[{"href":"https:\/\/www.villafloresmartin.com\/es\/wp-json\/wp\/v2\/posts"}],"about":[{"href":"https:\/\/www.villafloresmartin.com\/es\/wp-json\/wp\/v2\/types\/post"}],"author":[{"embeddable":true,"href":"https:\/\/www.villafloresmartin.com\/es\/wp-json\/wp\/v2\/users\/2"}],"replies":[{"embeddable":true,"href":"https:\/\/www.villafloresmartin.com\/es\/wp-json\/wp\/v2\/comments?post=1815"}],"version-history":[{"count":0,"href":"https:\/\/www.villafloresmartin.com\/es\/wp-json\/wp\/v2\/posts\/1815\/revisions"}],"wp:featuredmedia":[{"embeddable":true,"href":"https:\/\/www.villafloresmartin.com\/es\/wp-json\/wp\/v2\/media\/1818"}],"wp:attachment":[{"href":"https:\/\/www.villafloresmartin.com\/es\/wp-json\/wp\/v2\/media?parent=1815"}],"wp:term":[{"taxonomy":"category","embeddable":true,"href":"https:\/\/www.villafloresmartin.com\/es\/wp-json\/wp\/v2\/categories?post=1815"},{"taxonomy":"post_tag","embeddable":true,"href":"https:\/\/www.villafloresmartin.com\/es\/wp-json\/wp\/v2\/tags?post=1815"}],"curies":[{"name":"wp","href":"https:\/\/api.w.org\/{rel}","templated":true}]}}