{"id":1482,"date":"2018-11-20T12:42:48","date_gmt":"2018-11-20T11:42:48","guid":{"rendered":"https:\/\/www.villafloresmartin.com\/es\/?p=1482"},"modified":"2022-03-25T12:51:56","modified_gmt":"2022-03-25T11:51:56","slug":"instalacion-electrica-de-alumbrado-publico","status":"publish","type":"post","link":"https:\/\/www.villafloresmartin.com\/es\/instalacion-electrica-de-alumbrado-publico\/","title":{"rendered":"Medidas de ahorro en la instalaci\u00f3n el\u00e9ctrica de alumbrado p\u00fablico"},"content":{"rendered":"<p><img  title=\"Medidas de ahorro en la instalaci\u00f3n el\u00e9ctrica de alumbrado p\u00fablico - Villa Flores Mart\u00edn\" loading=\"lazy\" decoding=\"async\" class=\"wp-image-1483 size-full aligncenter\" src=\"https:\/\/www.villafloresmartin.com\/es\/wp-content\/uploads\/2018\/11\/instalacio\u0301n-ele\u0301ctrica-de-alumbrado-pu\u0301blico-1.jpg\"  alt=\"Medidas de ahorro en la instalaci\u00f3n el\u00e9ctrica de alumbrado p\u00fablico - Villa Flores Mart\u00edn\"  width=\"1200\" height=\"600\" srcset=\"https:\/\/www.villafloresmartin.com\/es\/wp-content\/uploads\/2018\/11\/instalacio\u0301n-ele\u0301ctrica-de-alumbrado-pu\u0301blico-1.jpg 1200w, https:\/\/www.villafloresmartin.com\/es\/wp-content\/uploads\/2018\/11\/instalacio\u0301n-ele\u0301ctrica-de-alumbrado-pu\u0301blico-1-300x150.jpg 300w, https:\/\/www.villafloresmartin.com\/es\/wp-content\/uploads\/2018\/11\/instalacio\u0301n-ele\u0301ctrica-de-alumbrado-pu\u0301blico-1-1024x512.jpg 1024w, https:\/\/www.villafloresmartin.com\/es\/wp-content\/uploads\/2018\/11\/instalacio\u0301n-ele\u0301ctrica-de-alumbrado-pu\u0301blico-1-768x384.jpg 768w, https:\/\/www.villafloresmartin.com\/es\/wp-content\/uploads\/2018\/11\/instalacio\u0301n-ele\u0301ctrica-de-alumbrado-pu\u0301blico-1-120x60.jpg 120w\" sizes=\"auto, (max-width: 1200px) 100vw, 1200px\" \/><\/p>\n<p>Seg\u00fan estudios del <a href=\"http:\/\/www.idae.es\/\" target=\"_blank\" rel=\"noopener\"><strong>Instituto para la Diversificaci\u00f3n y Ahorro de Energ\u00eda (IDAE)<\/strong><\/a>, la instalaci\u00f3n el\u00e9ctrica de alumbrado p\u00fablico puede llegar a representar hasta el <strong>30-40%<\/strong> <strong>del consumo energ\u00e9tico de una ciudad<\/strong>. Adem\u00e1s, esto se puede trasladar al plano monetario en una cifra de hasta el <strong>50-60% del gasto presupuestario<\/strong> asumido por el ayuntamiento.<\/p>\n<p>Estos datos nos hacen plantearnos la enorme necesidad de tomar <strong>medidas de <a href=\"http:\/\/www.idae.es\/tecnologias\/eficiencia-energetica\">eficiencia energ\u00e9tica<\/a><\/strong> a la hora de instalar o renovar el alumbrado p\u00fablico de nuestras ciudades y municipios. Pero, antes de lanzarnos a realizar este tipo de inversiones, es necesario tener claros algunos puntos imprescindibles a la hora de <strong>alcanzar un ahorro real en este plano<\/strong>. \u00a1Te contamos aqu\u00ed algunos de los m\u00e1s importantes!<\/p>\n<h2>Uso de tecnolog\u00edas eficientes en la instalaci\u00f3n el\u00e9ctrica de alumbrado p\u00fablico<\/h2>\n<p>Una de las medidas m\u00e1s importantes y, a la vez, m\u00e1s evidentes, es la utilizaci\u00f3n de <strong>innovaciones tecnol\u00f3gicas<\/strong> eficientes a la hora de alumbrar nuestras calles. El uso de <strong>LEDs<\/strong> en sustituci\u00f3n de las bombillas tradicionales, por ejemplo, puede suponernos una considerable mejora en el ahorro del presupuesto destinado a la iluminaci\u00f3n p\u00fablica.<\/p>\n<p>Adem\u00e1s, al tratarse de una tecnolog\u00eda de mayor vida \u00fatil, <strong>las necesidades de mantenimiento ser\u00e1n menores<\/strong>, lo que tambi\u00e9n se traducir\u00e1 en un menor gasto en tareas de sustituci\u00f3n o reparaci\u00f3n de las mismas.<\/p>\n<h2>Estudiar el nivel de iluminaci\u00f3n necesario para cada zona<\/h2>\n<p>Este punto es imprescindible a la hora de realizar un proyecto de instalaci\u00f3n el\u00e9ctrica de alumbrado p\u00fablico. Cada zona de la ciudad o municipio cuentan con <strong>estructuras y caracter\u00edsticas completamente distintas<\/strong>, por lo cual las necesidades de iluminaci\u00f3n variar\u00e1n <strong>dependiendo del trazado de cada una.<\/strong><\/p>\n<p>As\u00ed, es fundamental realizar un <strong>estudio de las infraestructuras<\/strong> para determinar la cantidad de iluminaci\u00f3n que se precisa en cada localizaci\u00f3n. De este modo, se cubrir\u00e1n las exigencias m\u00ednimas sin producirse un gasto extra que acabe afectando al plano econ\u00f3mico.<\/p>\n<h2>Colocar sistemas de encendido, apagado y regulaci\u00f3n<\/h2>\n<p>Hoy d\u00eda, la tecnolog\u00eda nos permite ser eficientemente energ\u00e9ticos hasta el punto de adaptar el alumbrado p\u00fablico a la vida de la sociedad de una forma completamente personalizada. En este plano, existen <strong>sistemas de encendido, apagado y regulaci\u00f3n de alumbrado<\/strong> que posibilitan adecuar el funcionamiento e intensidad de las luces en funci\u00f3n de los amaneceres y puestas de sol, dependiendo tambi\u00e9n de la luz natural de la que se disponga y, por tanto, de la necesidad de luz artificial.<\/p>\n<p>En esta l\u00ednea, hay sistemas que controlan por <strong>telegesti\u00f3n<\/strong> todas las luminarias, lo hacen desde un <strong>centro de control<\/strong> desde donde aten\u00faan o suben la potencia, dependiendo de lo que m\u00e1s interese en cada momento por casos puntuales como, por ejemplo, <strong>aglomeraciones de personas<\/strong> o por <strong>proximidad a luminarias que se van encendiendo o apagando dependiendo del tr\u00e1nsito<\/strong>, entre otros casos posibles.<\/p>\n<p>Esos sistemas son de instalaci\u00f3n imprescindible si lo que queremos es lograr una eficiencia que nos conduzca al ahorro en el plano el\u00e9ctrico, ya que nos permitir\u00e1n <strong><a href=\"https:\/\/www.villafloresmartin.com\/es\/ahorro-en-la-factura-de-la-luz\/\" target=\"_blank\" rel=\"noopener\">controlar el gasto de luz<\/a> de una forma m\u00e1s ajustada.<\/strong><\/p>\n<h2>Contar con una empresa experta en eficiencia energ\u00e9tica<\/h2>\n<p>Es algo obvio que todos estos puntos no se podr\u00edan llevar a cabo sin la experiencia y el buen hacer de una compa\u00f1\u00eda que entienda la eficiencia energ\u00e9tica y la lleve a cabo de forma correcta. En este sentido, en <a href=\"https:\/\/www.villafloresmartin.com\/es\/servicios\/alumbrado-vial-urbano\/\" target=\"_blank\" rel=\"noopener\">Villa Flores Martin<\/a> somos <strong>expertos en instalaci\u00f3n el\u00e9ctrica de alumbrado p\u00fablico<\/strong>.<\/p>\n<p>Es de suma importancia tener la suficiente informaci\u00f3n antes de contratar a una entidad para realizar estos servicios, ya que la elecci\u00f3n equivocada puede suponernos un <strong>considerable aumento en el gasto destinado a estas labores.<\/strong><\/p>\n<h2>La importancia del mantenimiento preventivo<\/h2>\n<p>Como en cualquier instalaci\u00f3n, la funci\u00f3n del <a href=\"https:\/\/www.villafloresmartin.com\/es\/plan-de-mantenimiento-de-instalaciones-electricas\/\" target=\"_blank\" rel=\"noopener\"><strong>mantenimiento preventivo<\/strong><\/a> es crucial para conseguir el <strong>correcto funcionamiento de los sistemas<\/strong>.<\/p>\n<p>Realizar un mantenimiento peri\u00f3dico nos ayudar\u00e1 a <strong>detectar fallos y corregir incidencias<\/strong> que puedan darse en el d\u00eda a d\u00eda del uso del alumbrado. De esta forma, conseguiremos controlar a tiempo cualquier problema que, de otro modo, pueda suponernos una aver\u00eda mayor y, por tanto, una mayor inversi\u00f3n en la reparaci\u00f3n de la misma. <strong>Invertir en mantenimiento preventivo siempre se traduce en ahorro.<\/strong><\/p>\n<p>En conclusi\u00f3n, para llevar a cabo una instalaci\u00f3n el\u00e9ctrica de alumbrado p\u00fablico de forma eficiente y pensando en el ahorro, es sumamente necesario contar con una empresa que conozca perfectamente todos los puntos a considerar para conseguir los objetivos marcados. De este modo, <strong>ahorraremos en sustos innecesarios a la hora de calcular los presupuestos<\/strong> destinados al alumbrado urbano de nuestras ciudades.<\/p>\n<p>Para m\u00e1s informaci\u00f3n y asesoramiento en temas de alumbrado urbano, <strong>no dudes en <a href=\"https:\/\/www.villafloresmartin.com\/es\/contacto\/\" target=\"_blank\" rel=\"noopener\">ponerte en contacto con nosotros<\/a><\/strong>.<\/p>\n","protected":false},"excerpt":{"rendered":"<p>Seg\u00fan estudios del Instituto para la Diversificaci\u00f3n y Ahorro de Energ\u00eda (IDAE), la instalaci\u00f3n el\u00e9ctrica de alumbrado p\u00fablico puede llegar a representar hasta el 30-40% del consumo energ\u00e9tico de una ciudad. Adem\u00e1s, esto se puede trasladar al plano monetario en una cifra de hasta el 50-60% del gasto presupuestario asumido por el ayuntamiento. Estos datos [&#8230;]<\/p>\n<p><a class=\"btn btn-secondary understrap-read-more-link\" href=\"https:\/\/www.villafloresmartin.com\/es\/instalacion-electrica-de-alumbrado-publico\/\">Leer m\u00e1s&#8230;<\/a><\/p>\n","protected":false},"author":2,"featured_media":1483,"comment_status":"closed","ping_status":"closed","sticky":false,"template":"","format":"standard","meta":{"footnotes":""},"categories":[16],"tags":[],"class_list":["post-1482","post","type-post","status-publish","format-standard","has-post-thumbnail","hentry","category-noticias"],"yoast_head":"<!-- This site is optimized with the Yoast SEO plugin v26.9 - https:\/\/yoast.com\/product\/yoast-seo-wordpress\/ -->\n<title>Instalaci\u00f3n el\u00e9ctrica de alumbrado p\u00fablico: Medidas de ahorro<\/title>\n<meta name=\"description\" content=\"Te ayudamos a reducir el gasto con las medidas de ahorro en instalaci\u00f3n el\u00e9ctrica de alumbrado p\u00fablico que te proponemos.\" \/>\n<meta name=\"robots\" content=\"index, follow, max-snippet:-1, max-image-preview:large, max-video-preview:-1\" \/>\n<link rel=\"canonical\" href=\"https:\/\/www.villafloresmartin.com\/es\/instalacion-electrica-de-alumbrado-publico\/\" \/>\n<meta property=\"og:locale\" content=\"es_ES\" \/>\n<meta property=\"og:type\" content=\"article\" \/>\n<meta property=\"og:title\" content=\"Instalaci\u00f3n el\u00e9ctrica de alumbrado p\u00fablico: Medidas de ahorro\" \/>\n<meta property=\"og:description\" content=\"Te ayudamos a reducir el gasto con las medidas de ahorro en instalaci\u00f3n el\u00e9ctrica de alumbrado p\u00fablico que te proponemos.\" \/>\n<meta property=\"og:url\" content=\"https:\/\/www.villafloresmartin.com\/es\/instalacion-electrica-de-alumbrado-publico\/\" \/>\n<meta property=\"og:site_name\" content=\"Villa Flores Mart\u00edn\" \/>\n<meta property=\"article:published_time\" content=\"2018-11-20T11:42:48+00:00\" \/>\n<meta property=\"article:modified_time\" content=\"2022-03-25T11:51:56+00:00\" \/>\n<meta property=\"og:image\" content=\"https:\/\/www.villafloresmartin.com\/es\/wp-content\/uploads\/2018\/11\/instalacio\u0301n-ele\u0301ctrica-de-alumbrado-pu\u0301blico-1.jpg\" \/>\n\t<meta property=\"og:image:width\" content=\"1200\" \/>\n\t<meta property=\"og:image:height\" content=\"600\" \/>\n\t<meta property=\"og:image:type\" content=\"image\/jpeg\" \/>\n<meta name=\"author\" content=\"admin\" \/>\n<meta name=\"twitter:label1\" content=\"Escrito por\" \/>\n\t<meta name=\"twitter:data1\" content=\"admin\" \/>\n\t<meta name=\"twitter:label2\" content=\"Tiempo de lectura\" \/>\n\t<meta name=\"twitter:data2\" content=\"4 minutos\" \/>\n<script type=\"application\/ld+json\" class=\"yoast-schema-graph\">{\"@context\":\"https:\/\/schema.org\",\"@graph\":[{\"@type\":\"Article\",\"@id\":\"https:\/\/www.villafloresmartin.com\/es\/instalacion-electrica-de-alumbrado-publico\/#article\",\"isPartOf\":{\"@id\":\"https:\/\/www.villafloresmartin.com\/es\/instalacion-electrica-de-alumbrado-publico\/\"},\"author\":{\"name\":\"admin\",\"@id\":\"https:\/\/www.villafloresmartin.com\/es\/#\/schema\/person\/c2292207708e96921697bf002f8828be\"},\"headline\":\"Medidas de ahorro en la instalaci\u00f3n el\u00e9ctrica de alumbrado p\u00fablico\",\"datePublished\":\"2018-11-20T11:42:48+00:00\",\"dateModified\":\"2022-03-25T11:51:56+00:00\",\"mainEntityOfPage\":{\"@id\":\"https:\/\/www.villafloresmartin.com\/es\/instalacion-electrica-de-alumbrado-publico\/\"},\"wordCount\":848,\"image\":{\"@id\":\"https:\/\/www.villafloresmartin.com\/es\/instalacion-electrica-de-alumbrado-publico\/#primaryimage\"},\"thumbnailUrl\":\"https:\/\/www.villafloresmartin.com\/es\/wp-content\/uploads\/2018\/11\/instalacio\u0301n-ele\u0301ctrica-de-alumbrado-pu\u0301blico-1.jpg\",\"articleSection\":[\"Noticias\"],\"inLanguage\":\"es\"},{\"@type\":\"WebPage\",\"@id\":\"https:\/\/www.villafloresmartin.com\/es\/instalacion-electrica-de-alumbrado-publico\/\",\"url\":\"https:\/\/www.villafloresmartin.com\/es\/instalacion-electrica-de-alumbrado-publico\/\",\"name\":\"Instalaci\u00f3n el\u00e9ctrica de alumbrado p\u00fablico: Medidas de ahorro\",\"isPartOf\":{\"@id\":\"https:\/\/www.villafloresmartin.com\/es\/#website\"},\"primaryImageOfPage\":{\"@id\":\"https:\/\/www.villafloresmartin.com\/es\/instalacion-electrica-de-alumbrado-publico\/#primaryimage\"},\"image\":{\"@id\":\"https:\/\/www.villafloresmartin.com\/es\/instalacion-electrica-de-alumbrado-publico\/#primaryimage\"},\"thumbnailUrl\":\"https:\/\/www.villafloresmartin.com\/es\/wp-content\/uploads\/2018\/11\/instalacio\u0301n-ele\u0301ctrica-de-alumbrado-pu\u0301blico-1.jpg\",\"datePublished\":\"2018-11-20T11:42:48+00:00\",\"dateModified\":\"2022-03-25T11:51:56+00:00\",\"author\":{\"@id\":\"https:\/\/www.villafloresmartin.com\/es\/#\/schema\/person\/c2292207708e96921697bf002f8828be\"},\"description\":\"Te ayudamos a reducir el gasto con las medidas de ahorro en instalaci\u00f3n el\u00e9ctrica de alumbrado p\u00fablico que te proponemos.\",\"breadcrumb\":{\"@id\":\"https:\/\/www.villafloresmartin.com\/es\/instalacion-electrica-de-alumbrado-publico\/#breadcrumb\"},\"inLanguage\":\"es\",\"potentialAction\":[{\"@type\":\"ReadAction\",\"target\":[\"https:\/\/www.villafloresmartin.com\/es\/instalacion-electrica-de-alumbrado-publico\/\"]}]},{\"@type\":\"ImageObject\",\"inLanguage\":\"es\",\"@id\":\"https:\/\/www.villafloresmartin.com\/es\/instalacion-electrica-de-alumbrado-publico\/#primaryimage\",\"url\":\"https:\/\/www.villafloresmartin.com\/es\/wp-content\/uploads\/2018\/11\/instalacio\u0301n-ele\u0301ctrica-de-alumbrado-pu\u0301blico-1.jpg\",\"contentUrl\":\"https:\/\/www.villafloresmartin.com\/es\/wp-content\/uploads\/2018\/11\/instalacio\u0301n-ele\u0301ctrica-de-alumbrado-pu\u0301blico-1.jpg\",\"width\":1200,\"height\":600,\"caption\":\"Sigue estas medidas de ahorro en la instalaci\u00f3n el\u00e9ctrica de alumbrado p\u00fablico para reducir el gasto.\"},{\"@type\":\"BreadcrumbList\",\"@id\":\"https:\/\/www.villafloresmartin.com\/es\/instalacion-electrica-de-alumbrado-publico\/#breadcrumb\",\"itemListElement\":[{\"@type\":\"ListItem\",\"position\":1,\"name\":\"Portada\",\"item\":\"https:\/\/www.villafloresmartin.com\/es\/\"},{\"@type\":\"ListItem\",\"position\":2,\"name\":\"Medidas de ahorro en la instalaci\u00f3n el\u00e9ctrica de alumbrado p\u00fablico\"}]},{\"@type\":\"WebSite\",\"@id\":\"https:\/\/www.villafloresmartin.com\/es\/#website\",\"url\":\"https:\/\/www.villafloresmartin.com\/es\/\",\"name\":\"Villa Flores Mart\u00edn\",\"description\":\"\",\"potentialAction\":[{\"@type\":\"SearchAction\",\"target\":{\"@type\":\"EntryPoint\",\"urlTemplate\":\"https:\/\/www.villafloresmartin.com\/es\/?s={search_term_string}\"},\"query-input\":{\"@type\":\"PropertyValueSpecification\",\"valueRequired\":true,\"valueName\":\"search_term_string\"}}],\"inLanguage\":\"es\"},{\"@type\":\"Person\",\"@id\":\"https:\/\/www.villafloresmartin.com\/es\/#\/schema\/person\/c2292207708e96921697bf002f8828be\",\"name\":\"admin\",\"image\":{\"@type\":\"ImageObject\",\"inLanguage\":\"es\",\"@id\":\"https:\/\/www.villafloresmartin.com\/es\/#\/schema\/person\/image\/\",\"url\":\"https:\/\/secure.gravatar.com\/avatar\/7982f03a93f66ccccbac0ad0746074089942e7448863241b5ddf94dec2148152?s=96&d=mm&r=g\",\"contentUrl\":\"https:\/\/secure.gravatar.com\/avatar\/7982f03a93f66ccccbac0ad0746074089942e7448863241b5ddf94dec2148152?s=96&d=mm&r=g\",\"caption\":\"admin\"}}]}<\/script>\n<!-- \/ Yoast SEO plugin. -->","yoast_head_json":{"title":"Instalaci\u00f3n el\u00e9ctrica de alumbrado p\u00fablico: Medidas de ahorro","description":"Te ayudamos a reducir el gasto con las medidas de ahorro en instalaci\u00f3n el\u00e9ctrica de alumbrado p\u00fablico que te proponemos.","robots":{"index":"index","follow":"follow","max-snippet":"max-snippet:-1","max-image-preview":"max-image-preview:large","max-video-preview":"max-video-preview:-1"},"canonical":"https:\/\/www.villafloresmartin.com\/es\/instalacion-electrica-de-alumbrado-publico\/","og_locale":"es_ES","og_type":"article","og_title":"Instalaci\u00f3n el\u00e9ctrica de alumbrado p\u00fablico: Medidas de ahorro","og_description":"Te ayudamos a reducir el gasto con las medidas de ahorro en instalaci\u00f3n el\u00e9ctrica de alumbrado p\u00fablico que te proponemos.","og_url":"https:\/\/www.villafloresmartin.com\/es\/instalacion-electrica-de-alumbrado-publico\/","og_site_name":"Villa Flores Mart\u00edn","article_published_time":"2018-11-20T11:42:48+00:00","article_modified_time":"2022-03-25T11:51:56+00:00","og_image":[{"width":1200,"height":600,"url":"https:\/\/www.villafloresmartin.com\/es\/wp-content\/uploads\/2018\/11\/instalacio\u0301n-ele\u0301ctrica-de-alumbrado-pu\u0301blico-1.jpg","type":"image\/jpeg"}],"author":"admin","twitter_misc":{"Escrito por":"admin","Tiempo de lectura":"4 minutos"},"schema":{"@context":"https:\/\/schema.org","@graph":[{"@type":"Article","@id":"https:\/\/www.villafloresmartin.com\/es\/instalacion-electrica-de-alumbrado-publico\/#article","isPartOf":{"@id":"https:\/\/www.villafloresmartin.com\/es\/instalacion-electrica-de-alumbrado-publico\/"},"author":{"name":"admin","@id":"https:\/\/www.villafloresmartin.com\/es\/#\/schema\/person\/c2292207708e96921697bf002f8828be"},"headline":"Medidas de ahorro en la instalaci\u00f3n el\u00e9ctrica de alumbrado p\u00fablico","datePublished":"2018-11-20T11:42:48+00:00","dateModified":"2022-03-25T11:51:56+00:00","mainEntityOfPage":{"@id":"https:\/\/www.villafloresmartin.com\/es\/instalacion-electrica-de-alumbrado-publico\/"},"wordCount":848,"image":{"@id":"https:\/\/www.villafloresmartin.com\/es\/instalacion-electrica-de-alumbrado-publico\/#primaryimage"},"thumbnailUrl":"https:\/\/www.villafloresmartin.com\/es\/wp-content\/uploads\/2018\/11\/instalacio\u0301n-ele\u0301ctrica-de-alumbrado-pu\u0301blico-1.jpg","articleSection":["Noticias"],"inLanguage":"es"},{"@type":"WebPage","@id":"https:\/\/www.villafloresmartin.com\/es\/instalacion-electrica-de-alumbrado-publico\/","url":"https:\/\/www.villafloresmartin.com\/es\/instalacion-electrica-de-alumbrado-publico\/","name":"Instalaci\u00f3n el\u00e9ctrica de alumbrado p\u00fablico: Medidas de ahorro","isPartOf":{"@id":"https:\/\/www.villafloresmartin.com\/es\/#website"},"primaryImageOfPage":{"@id":"https:\/\/www.villafloresmartin.com\/es\/instalacion-electrica-de-alumbrado-publico\/#primaryimage"},"image":{"@id":"https:\/\/www.villafloresmartin.com\/es\/instalacion-electrica-de-alumbrado-publico\/#primaryimage"},"thumbnailUrl":"https:\/\/www.villafloresmartin.com\/es\/wp-content\/uploads\/2018\/11\/instalacio\u0301n-ele\u0301ctrica-de-alumbrado-pu\u0301blico-1.jpg","datePublished":"2018-11-20T11:42:48+00:00","dateModified":"2022-03-25T11:51:56+00:00","author":{"@id":"https:\/\/www.villafloresmartin.com\/es\/#\/schema\/person\/c2292207708e96921697bf002f8828be"},"description":"Te ayudamos a reducir el gasto con las medidas de ahorro en instalaci\u00f3n el\u00e9ctrica de alumbrado p\u00fablico que te proponemos.","breadcrumb":{"@id":"https:\/\/www.villafloresmartin.com\/es\/instalacion-electrica-de-alumbrado-publico\/#breadcrumb"},"inLanguage":"es","potentialAction":[{"@type":"ReadAction","target":["https:\/\/www.villafloresmartin.com\/es\/instalacion-electrica-de-alumbrado-publico\/"]}]},{"@type":"ImageObject","inLanguage":"es","@id":"https:\/\/www.villafloresmartin.com\/es\/instalacion-electrica-de-alumbrado-publico\/#primaryimage","url":"https:\/\/www.villafloresmartin.com\/es\/wp-content\/uploads\/2018\/11\/instalacio\u0301n-ele\u0301ctrica-de-alumbrado-pu\u0301blico-1.jpg","contentUrl":"https:\/\/www.villafloresmartin.com\/es\/wp-content\/uploads\/2018\/11\/instalacio\u0301n-ele\u0301ctrica-de-alumbrado-pu\u0301blico-1.jpg","width":1200,"height":600,"caption":"Sigue estas medidas de ahorro en la instalaci\u00f3n el\u00e9ctrica de alumbrado p\u00fablico para reducir el gasto."},{"@type":"BreadcrumbList","@id":"https:\/\/www.villafloresmartin.com\/es\/instalacion-electrica-de-alumbrado-publico\/#breadcrumb","itemListElement":[{"@type":"ListItem","position":1,"name":"Portada","item":"https:\/\/www.villafloresmartin.com\/es\/"},{"@type":"ListItem","position":2,"name":"Medidas de ahorro en la instalaci\u00f3n el\u00e9ctrica de alumbrado p\u00fablico"}]},{"@type":"WebSite","@id":"https:\/\/www.villafloresmartin.com\/es\/#website","url":"https:\/\/www.villafloresmartin.com\/es\/","name":"Villa Flores Mart\u00edn","description":"","potentialAction":[{"@type":"SearchAction","target":{"@type":"EntryPoint","urlTemplate":"https:\/\/www.villafloresmartin.com\/es\/?s={search_term_string}"},"query-input":{"@type":"PropertyValueSpecification","valueRequired":true,"valueName":"search_term_string"}}],"inLanguage":"es"},{"@type":"Person","@id":"https:\/\/www.villafloresmartin.com\/es\/#\/schema\/person\/c2292207708e96921697bf002f8828be","name":"admin","image":{"@type":"ImageObject","inLanguage":"es","@id":"https:\/\/www.villafloresmartin.com\/es\/#\/schema\/person\/image\/","url":"https:\/\/secure.gravatar.com\/avatar\/7982f03a93f66ccccbac0ad0746074089942e7448863241b5ddf94dec2148152?s=96&d=mm&r=g","contentUrl":"https:\/\/secure.gravatar.com\/avatar\/7982f03a93f66ccccbac0ad0746074089942e7448863241b5ddf94dec2148152?s=96&d=mm&r=g","caption":"admin"}}]}},"_links":{"self":[{"href":"https:\/\/www.villafloresmartin.com\/es\/wp-json\/wp\/v2\/posts\/1482","targetHints":{"allow":["GET"]}}],"collection":[{"href":"https:\/\/www.villafloresmartin.com\/es\/wp-json\/wp\/v2\/posts"}],"about":[{"href":"https:\/\/www.villafloresmartin.com\/es\/wp-json\/wp\/v2\/types\/post"}],"author":[{"embeddable":true,"href":"https:\/\/www.villafloresmartin.com\/es\/wp-json\/wp\/v2\/users\/2"}],"replies":[{"embeddable":true,"href":"https:\/\/www.villafloresmartin.com\/es\/wp-json\/wp\/v2\/comments?post=1482"}],"version-history":[{"count":0,"href":"https:\/\/www.villafloresmartin.com\/es\/wp-json\/wp\/v2\/posts\/1482\/revisions"}],"wp:featuredmedia":[{"embeddable":true,"href":"https:\/\/www.villafloresmartin.com\/es\/wp-json\/wp\/v2\/media\/1483"}],"wp:attachment":[{"href":"https:\/\/www.villafloresmartin.com\/es\/wp-json\/wp\/v2\/media?parent=1482"}],"wp:term":[{"taxonomy":"category","embeddable":true,"href":"https:\/\/www.villafloresmartin.com\/es\/wp-json\/wp\/v2\/categories?post=1482"},{"taxonomy":"post_tag","embeddable":true,"href":"https:\/\/www.villafloresmartin.com\/es\/wp-json\/wp\/v2\/tags?post=1482"}],"curies":[{"name":"wp","href":"https:\/\/api.w.org\/{rel}","templated":true}]}}