{"id":1466,"date":"2018-10-30T17:42:55","date_gmt":"2018-10-30T16:42:55","guid":{"rendered":"https:\/\/www.villafloresmartin.com\/es\/?p=1466"},"modified":"2022-03-25T12:51:56","modified_gmt":"2022-03-25T11:51:56","slug":"grupos-electrogenos-vfm-menorca","status":"publish","type":"post","link":"https:\/\/www.villafloresmartin.com\/es\/grupos-electrogenos-vfm-menorca\/","title":{"rendered":"Los grupos electr\u00f3genos de VFM viajan a Menorca para restablecer el corte de suministro el\u00e9ctrico"},"content":{"rendered":"<p><img  title=\"Los grupos electr\u00f3genos de VFM viajan a Menorca para restablecer el corte de suministro el\u00e9ctrico - Villa Flores Mart\u00edn\" loading=\"lazy\" decoding=\"async\" class=\"aligncenter wp-image-1469 size-full\" src=\"https:\/\/www.villafloresmartin.com\/es\/wp-content\/uploads\/2018\/11\/0-IMG-20181030-WA0044-e1541748337501.jpeg\"  alt=\"Los grupos electr\u00f3genos de VFM viajan a Menorca para restablecer el corte de suministro el\u00e9ctrico - Villa Flores Mart\u00edn\"  width=\"600\" height=\"337\" srcset=\"https:\/\/www.villafloresmartin.com\/es\/wp-content\/uploads\/2018\/11\/0-IMG-20181030-WA0044-e1541748337501.jpeg 600w, https:\/\/www.villafloresmartin.com\/es\/wp-content\/uploads\/2018\/11\/0-IMG-20181030-WA0044-e1541748337501-300x169.jpeg 300w, https:\/\/www.villafloresmartin.com\/es\/wp-content\/uploads\/2018\/11\/0-IMG-20181030-WA0044-e1541748337501-180x100.jpeg 180w, https:\/\/www.villafloresmartin.com\/es\/wp-content\/uploads\/2018\/11\/0-IMG-20181030-WA0044-e1541748337501-107x60.jpeg 107w\" sizes=\"auto, (max-width: 600px) 100vw, 600px\" \/><span style=\"font-size: 1rem;\"><br \/>\nEl pasado domingo, 28 de octubre, un tornado dej\u00f3 sin luz a m\u00e1s de 38.000 personas en Menorca. Adem\u00e1s del<a href=\"https:\/\/www.villafloresmartin.com\/es\/experiencias-control-riesgo-electrico\/\" target=\"_blank\" rel=\"noopener\"><strong> corte de suministro el\u00e9ctrico<\/strong><\/a>, el temporal tambi\u00e9n provoc\u00f3 la ca\u00edda de multitud de \u00e1rboles, as\u00ed como el corte de varias carreteras que conectan los diferentes puntos de la isla balear.<\/span><!--more--><\/p>\n<p>La aver\u00eda fue provocada por un `cap de fibl\u00f3\u00b4 que afect\u00f3 a la red de transporte de <a href=\"https:\/\/www.ree.es\/es\" target=\"_blank\" rel=\"noopener\"><strong>Red El\u00e9ctrica de Espa\u00f1a<\/strong><\/a>. Para paliar los efectos, <strong>Endesa ha desplegado un contingente de 60 efectivos, entre los que nos encontramos.<\/strong> Villa Flores Mart\u00edn (VFM) ha enviado a la zona afectada seis grupos electr\u00f3genos y personal especializado, adem\u00e1s de un veh\u00edculo de apoyo para las labores que se nos han encomendado. Nuestro objetivo es intentar <a href=\"https:\/\/www.villafloresmartin.com\/es\/plan-de-mantenimiento-de-instalaciones-electricas\/\" target=\"_blank\" rel=\"noopener\">ayudar<\/a> en todo lo que est\u00e9 en nuestras manos a la poblaci\u00f3n afectada.<\/p>\n<h2>M\u00e1s de 38.000 personas afectadas<\/h2>\n<p>La voz de alarma salt\u00f3 cuando en la noche del domingo, la propia ministra de Transici\u00f3n Ecol\u00f3gica del Gobierno de Espa\u00f1a, Teresa Ribera, hac\u00eda p\u00fablica la cifra de personas afectadas por un corte de electricidad en Menorca. A partir de ese momento, las Administraciones se pusieron manos a la obra para organizar la situaci\u00f3n y tratar de abastecer, con los medios existentes en ese momento, los puntos m\u00e1s sensibles determinados por la Direcci\u00f3n General de Emergencias del Govern.<\/p>\n<p>Desde entonces, el n\u00famero de afectado ha ido reduci\u00e9ndose considerablemente.<\/p>\n<h2>Situaci\u00f3n actual en Menorca<\/h2>\n<p>En estos momentos podemos decir que, afortunadamente, <strong>la situaci\u00f3n en la isla de Menorca ha vuelto a la normalidad con el restablecimiento del suministro de energ\u00eda el\u00e9ctrica.<\/strong> En esta l\u00ednea, nuestros equipos y personal tambi\u00e9n han regresado despu\u00e9s de una labor impecable. Desde aqu\u00ed agradecemos a todos el esfuerzo que han invertido para la resoluci\u00f3n de dicha situaci\u00f3n tan complicada para la poblaci\u00f3n menorquina.<\/p>\n<p>Si bien, <strong>nuestros seis grupos electr\u00f3genos han prestado sus servicios en diferentes puntos de la isla balear<\/strong>. M\u00e1s concretamente, estas localizaciones han sido:<\/p>\n<ul>\n<li>URB. SON PARC\u201d CARRER MAJOR, 4<\/li>\n<li>URB. SON CARRILLO_1\u201d CARRER DES ROSINYOL, 5<\/li>\n<li>PLAZA FUENTE\u201d CARRER SA MURADETA, 114<\/li>\n<li>CABRERA\u201d CARRER DE CABRERA, 6<\/li>\n<li>DEL PINES_1\u201d AV. LOS DELFINES, 55<\/li>\n<li>MATADERO\u201d CAMI VELL DE NA\u00d3<\/li>\n<\/ul>\n<p><img  title=\"Los grupos electr\u00f3genos de VFM viajan a Menorca para restablecer el corte de suministro el\u00e9ctrico - Villa Flores Mart\u00edn\" loading=\"lazy\" decoding=\"async\" class=\"aligncenter wp-image-1473 size-large\" src=\"https:\/\/www.villafloresmartin.com\/es\/wp-content\/uploads\/2018\/10\/0-20181030_122314-1024x768.jpg\"  alt=\"Los grupos electr\u00f3genos de VFM viajan a Menorca para restablecer el corte de suministro el\u00e9ctrico - Villa Flores Mart\u00edn\"  width=\"640\" height=\"480\" srcset=\"https:\/\/www.villafloresmartin.com\/es\/wp-content\/uploads\/2018\/10\/0-20181030_122314-1024x768.jpg 1024w, https:\/\/www.villafloresmartin.com\/es\/wp-content\/uploads\/2018\/10\/0-20181030_122314-300x225.jpg 300w, https:\/\/www.villafloresmartin.com\/es\/wp-content\/uploads\/2018\/10\/0-20181030_122314-768x576.jpg 768w, https:\/\/www.villafloresmartin.com\/es\/wp-content\/uploads\/2018\/10\/0-20181030_122314.jpg 1440w\" sizes=\"auto, (max-width: 640px) 100vw, 640px\" \/><\/p>\n<p><img  title=\"Los grupos electr\u00f3genos de VFM viajan a Menorca para restablecer el corte de suministro el\u00e9ctrico - Villa Flores Mart\u00edn\" loading=\"lazy\" decoding=\"async\" class=\"aligncenter wp-image-1474 size-large\" src=\"https:\/\/www.villafloresmartin.com\/es\/wp-content\/uploads\/2018\/10\/0-20181030_122449-1024x768.jpg\"  alt=\"Los grupos electr\u00f3genos de VFM viajan a Menorca para restablecer el corte de suministro el\u00e9ctrico - Villa Flores Mart\u00edn\"  width=\"640\" height=\"480\" srcset=\"https:\/\/www.villafloresmartin.com\/es\/wp-content\/uploads\/2018\/10\/0-20181030_122449-1024x768.jpg 1024w, https:\/\/www.villafloresmartin.com\/es\/wp-content\/uploads\/2018\/10\/0-20181030_122449-300x225.jpg 300w, https:\/\/www.villafloresmartin.com\/es\/wp-content\/uploads\/2018\/10\/0-20181030_122449-768x576.jpg 768w, https:\/\/www.villafloresmartin.com\/es\/wp-content\/uploads\/2018\/10\/0-20181030_122449.jpg 1440w\" sizes=\"auto, (max-width: 640px) 100vw, 640px\" \/><\/p>\n<p><img  title=\"Los grupos electr\u00f3genos de VFM viajan a Menorca para restablecer el corte de suministro el\u00e9ctrico - Villa Flores Mart\u00edn\" loading=\"lazy\" decoding=\"async\" class=\"aligncenter wp-image-1475 size-large\" src=\"https:\/\/www.villafloresmartin.com\/es\/wp-content\/uploads\/2018\/10\/0-IMG_20181030_111011-768x1024.jpg\"  alt=\"Los grupos electr\u00f3genos de VFM viajan a Menorca para restablecer el corte de suministro el\u00e9ctrico - Villa Flores Mart\u00edn\"  width=\"640\" height=\"853\" srcset=\"https:\/\/www.villafloresmartin.com\/es\/wp-content\/uploads\/2018\/10\/0-IMG_20181030_111011-768x1024.jpg 768w, https:\/\/www.villafloresmartin.com\/es\/wp-content\/uploads\/2018\/10\/0-IMG_20181030_111011-225x300.jpg 225w, https:\/\/www.villafloresmartin.com\/es\/wp-content\/uploads\/2018\/10\/0-IMG_20181030_111011.jpg 1080w\" sizes=\"auto, (max-width: 640px) 100vw, 640px\" \/><\/p>\n<p>&nbsp;<\/p>\n<p>&nbsp;<\/p>\n<p>&nbsp;<\/p>\n<p style=\"text-align: right;\">Fuente: <a href=\"https:\/\/www.antena3.com\/noticias\/sociedad\/menorca-amanece-sin-luz-y-con-aviso-amarillo-por-fuertes-lluvias-viento-y-fenomenos-costeros_201810295bd6b9b10cf2ebf01bfad3f3.html\" target=\"_blank\" rel=\"noopener\">Antena 3<\/a> y <a href=\"https:\/\/www.abc.es\/economia\/abci-endesa-despliega-60-efectivos-para-instalar-grupos-electrogenos-menorca-201810291448_video.html\" target=\"_blank\" rel=\"noopener\">ABC de Sevilla<\/a><\/p>\n<p>&nbsp;<\/p>\n","protected":false},"excerpt":{"rendered":"<p>El pasado domingo, 28 de octubre, un tornado dej\u00f3 sin luz a m\u00e1s de 38.000 personas en Menorca. Adem\u00e1s del corte de suministro el\u00e9ctrico, el temporal tambi\u00e9n provoc\u00f3 la ca\u00edda de multitud de \u00e1rboles, as\u00ed como el corte de varias carreteras que conectan los diferentes puntos de la isla balear. [&#8230;]<\/p>\n<p><a class=\"btn btn-secondary understrap-read-more-link\" href=\"https:\/\/www.villafloresmartin.com\/es\/grupos-electrogenos-vfm-menorca\/\">Leer m\u00e1s&#8230;<\/a><\/p>\n","protected":false},"author":2,"featured_media":1469,"comment_status":"closed","ping_status":"closed","sticky":false,"template":"","format":"standard","meta":{"footnotes":""},"categories":[16],"tags":[],"class_list":["post-1466","post","type-post","status-publish","format-standard","has-post-thumbnail","hentry","category-noticias"],"yoast_head":"<!-- This site is optimized with the Yoast SEO plugin v26.9 - https:\/\/yoast.com\/product\/yoast-seo-wordpress\/ -->\n<title>VFM viaja a Menorca para restablecer el suministro el\u00e9ctrico<\/title>\n<meta name=\"description\" content=\"El pasado domingo, 28 de octubre, un tornado dej\u00f3 sin luz a m\u00e1s de 38.000 personas en Menorca. Adem\u00e1s del corte de suministro el\u00e9ctrico, el temporal tambi\u00e9n provoc\u00f3 la ca\u00edda de multitud de \u00e1rboles, as\u00ed como el corte de varias carreteras que conectan los diferentes puntos de la isla balear...\" \/>\n<meta name=\"robots\" content=\"index, follow, max-snippet:-1, max-image-preview:large, max-video-preview:-1\" \/>\n<link rel=\"canonical\" href=\"https:\/\/www.villafloresmartin.com\/es\/grupos-electrogenos-vfm-menorca\/\" \/>\n<meta property=\"og:locale\" content=\"es_ES\" \/>\n<meta property=\"og:type\" content=\"article\" \/>\n<meta property=\"og:title\" content=\"VFM viaja a Menorca para restablecer el suministro el\u00e9ctrico\" \/>\n<meta property=\"og:description\" content=\"El pasado domingo, 28 de octubre, un tornado dej\u00f3 sin luz a m\u00e1s de 38.000 personas en Menorca. Adem\u00e1s del corte de suministro el\u00e9ctrico, el temporal tambi\u00e9n provoc\u00f3 la ca\u00edda de multitud de \u00e1rboles, as\u00ed como el corte de varias carreteras que conectan los diferentes puntos de la isla balear...\" \/>\n<meta property=\"og:url\" content=\"https:\/\/www.villafloresmartin.com\/es\/grupos-electrogenos-vfm-menorca\/\" \/>\n<meta property=\"og:site_name\" content=\"Villa Flores Mart\u00edn\" \/>\n<meta property=\"article:published_time\" content=\"2018-10-30T16:42:55+00:00\" \/>\n<meta property=\"article:modified_time\" content=\"2022-03-25T11:51:56+00:00\" \/>\n<meta property=\"og:image\" content=\"https:\/\/www.villafloresmartin.com\/es\/wp-content\/uploads\/2018\/11\/0-IMG-20181030-WA0044-e1541748337501.jpeg\" \/>\n\t<meta property=\"og:image:width\" content=\"600\" \/>\n\t<meta property=\"og:image:height\" content=\"337\" \/>\n\t<meta property=\"og:image:type\" content=\"image\/jpeg\" \/>\n<meta name=\"author\" content=\"admin\" \/>\n<meta name=\"twitter:label1\" content=\"Escrito por\" \/>\n\t<meta name=\"twitter:data1\" content=\"admin\" \/>\n\t<meta name=\"twitter:label2\" content=\"Tiempo de lectura\" \/>\n\t<meta name=\"twitter:data2\" content=\"2 minutos\" \/>\n<script type=\"application\/ld+json\" class=\"yoast-schema-graph\">{\"@context\":\"https:\/\/schema.org\",\"@graph\":[{\"@type\":\"Article\",\"@id\":\"https:\/\/www.villafloresmartin.com\/es\/grupos-electrogenos-vfm-menorca\/#article\",\"isPartOf\":{\"@id\":\"https:\/\/www.villafloresmartin.com\/es\/grupos-electrogenos-vfm-menorca\/\"},\"author\":{\"name\":\"admin\",\"@id\":\"https:\/\/www.villafloresmartin.com\/es\/#\/schema\/person\/c2292207708e96921697bf002f8828be\"},\"headline\":\"Los grupos electr\u00f3genos de VFM viajan a Menorca para restablecer el corte de suministro el\u00e9ctrico\",\"datePublished\":\"2018-10-30T16:42:55+00:00\",\"dateModified\":\"2022-03-25T11:51:56+00:00\",\"mainEntityOfPage\":{\"@id\":\"https:\/\/www.villafloresmartin.com\/es\/grupos-electrogenos-vfm-menorca\/\"},\"wordCount\":408,\"image\":{\"@id\":\"https:\/\/www.villafloresmartin.com\/es\/grupos-electrogenos-vfm-menorca\/#primaryimage\"},\"thumbnailUrl\":\"https:\/\/www.villafloresmartin.com\/es\/wp-content\/uploads\/2018\/11\/0-IMG-20181030-WA0044-e1541748337501.jpeg\",\"articleSection\":[\"Noticias\"],\"inLanguage\":\"es\"},{\"@type\":\"WebPage\",\"@id\":\"https:\/\/www.villafloresmartin.com\/es\/grupos-electrogenos-vfm-menorca\/\",\"url\":\"https:\/\/www.villafloresmartin.com\/es\/grupos-electrogenos-vfm-menorca\/\",\"name\":\"VFM viaja a Menorca para restablecer el suministro el\u00e9ctrico\",\"isPartOf\":{\"@id\":\"https:\/\/www.villafloresmartin.com\/es\/#website\"},\"primaryImageOfPage\":{\"@id\":\"https:\/\/www.villafloresmartin.com\/es\/grupos-electrogenos-vfm-menorca\/#primaryimage\"},\"image\":{\"@id\":\"https:\/\/www.villafloresmartin.com\/es\/grupos-electrogenos-vfm-menorca\/#primaryimage\"},\"thumbnailUrl\":\"https:\/\/www.villafloresmartin.com\/es\/wp-content\/uploads\/2018\/11\/0-IMG-20181030-WA0044-e1541748337501.jpeg\",\"datePublished\":\"2018-10-30T16:42:55+00:00\",\"dateModified\":\"2022-03-25T11:51:56+00:00\",\"author\":{\"@id\":\"https:\/\/www.villafloresmartin.com\/es\/#\/schema\/person\/c2292207708e96921697bf002f8828be\"},\"description\":\"El pasado domingo, 28 de octubre, un tornado dej\u00f3 sin luz a m\u00e1s de 38.000 personas en Menorca. Adem\u00e1s del corte de suministro el\u00e9ctrico, el temporal tambi\u00e9n provoc\u00f3 la ca\u00edda de multitud de \u00e1rboles, as\u00ed como el corte de varias carreteras que conectan los diferentes puntos de la isla balear...\",\"breadcrumb\":{\"@id\":\"https:\/\/www.villafloresmartin.com\/es\/grupos-electrogenos-vfm-menorca\/#breadcrumb\"},\"inLanguage\":\"es\",\"potentialAction\":[{\"@type\":\"ReadAction\",\"target\":[\"https:\/\/www.villafloresmartin.com\/es\/grupos-electrogenos-vfm-menorca\/\"]}]},{\"@type\":\"ImageObject\",\"inLanguage\":\"es\",\"@id\":\"https:\/\/www.villafloresmartin.com\/es\/grupos-electrogenos-vfm-menorca\/#primaryimage\",\"url\":\"https:\/\/www.villafloresmartin.com\/es\/wp-content\/uploads\/2018\/11\/0-IMG-20181030-WA0044-e1541748337501.jpeg\",\"contentUrl\":\"https:\/\/www.villafloresmartin.com\/es\/wp-content\/uploads\/2018\/11\/0-IMG-20181030-WA0044-e1541748337501.jpeg\",\"width\":600,\"height\":337},{\"@type\":\"BreadcrumbList\",\"@id\":\"https:\/\/www.villafloresmartin.com\/es\/grupos-electrogenos-vfm-menorca\/#breadcrumb\",\"itemListElement\":[{\"@type\":\"ListItem\",\"position\":1,\"name\":\"Portada\",\"item\":\"https:\/\/www.villafloresmartin.com\/es\/\"},{\"@type\":\"ListItem\",\"position\":2,\"name\":\"Los grupos electr\u00f3genos de VFM viajan a Menorca para restablecer el corte de suministro el\u00e9ctrico\"}]},{\"@type\":\"WebSite\",\"@id\":\"https:\/\/www.villafloresmartin.com\/es\/#website\",\"url\":\"https:\/\/www.villafloresmartin.com\/es\/\",\"name\":\"Villa Flores Mart\u00edn\",\"description\":\"\",\"potentialAction\":[{\"@type\":\"SearchAction\",\"target\":{\"@type\":\"EntryPoint\",\"urlTemplate\":\"https:\/\/www.villafloresmartin.com\/es\/?s={search_term_string}\"},\"query-input\":{\"@type\":\"PropertyValueSpecification\",\"valueRequired\":true,\"valueName\":\"search_term_string\"}}],\"inLanguage\":\"es\"},{\"@type\":\"Person\",\"@id\":\"https:\/\/www.villafloresmartin.com\/es\/#\/schema\/person\/c2292207708e96921697bf002f8828be\",\"name\":\"admin\",\"image\":{\"@type\":\"ImageObject\",\"inLanguage\":\"es\",\"@id\":\"https:\/\/www.villafloresmartin.com\/es\/#\/schema\/person\/image\/\",\"url\":\"https:\/\/secure.gravatar.com\/avatar\/7982f03a93f66ccccbac0ad0746074089942e7448863241b5ddf94dec2148152?s=96&d=mm&r=g\",\"contentUrl\":\"https:\/\/secure.gravatar.com\/avatar\/7982f03a93f66ccccbac0ad0746074089942e7448863241b5ddf94dec2148152?s=96&d=mm&r=g\",\"caption\":\"admin\"}}]}<\/script>\n<!-- \/ Yoast SEO plugin. -->","yoast_head_json":{"title":"VFM viaja a Menorca para restablecer el suministro el\u00e9ctrico","description":"El pasado domingo, 28 de octubre, un tornado dej\u00f3 sin luz a m\u00e1s de 38.000 personas en Menorca. Adem\u00e1s del corte de suministro el\u00e9ctrico, el temporal tambi\u00e9n provoc\u00f3 la ca\u00edda de multitud de \u00e1rboles, as\u00ed como el corte de varias carreteras que conectan los diferentes puntos de la isla balear...","robots":{"index":"index","follow":"follow","max-snippet":"max-snippet:-1","max-image-preview":"max-image-preview:large","max-video-preview":"max-video-preview:-1"},"canonical":"https:\/\/www.villafloresmartin.com\/es\/grupos-electrogenos-vfm-menorca\/","og_locale":"es_ES","og_type":"article","og_title":"VFM viaja a Menorca para restablecer el suministro el\u00e9ctrico","og_description":"El pasado domingo, 28 de octubre, un tornado dej\u00f3 sin luz a m\u00e1s de 38.000 personas en Menorca. Adem\u00e1s del corte de suministro el\u00e9ctrico, el temporal tambi\u00e9n provoc\u00f3 la ca\u00edda de multitud de \u00e1rboles, as\u00ed como el corte de varias carreteras que conectan los diferentes puntos de la isla balear...","og_url":"https:\/\/www.villafloresmartin.com\/es\/grupos-electrogenos-vfm-menorca\/","og_site_name":"Villa Flores Mart\u00edn","article_published_time":"2018-10-30T16:42:55+00:00","article_modified_time":"2022-03-25T11:51:56+00:00","og_image":[{"width":600,"height":337,"url":"https:\/\/www.villafloresmartin.com\/es\/wp-content\/uploads\/2018\/11\/0-IMG-20181030-WA0044-e1541748337501.jpeg","type":"image\/jpeg"}],"author":"admin","twitter_misc":{"Escrito por":"admin","Tiempo de lectura":"2 minutos"},"schema":{"@context":"https:\/\/schema.org","@graph":[{"@type":"Article","@id":"https:\/\/www.villafloresmartin.com\/es\/grupos-electrogenos-vfm-menorca\/#article","isPartOf":{"@id":"https:\/\/www.villafloresmartin.com\/es\/grupos-electrogenos-vfm-menorca\/"},"author":{"name":"admin","@id":"https:\/\/www.villafloresmartin.com\/es\/#\/schema\/person\/c2292207708e96921697bf002f8828be"},"headline":"Los grupos electr\u00f3genos de VFM viajan a Menorca para restablecer el corte de suministro el\u00e9ctrico","datePublished":"2018-10-30T16:42:55+00:00","dateModified":"2022-03-25T11:51:56+00:00","mainEntityOfPage":{"@id":"https:\/\/www.villafloresmartin.com\/es\/grupos-electrogenos-vfm-menorca\/"},"wordCount":408,"image":{"@id":"https:\/\/www.villafloresmartin.com\/es\/grupos-electrogenos-vfm-menorca\/#primaryimage"},"thumbnailUrl":"https:\/\/www.villafloresmartin.com\/es\/wp-content\/uploads\/2018\/11\/0-IMG-20181030-WA0044-e1541748337501.jpeg","articleSection":["Noticias"],"inLanguage":"es"},{"@type":"WebPage","@id":"https:\/\/www.villafloresmartin.com\/es\/grupos-electrogenos-vfm-menorca\/","url":"https:\/\/www.villafloresmartin.com\/es\/grupos-electrogenos-vfm-menorca\/","name":"VFM viaja a Menorca para restablecer el suministro el\u00e9ctrico","isPartOf":{"@id":"https:\/\/www.villafloresmartin.com\/es\/#website"},"primaryImageOfPage":{"@id":"https:\/\/www.villafloresmartin.com\/es\/grupos-electrogenos-vfm-menorca\/#primaryimage"},"image":{"@id":"https:\/\/www.villafloresmartin.com\/es\/grupos-electrogenos-vfm-menorca\/#primaryimage"},"thumbnailUrl":"https:\/\/www.villafloresmartin.com\/es\/wp-content\/uploads\/2018\/11\/0-IMG-20181030-WA0044-e1541748337501.jpeg","datePublished":"2018-10-30T16:42:55+00:00","dateModified":"2022-03-25T11:51:56+00:00","author":{"@id":"https:\/\/www.villafloresmartin.com\/es\/#\/schema\/person\/c2292207708e96921697bf002f8828be"},"description":"El pasado domingo, 28 de octubre, un tornado dej\u00f3 sin luz a m\u00e1s de 38.000 personas en Menorca. Adem\u00e1s del corte de suministro el\u00e9ctrico, el temporal tambi\u00e9n provoc\u00f3 la ca\u00edda de multitud de \u00e1rboles, as\u00ed como el corte de varias carreteras que conectan los diferentes puntos de la isla balear...","breadcrumb":{"@id":"https:\/\/www.villafloresmartin.com\/es\/grupos-electrogenos-vfm-menorca\/#breadcrumb"},"inLanguage":"es","potentialAction":[{"@type":"ReadAction","target":["https:\/\/www.villafloresmartin.com\/es\/grupos-electrogenos-vfm-menorca\/"]}]},{"@type":"ImageObject","inLanguage":"es","@id":"https:\/\/www.villafloresmartin.com\/es\/grupos-electrogenos-vfm-menorca\/#primaryimage","url":"https:\/\/www.villafloresmartin.com\/es\/wp-content\/uploads\/2018\/11\/0-IMG-20181030-WA0044-e1541748337501.jpeg","contentUrl":"https:\/\/www.villafloresmartin.com\/es\/wp-content\/uploads\/2018\/11\/0-IMG-20181030-WA0044-e1541748337501.jpeg","width":600,"height":337},{"@type":"BreadcrumbList","@id":"https:\/\/www.villafloresmartin.com\/es\/grupos-electrogenos-vfm-menorca\/#breadcrumb","itemListElement":[{"@type":"ListItem","position":1,"name":"Portada","item":"https:\/\/www.villafloresmartin.com\/es\/"},{"@type":"ListItem","position":2,"name":"Los grupos electr\u00f3genos de VFM viajan a Menorca para restablecer el corte de suministro el\u00e9ctrico"}]},{"@type":"WebSite","@id":"https:\/\/www.villafloresmartin.com\/es\/#website","url":"https:\/\/www.villafloresmartin.com\/es\/","name":"Villa Flores Mart\u00edn","description":"","potentialAction":[{"@type":"SearchAction","target":{"@type":"EntryPoint","urlTemplate":"https:\/\/www.villafloresmartin.com\/es\/?s={search_term_string}"},"query-input":{"@type":"PropertyValueSpecification","valueRequired":true,"valueName":"search_term_string"}}],"inLanguage":"es"},{"@type":"Person","@id":"https:\/\/www.villafloresmartin.com\/es\/#\/schema\/person\/c2292207708e96921697bf002f8828be","name":"admin","image":{"@type":"ImageObject","inLanguage":"es","@id":"https:\/\/www.villafloresmartin.com\/es\/#\/schema\/person\/image\/","url":"https:\/\/secure.gravatar.com\/avatar\/7982f03a93f66ccccbac0ad0746074089942e7448863241b5ddf94dec2148152?s=96&d=mm&r=g","contentUrl":"https:\/\/secure.gravatar.com\/avatar\/7982f03a93f66ccccbac0ad0746074089942e7448863241b5ddf94dec2148152?s=96&d=mm&r=g","caption":"admin"}}]}},"_links":{"self":[{"href":"https:\/\/www.villafloresmartin.com\/es\/wp-json\/wp\/v2\/posts\/1466","targetHints":{"allow":["GET"]}}],"collection":[{"href":"https:\/\/www.villafloresmartin.com\/es\/wp-json\/wp\/v2\/posts"}],"about":[{"href":"https:\/\/www.villafloresmartin.com\/es\/wp-json\/wp\/v2\/types\/post"}],"author":[{"embeddable":true,"href":"https:\/\/www.villafloresmartin.com\/es\/wp-json\/wp\/v2\/users\/2"}],"replies":[{"embeddable":true,"href":"https:\/\/www.villafloresmartin.com\/es\/wp-json\/wp\/v2\/comments?post=1466"}],"version-history":[{"count":0,"href":"https:\/\/www.villafloresmartin.com\/es\/wp-json\/wp\/v2\/posts\/1466\/revisions"}],"wp:featuredmedia":[{"embeddable":true,"href":"https:\/\/www.villafloresmartin.com\/es\/wp-json\/wp\/v2\/media\/1469"}],"wp:attachment":[{"href":"https:\/\/www.villafloresmartin.com\/es\/wp-json\/wp\/v2\/media?parent=1466"}],"wp:term":[{"taxonomy":"category","embeddable":true,"href":"https:\/\/www.villafloresmartin.com\/es\/wp-json\/wp\/v2\/categories?post=1466"},{"taxonomy":"post_tag","embeddable":true,"href":"https:\/\/www.villafloresmartin.com\/es\/wp-json\/wp\/v2\/tags?post=1466"}],"curies":[{"name":"wp","href":"https:\/\/api.w.org\/{rel}","templated":true}]}}