{"id":1441,"date":"2018-09-28T16:15:03","date_gmt":"2018-09-28T14:15:03","guid":{"rendered":"https:\/\/www.villafloresmartin.com\/es\/?p=1441"},"modified":"2022-03-25T12:51:56","modified_gmt":"2022-03-25T11:51:56","slug":"ahorro-en-la-factura-de-la-luz","status":"publish","type":"post","link":"https:\/\/www.villafloresmartin.com\/es\/ahorro-en-la-factura-de-la-luz\/","title":{"rendered":"Claves para fomentar el ahorro en la factura de la luz"},"content":{"rendered":"<p><img  title=\"Claves para fomentar el ahorro en la factura de la luz - Villa Flores Mart\u00edn\" loading=\"lazy\" decoding=\"async\" class=\"aligncenter wp-image-1443 size-full\" src=\"https:\/\/www.villafloresmartin.com\/es\/wp-content\/uploads\/2018\/10\/ahorro-en-la-factura-de-la-luz-e1539267548269.png\"  alt=\"Claves para fomentar el ahorro en la factura de la luz - Villa Flores Mart\u00edn\"  width=\"600\" height=\"338\" srcset=\"https:\/\/www.villafloresmartin.com\/es\/wp-content\/uploads\/2018\/10\/ahorro-en-la-factura-de-la-luz-e1539267548269.png 600w, https:\/\/www.villafloresmartin.com\/es\/wp-content\/uploads\/2018\/10\/ahorro-en-la-factura-de-la-luz-e1539267548269-300x169.png 300w, https:\/\/www.villafloresmartin.com\/es\/wp-content\/uploads\/2018\/10\/ahorro-en-la-factura-de-la-luz-e1539267548269-180x100.png 180w, https:\/\/www.villafloresmartin.com\/es\/wp-content\/uploads\/2018\/10\/ahorro-en-la-factura-de-la-luz-e1539267548269-107x60.png 107w\" sizes=\"auto, (max-width: 600px) 100vw, 600px\" \/><span style=\"font-size: 1rem;\"><br \/>\n<strong>Ahorro en la factura de la luz.\u00a0<\/strong>El precio de la electricidad se encuentra, actualmente en nuestro pa\u00eds, en<strong><a href=\"https:\/\/www.villafloresmartin.com\/es\/los-precios-de-la-electricidad-suben-a-niveles-record-en-toda-europa-por-estos-motivos\/\" target=\"_blank\" rel=\"noopener\"> valores de m\u00e1ximos hist\u00f3ricos<\/a>.<\/strong> Podemos comprobar c\u00f3mo la factura de la luz ha mantenido una tendencia de subida hasta final de septiembre y, seg\u00fan a lo que apuntan todas las informaciones publicadas sobre esta cuesti\u00f3n, no se sabe cu\u00e1ndo llegar\u00e1 a estabilizarse.\u00a0<\/span><!--more--><\/p>\n<p>Ante esta situaci\u00f3n y para no terminar pagando de m\u00e1s o aquello que no corresponde, es conveniente, primero, revisar detalladamente el recibo de luz que recibimos en los hogares. Tambi\u00e9n recomendamos que conozcas algunos peque\u00f1os trucos y consejos sencillos de aplicar, que<a href=\"https:\/\/www.villafloresmartin.com\/es\/generacion-electricidad-en-espana-10-anos\/\" target=\"_blank\" rel=\"noopener\"><strong> te ayudar\u00e1n ahorrar dinero en tu recibo mensual.<\/strong><\/a><\/p>\n<h2>Ahorro y cambios en la iluminaci\u00f3n<\/h2>\n<p>E<strong>l uso de bombillas de bajo consumo<\/strong> podr\u00eda suponer una reducci\u00f3n considerable para el ahorro en la factura de la luz, teniendo en cuenta que el consumo de iluminaci\u00f3n supone casi una sexta parte de la totalidad de lo que se paga.<\/p>\n<p>Otro paso ser\u00eda acostumbrarse a <strong>no encender bombillas en aquellos espacios donde se cuente con una luminosidad natural suficiente.<\/strong><\/p>\n<p>En aquellos sitios donde sea una obligatoriedad el encendido de alguna bombilla, las luces incandescentes tradicionales deber\u00edan ser sustituidas por bombillas de bajo consumo. Est\u00e1 comprobado que la vida de una bombilla de bajo consumo es superior a la de una convencional y, adem\u00e1s, permitiendo un ahorro de energ\u00eda de casi un 80%.<\/p>\n<p>Si quieres maximizar el ahorro por esta cuesti\u00f3n, debes adquirir bombillas tipo LED. Son las que producen menor consumo.<\/p>\n<h2>Optimice el uso de los electrodom\u00e9sticos para el ahorro en la factura de la luz<\/h2>\n<p>El mayor gasto de energ\u00eda el\u00e9ctrica que puede existir en un hogar procede de los <a href=\"https:\/\/www.eldiario.es\/consumoclaro\/ahorrar_mejor\/electrodomesticos-gasto-aportan-factura-mensual_0_716029140.html\" target=\"_blank\" rel=\"noopener\"><strong>electrodom\u00e9sticos<\/strong><\/a>. La utilizaci\u00f3n del frigor\u00edfico, del lavavajillas, de la lavadora o de una simple secadora conlleva un gasto energ\u00e9tico que puede mejorarse aprendiendo a utilizarlos correctamente. De momento, podr\u00edas llevar a cabo los siguientes consejos:<\/p>\n<ul>\n<li>Ubica los electrodom\u00e9sticos que tengan ventilador separados de la pared, porque as\u00ed se obligar\u00e1 menos a este aparato a trabajar.<\/li>\n<li>Debes tener en cuenta que, por ejemplo, si cocinas utilizando el microondas en vez del horno, ahorrar\u00e1s casi un 60% de energ\u00eda.<\/li>\n<li>Cada cierto tiempo es conveniente realizar un mantenimiento de los electrodom\u00e9sticos, comprobando que funcionan correctamente y darle un limpiado a fondo para que puedan trabajar sin problemas.<\/li>\n<\/ul>\n<p>Si te interesa estar informado de la \u00faltima hora el\u00e9ctrica, no dudes en seguir nuestro <a href=\"https:\/\/www.villafloresmartin.com\/es\/noticias\/\" target=\"_blank\" rel=\"noopener\">blog<\/a> y <a href=\"https:\/\/www.facebook.com\/VillaFloresMartin\/\" target=\"_blank\" rel=\"noopener\">redes sociales<\/a>.<\/p>\n<p style=\"text-align: right;\">Imagen: <a href=\"https:\/\/pixabay.com\/es\/bombilla-idea-3104355\/\" target=\"_blank\" rel=\"noopener\">Pixabay<\/a><\/p>\n","protected":false},"excerpt":{"rendered":"<p>Ahorro en la factura de la luz.\u00a0El precio de la electricidad se encuentra, actualmente en nuestro pa\u00eds, en valores de m\u00e1ximos hist\u00f3ricos. Podemos comprobar c\u00f3mo la factura de la luz ha mantenido una tendencia de subida hasta final de septiembre y, seg\u00fan a lo que apuntan todas las informaciones publicadas sobre esta cuesti\u00f3n, no se [&#8230;]<\/p>\n<p><a class=\"btn btn-secondary understrap-read-more-link\" href=\"https:\/\/www.villafloresmartin.com\/es\/ahorro-en-la-factura-de-la-luz\/\">Leer m\u00e1s&#8230;<\/a><\/p>\n","protected":false},"author":2,"featured_media":1443,"comment_status":"closed","ping_status":"closed","sticky":false,"template":"","format":"standard","meta":{"footnotes":""},"categories":[16],"tags":[],"class_list":["post-1441","post","type-post","status-publish","format-standard","has-post-thumbnail","hentry","category-noticias"],"yoast_head":"<!-- This site is optimized with the Yoast SEO plugin v26.9 - https:\/\/yoast.com\/product\/yoast-seo-wordpress\/ -->\n<title>Claves para fomentar el ahorro en la factura de la luz<\/title>\n<meta name=\"description\" content=\"El precio de la electricidad se encuentra, actualmente en nuestro pa\u00eds, en valores de m\u00e1ximos hist\u00f3ricos. Podemos comprobar c\u00f3mo la factura de la luz ha mantenido una tendencia de subida hasta final de septiembr y, seg\u00fan a lo que apuntan todas las informaciones... Ahorro en la factura de la luz\" \/>\n<meta name=\"robots\" content=\"index, follow, max-snippet:-1, max-image-preview:large, max-video-preview:-1\" \/>\n<link rel=\"canonical\" href=\"https:\/\/www.villafloresmartin.com\/es\/ahorro-en-la-factura-de-la-luz\/\" \/>\n<meta property=\"og:locale\" content=\"es_ES\" \/>\n<meta property=\"og:type\" content=\"article\" \/>\n<meta property=\"og:title\" content=\"Claves para fomentar el ahorro en la factura de la luz\" \/>\n<meta property=\"og:description\" content=\"El precio de la electricidad se encuentra, actualmente en nuestro pa\u00eds, en valores de m\u00e1ximos hist\u00f3ricos. Podemos comprobar c\u00f3mo la factura de la luz ha mantenido una tendencia de subida hasta final de septiembr y, seg\u00fan a lo que apuntan todas las informaciones... Ahorro en la factura de la luz\" \/>\n<meta property=\"og:url\" content=\"https:\/\/www.villafloresmartin.com\/es\/ahorro-en-la-factura-de-la-luz\/\" \/>\n<meta property=\"og:site_name\" content=\"Villa Flores Mart\u00edn\" \/>\n<meta property=\"article:published_time\" content=\"2018-09-28T14:15:03+00:00\" \/>\n<meta property=\"article:modified_time\" content=\"2022-03-25T11:51:56+00:00\" \/>\n<meta property=\"og:image\" content=\"https:\/\/www.villafloresmartin.com\/es\/wp-content\/uploads\/2018\/10\/ahorro-en-la-factura-de-la-luz-e1539267548269.png\" \/>\n\t<meta property=\"og:image:width\" content=\"600\" \/>\n\t<meta property=\"og:image:height\" content=\"338\" \/>\n\t<meta property=\"og:image:type\" content=\"image\/png\" \/>\n<meta name=\"author\" content=\"admin\" \/>\n<meta name=\"twitter:label1\" content=\"Escrito por\" \/>\n\t<meta name=\"twitter:data1\" content=\"admin\" \/>\n\t<meta name=\"twitter:label2\" content=\"Tiempo de lectura\" \/>\n\t<meta name=\"twitter:data2\" content=\"2 minutos\" \/>\n<script type=\"application\/ld+json\" class=\"yoast-schema-graph\">{\"@context\":\"https:\/\/schema.org\",\"@graph\":[{\"@type\":\"Article\",\"@id\":\"https:\/\/www.villafloresmartin.com\/es\/ahorro-en-la-factura-de-la-luz\/#article\",\"isPartOf\":{\"@id\":\"https:\/\/www.villafloresmartin.com\/es\/ahorro-en-la-factura-de-la-luz\/\"},\"author\":{\"name\":\"admin\",\"@id\":\"https:\/\/www.villafloresmartin.com\/es\/#\/schema\/person\/c2292207708e96921697bf002f8828be\"},\"headline\":\"Claves para fomentar el ahorro en la factura de la luz\",\"datePublished\":\"2018-09-28T14:15:03+00:00\",\"dateModified\":\"2022-03-25T11:51:56+00:00\",\"mainEntityOfPage\":{\"@id\":\"https:\/\/www.villafloresmartin.com\/es\/ahorro-en-la-factura-de-la-luz\/\"},\"wordCount\":448,\"image\":{\"@id\":\"https:\/\/www.villafloresmartin.com\/es\/ahorro-en-la-factura-de-la-luz\/#primaryimage\"},\"thumbnailUrl\":\"https:\/\/www.villafloresmartin.com\/es\/wp-content\/uploads\/2018\/10\/ahorro-en-la-factura-de-la-luz-e1539267548269.png\",\"articleSection\":[\"Noticias\"],\"inLanguage\":\"es\"},{\"@type\":\"WebPage\",\"@id\":\"https:\/\/www.villafloresmartin.com\/es\/ahorro-en-la-factura-de-la-luz\/\",\"url\":\"https:\/\/www.villafloresmartin.com\/es\/ahorro-en-la-factura-de-la-luz\/\",\"name\":\"Claves para fomentar el ahorro en la factura de la luz\",\"isPartOf\":{\"@id\":\"https:\/\/www.villafloresmartin.com\/es\/#website\"},\"primaryImageOfPage\":{\"@id\":\"https:\/\/www.villafloresmartin.com\/es\/ahorro-en-la-factura-de-la-luz\/#primaryimage\"},\"image\":{\"@id\":\"https:\/\/www.villafloresmartin.com\/es\/ahorro-en-la-factura-de-la-luz\/#primaryimage\"},\"thumbnailUrl\":\"https:\/\/www.villafloresmartin.com\/es\/wp-content\/uploads\/2018\/10\/ahorro-en-la-factura-de-la-luz-e1539267548269.png\",\"datePublished\":\"2018-09-28T14:15:03+00:00\",\"dateModified\":\"2022-03-25T11:51:56+00:00\",\"author\":{\"@id\":\"https:\/\/www.villafloresmartin.com\/es\/#\/schema\/person\/c2292207708e96921697bf002f8828be\"},\"description\":\"El precio de la electricidad se encuentra, actualmente en nuestro pa\u00eds, en valores de m\u00e1ximos hist\u00f3ricos. Podemos comprobar c\u00f3mo la factura de la luz ha mantenido una tendencia de subida hasta final de septiembr y, seg\u00fan a lo que apuntan todas las informaciones... Ahorro en la factura de la luz\",\"breadcrumb\":{\"@id\":\"https:\/\/www.villafloresmartin.com\/es\/ahorro-en-la-factura-de-la-luz\/#breadcrumb\"},\"inLanguage\":\"es\",\"potentialAction\":[{\"@type\":\"ReadAction\",\"target\":[\"https:\/\/www.villafloresmartin.com\/es\/ahorro-en-la-factura-de-la-luz\/\"]}]},{\"@type\":\"ImageObject\",\"inLanguage\":\"es\",\"@id\":\"https:\/\/www.villafloresmartin.com\/es\/ahorro-en-la-factura-de-la-luz\/#primaryimage\",\"url\":\"https:\/\/www.villafloresmartin.com\/es\/wp-content\/uploads\/2018\/10\/ahorro-en-la-factura-de-la-luz-e1539267548269.png\",\"contentUrl\":\"https:\/\/www.villafloresmartin.com\/es\/wp-content\/uploads\/2018\/10\/ahorro-en-la-factura-de-la-luz-e1539267548269.png\",\"width\":600,\"height\":338},{\"@type\":\"BreadcrumbList\",\"@id\":\"https:\/\/www.villafloresmartin.com\/es\/ahorro-en-la-factura-de-la-luz\/#breadcrumb\",\"itemListElement\":[{\"@type\":\"ListItem\",\"position\":1,\"name\":\"Portada\",\"item\":\"https:\/\/www.villafloresmartin.com\/es\/\"},{\"@type\":\"ListItem\",\"position\":2,\"name\":\"Claves para fomentar el ahorro en la factura de la luz\"}]},{\"@type\":\"WebSite\",\"@id\":\"https:\/\/www.villafloresmartin.com\/es\/#website\",\"url\":\"https:\/\/www.villafloresmartin.com\/es\/\",\"name\":\"Villa Flores Mart\u00edn\",\"description\":\"\",\"potentialAction\":[{\"@type\":\"SearchAction\",\"target\":{\"@type\":\"EntryPoint\",\"urlTemplate\":\"https:\/\/www.villafloresmartin.com\/es\/?s={search_term_string}\"},\"query-input\":{\"@type\":\"PropertyValueSpecification\",\"valueRequired\":true,\"valueName\":\"search_term_string\"}}],\"inLanguage\":\"es\"},{\"@type\":\"Person\",\"@id\":\"https:\/\/www.villafloresmartin.com\/es\/#\/schema\/person\/c2292207708e96921697bf002f8828be\",\"name\":\"admin\",\"image\":{\"@type\":\"ImageObject\",\"inLanguage\":\"es\",\"@id\":\"https:\/\/www.villafloresmartin.com\/es\/#\/schema\/person\/image\/\",\"url\":\"https:\/\/secure.gravatar.com\/avatar\/7982f03a93f66ccccbac0ad0746074089942e7448863241b5ddf94dec2148152?s=96&d=mm&r=g\",\"contentUrl\":\"https:\/\/secure.gravatar.com\/avatar\/7982f03a93f66ccccbac0ad0746074089942e7448863241b5ddf94dec2148152?s=96&d=mm&r=g\",\"caption\":\"admin\"}}]}<\/script>\n<!-- \/ Yoast SEO plugin. -->","yoast_head_json":{"title":"Claves para fomentar el ahorro en la factura de la luz","description":"El precio de la electricidad se encuentra, actualmente en nuestro pa\u00eds, en valores de m\u00e1ximos hist\u00f3ricos. Podemos comprobar c\u00f3mo la factura de la luz ha mantenido una tendencia de subida hasta final de septiembr y, seg\u00fan a lo que apuntan todas las informaciones... Ahorro en la factura de la luz","robots":{"index":"index","follow":"follow","max-snippet":"max-snippet:-1","max-image-preview":"max-image-preview:large","max-video-preview":"max-video-preview:-1"},"canonical":"https:\/\/www.villafloresmartin.com\/es\/ahorro-en-la-factura-de-la-luz\/","og_locale":"es_ES","og_type":"article","og_title":"Claves para fomentar el ahorro en la factura de la luz","og_description":"El precio de la electricidad se encuentra, actualmente en nuestro pa\u00eds, en valores de m\u00e1ximos hist\u00f3ricos. Podemos comprobar c\u00f3mo la factura de la luz ha mantenido una tendencia de subida hasta final de septiembr y, seg\u00fan a lo que apuntan todas las informaciones... Ahorro en la factura de la luz","og_url":"https:\/\/www.villafloresmartin.com\/es\/ahorro-en-la-factura-de-la-luz\/","og_site_name":"Villa Flores Mart\u00edn","article_published_time":"2018-09-28T14:15:03+00:00","article_modified_time":"2022-03-25T11:51:56+00:00","og_image":[{"width":600,"height":338,"url":"https:\/\/www.villafloresmartin.com\/es\/wp-content\/uploads\/2018\/10\/ahorro-en-la-factura-de-la-luz-e1539267548269.png","type":"image\/png"}],"author":"admin","twitter_misc":{"Escrito por":"admin","Tiempo de lectura":"2 minutos"},"schema":{"@context":"https:\/\/schema.org","@graph":[{"@type":"Article","@id":"https:\/\/www.villafloresmartin.com\/es\/ahorro-en-la-factura-de-la-luz\/#article","isPartOf":{"@id":"https:\/\/www.villafloresmartin.com\/es\/ahorro-en-la-factura-de-la-luz\/"},"author":{"name":"admin","@id":"https:\/\/www.villafloresmartin.com\/es\/#\/schema\/person\/c2292207708e96921697bf002f8828be"},"headline":"Claves para fomentar el ahorro en la factura de la luz","datePublished":"2018-09-28T14:15:03+00:00","dateModified":"2022-03-25T11:51:56+00:00","mainEntityOfPage":{"@id":"https:\/\/www.villafloresmartin.com\/es\/ahorro-en-la-factura-de-la-luz\/"},"wordCount":448,"image":{"@id":"https:\/\/www.villafloresmartin.com\/es\/ahorro-en-la-factura-de-la-luz\/#primaryimage"},"thumbnailUrl":"https:\/\/www.villafloresmartin.com\/es\/wp-content\/uploads\/2018\/10\/ahorro-en-la-factura-de-la-luz-e1539267548269.png","articleSection":["Noticias"],"inLanguage":"es"},{"@type":"WebPage","@id":"https:\/\/www.villafloresmartin.com\/es\/ahorro-en-la-factura-de-la-luz\/","url":"https:\/\/www.villafloresmartin.com\/es\/ahorro-en-la-factura-de-la-luz\/","name":"Claves para fomentar el ahorro en la factura de la luz","isPartOf":{"@id":"https:\/\/www.villafloresmartin.com\/es\/#website"},"primaryImageOfPage":{"@id":"https:\/\/www.villafloresmartin.com\/es\/ahorro-en-la-factura-de-la-luz\/#primaryimage"},"image":{"@id":"https:\/\/www.villafloresmartin.com\/es\/ahorro-en-la-factura-de-la-luz\/#primaryimage"},"thumbnailUrl":"https:\/\/www.villafloresmartin.com\/es\/wp-content\/uploads\/2018\/10\/ahorro-en-la-factura-de-la-luz-e1539267548269.png","datePublished":"2018-09-28T14:15:03+00:00","dateModified":"2022-03-25T11:51:56+00:00","author":{"@id":"https:\/\/www.villafloresmartin.com\/es\/#\/schema\/person\/c2292207708e96921697bf002f8828be"},"description":"El precio de la electricidad se encuentra, actualmente en nuestro pa\u00eds, en valores de m\u00e1ximos hist\u00f3ricos. Podemos comprobar c\u00f3mo la factura de la luz ha mantenido una tendencia de subida hasta final de septiembr y, seg\u00fan a lo que apuntan todas las informaciones... Ahorro en la factura de la luz","breadcrumb":{"@id":"https:\/\/www.villafloresmartin.com\/es\/ahorro-en-la-factura-de-la-luz\/#breadcrumb"},"inLanguage":"es","potentialAction":[{"@type":"ReadAction","target":["https:\/\/www.villafloresmartin.com\/es\/ahorro-en-la-factura-de-la-luz\/"]}]},{"@type":"ImageObject","inLanguage":"es","@id":"https:\/\/www.villafloresmartin.com\/es\/ahorro-en-la-factura-de-la-luz\/#primaryimage","url":"https:\/\/www.villafloresmartin.com\/es\/wp-content\/uploads\/2018\/10\/ahorro-en-la-factura-de-la-luz-e1539267548269.png","contentUrl":"https:\/\/www.villafloresmartin.com\/es\/wp-content\/uploads\/2018\/10\/ahorro-en-la-factura-de-la-luz-e1539267548269.png","width":600,"height":338},{"@type":"BreadcrumbList","@id":"https:\/\/www.villafloresmartin.com\/es\/ahorro-en-la-factura-de-la-luz\/#breadcrumb","itemListElement":[{"@type":"ListItem","position":1,"name":"Portada","item":"https:\/\/www.villafloresmartin.com\/es\/"},{"@type":"ListItem","position":2,"name":"Claves para fomentar el ahorro en la factura de la luz"}]},{"@type":"WebSite","@id":"https:\/\/www.villafloresmartin.com\/es\/#website","url":"https:\/\/www.villafloresmartin.com\/es\/","name":"Villa Flores Mart\u00edn","description":"","potentialAction":[{"@type":"SearchAction","target":{"@type":"EntryPoint","urlTemplate":"https:\/\/www.villafloresmartin.com\/es\/?s={search_term_string}"},"query-input":{"@type":"PropertyValueSpecification","valueRequired":true,"valueName":"search_term_string"}}],"inLanguage":"es"},{"@type":"Person","@id":"https:\/\/www.villafloresmartin.com\/es\/#\/schema\/person\/c2292207708e96921697bf002f8828be","name":"admin","image":{"@type":"ImageObject","inLanguage":"es","@id":"https:\/\/www.villafloresmartin.com\/es\/#\/schema\/person\/image\/","url":"https:\/\/secure.gravatar.com\/avatar\/7982f03a93f66ccccbac0ad0746074089942e7448863241b5ddf94dec2148152?s=96&d=mm&r=g","contentUrl":"https:\/\/secure.gravatar.com\/avatar\/7982f03a93f66ccccbac0ad0746074089942e7448863241b5ddf94dec2148152?s=96&d=mm&r=g","caption":"admin"}}]}},"_links":{"self":[{"href":"https:\/\/www.villafloresmartin.com\/es\/wp-json\/wp\/v2\/posts\/1441","targetHints":{"allow":["GET"]}}],"collection":[{"href":"https:\/\/www.villafloresmartin.com\/es\/wp-json\/wp\/v2\/posts"}],"about":[{"href":"https:\/\/www.villafloresmartin.com\/es\/wp-json\/wp\/v2\/types\/post"}],"author":[{"embeddable":true,"href":"https:\/\/www.villafloresmartin.com\/es\/wp-json\/wp\/v2\/users\/2"}],"replies":[{"embeddable":true,"href":"https:\/\/www.villafloresmartin.com\/es\/wp-json\/wp\/v2\/comments?post=1441"}],"version-history":[{"count":0,"href":"https:\/\/www.villafloresmartin.com\/es\/wp-json\/wp\/v2\/posts\/1441\/revisions"}],"wp:featuredmedia":[{"embeddable":true,"href":"https:\/\/www.villafloresmartin.com\/es\/wp-json\/wp\/v2\/media\/1443"}],"wp:attachment":[{"href":"https:\/\/www.villafloresmartin.com\/es\/wp-json\/wp\/v2\/media?parent=1441"}],"wp:term":[{"taxonomy":"category","embeddable":true,"href":"https:\/\/www.villafloresmartin.com\/es\/wp-json\/wp\/v2\/categories?post=1441"},{"taxonomy":"post_tag","embeddable":true,"href":"https:\/\/www.villafloresmartin.com\/es\/wp-json\/wp\/v2\/tags?post=1441"}],"curies":[{"name":"wp","href":"https:\/\/api.w.org\/{rel}","templated":true}]}}