{"id":1414,"date":"2018-07-10T20:24:20","date_gmt":"2018-07-10T18:24:20","guid":{"rendered":"https:\/\/www.villafloresmartin.com\/es\/?p=1414"},"modified":"2022-03-25T12:51:57","modified_gmt":"2022-03-25T11:51:57","slug":"los-precios-de-la-electricidad-suben-a-niveles-record-en-toda-europa-por-estos-motivos","status":"publish","type":"post","link":"https:\/\/www.villafloresmartin.com\/es\/los-precios-de-la-electricidad-suben-a-niveles-record-en-toda-europa-por-estos-motivos\/","title":{"rendered":"Los precios de la electricidad suben a niveles r\u00e9cord en toda Europa por estos motivos"},"content":{"rendered":"<p><img  title=\"Los precios de la electricidad suben a niveles r\u00e9cord en toda Europa por estos motivos - Villa Flores Mart\u00edn\" loading=\"lazy\" decoding=\"async\" class=\"aligncenter wp-image-1415 size-full\" src=\"https:\/\/www.villafloresmartin.com\/es\/wp-content\/uploads\/2018\/07\/blog-2-e1532974972495.png\"  alt=\"Los precios de la electricidad suben a niveles r\u00e9cord en toda Europa por estos motivos - Villa Flores Mart\u00edn\"  width=\"600\" height=\"400\" srcset=\"https:\/\/www.villafloresmartin.com\/es\/wp-content\/uploads\/2018\/07\/blog-2-e1532974972495.png 600w, https:\/\/www.villafloresmartin.com\/es\/wp-content\/uploads\/2018\/07\/blog-2-e1532974972495-300x200.png 300w, https:\/\/www.villafloresmartin.com\/es\/wp-content\/uploads\/2018\/07\/blog-2-e1532974972495-90x60.png 90w\" sizes=\"auto, (max-width: 600px) 100vw, 600px\" \/><span style=\"font-size: 1rem;\"><br \/>\nQue los precios de la electricidad suban es algo que ya a nadie coge desprevenido. <a href=\"https:\/\/www.villafloresmartin.com\/es\/precio-de-la-electricidad-en-espana-caro\/\" target=\"_blank\" rel=\"noopener\"><strong>La sociedad se ha acostumbrado a ver crecer su factura de la luz<\/strong><\/a> casi paulatinamente, lo cual genera un malestar dif\u00edcil de solventar.<\/span><!--more--><\/p>\n<p>Sin embargo, todo parece apuntar a que la situaci\u00f3n empeorar\u00e1 a\u00fan m\u00e1s. Durante el tiempo que llevamos de verano han aparecido nuevos <a href=\"https:\/\/www.villafloresmartin.com\/es\/generacion-electricidad-en-espana-10-anos\/\" target=\"_blank\" rel=\"noopener\"><strong>factores que han afectado al encarecimiento de la energ\u00eda<\/strong><\/a>. Te lo contamos a continuaci\u00f3n.<\/p>\n<h2>\u00bfPor qu\u00e9 los precios de la electricidad suben una vez m\u00e1s?<\/h2>\n<p>Tradicionalmente, en esta \u00e9poca del a\u00f1o, los precios de la electricidad suben sobre todo en pa\u00edses como Espa\u00f1a o Portugal. No obstante, en esta ocasi\u00f3n, la situaci\u00f3n ha cambiado y se ha convertido en una <strong>tendencia en toda Europa<\/strong>. Todos los estados comunitarios est\u00e1n vi\u00e9ndose afectados por una cadena de factores que ha propiciado lo que muchos llaman<strong> \u201cla tormenta perfecta\u201d<\/strong> para que los precios de la electricidad suban.<\/p>\n<p>El primer factor clave de este incremento es<strong> la fuerte ola de calor<\/strong> que est\u00e1 afectando a toda Europa y que ha desembocado en un aumento de la demanda el\u00e9ctrica. En muchas zonas no acostumbradas a estas altas temperaturas, se ha disparado la venta de ventiladores y aires acondicionados.<\/p>\n<p>Por otro lado, <strong>la generaci\u00f3n de energ\u00eda a trav\u00e9s de los combustibles f\u00f3siles aumenta durante la \u00e9poca estival<\/strong> debido a la intermitencia de la generaci\u00f3n renovable. Y es que Europa ha confiado m\u00e1s en la energ\u00eda e\u00f3lica, lo cual se refleja en los meses de verano cuando sopla menos el aire, provocando el disparo de los precios.<\/p>\n<p>Tambi\u00e9n hay que tener en cuenta la<strong> subida del precio del CO2<\/strong>. En el ejercicio anterior, el precio en el mercado de emisiones era de poco m\u00e1s de 5 euros\/tCO2e. Hoy, se ha m\u00e1s que triplicado hasta los 17,34 euros\/tCO2e. Y<\/p>\n<p>Adem\u00e1s, <strong>el precio de las materias primas tampoco acompa\u00f1a<\/strong>. El petr\u00f3leo, el gas y el carb\u00f3n se siguen manteniendo altos respecto a a\u00f1os anteriores y eso tambi\u00e9n se traslada a los precios de la electricidad.<\/p>\n<p>Todo esto, y m\u00e1s, es lo que ha dado lugar a esa tormenta perfecta en lo que a los precios de la electricidad se refiere.<\/p>\n<p>&nbsp;<\/p>\n<p style=\"text-align: right;\">Fuente: <a href=\"https:\/\/elperiodicodelaenergia.com\/una-nueva-tormenta-perfecta-encarece-el-precio-de-la-electricidad-en-toda-europa\/\" target=\"_blank\" rel=\"noopener\">El peri\u00f3dico de la energ\u00eda<\/a><\/p>\n<p style=\"text-align: right;\">Imagen: <a href=\"https:\/\/www.freepik.es\/foto-gratis\/retrato-del-hombre-que-agarra-su-cabeza-en-la-desesperacion-cerca-de-la-computadora-portatil_1281116.htm\" target=\"_blank\" rel=\"noopener\">Freepik<\/a><\/p>\n<p style=\"text-align: right;\">\n","protected":false},"excerpt":{"rendered":"<p>Que los precios de la electricidad suban es algo que ya a nadie coge desprevenido. La sociedad se ha acostumbrado a ver crecer su factura de la luz casi paulatinamente, lo cual genera un malestar dif\u00edcil de solventar. [&#8230;]<\/p>\n<p><a class=\"btn btn-secondary understrap-read-more-link\" href=\"https:\/\/www.villafloresmartin.com\/es\/los-precios-de-la-electricidad-suben-a-niveles-record-en-toda-europa-por-estos-motivos\/\">Leer m\u00e1s&#8230;<\/a><\/p>\n","protected":false},"author":2,"featured_media":1415,"comment_status":"closed","ping_status":"closed","sticky":false,"template":"","format":"standard","meta":{"footnotes":""},"categories":[16],"tags":[],"class_list":["post-1414","post","type-post","status-publish","format-standard","has-post-thumbnail","hentry","category-noticias"],"yoast_head":"<!-- This site is optimized with the Yoast SEO plugin v26.9 - https:\/\/yoast.com\/product\/yoast-seo-wordpress\/ -->\n<title>Los precios de la electricidad suben a niveles r\u00e9cord en toda Europa por estos motivos - Villa Flores Mart\u00edn<\/title>\n<meta name=\"description\" content=\"Los precios de la electricidad suben a niveles r\u00e9cord en toda Europa por estos motivos. Diagnosis y Localizaci\u00f3n de aver\u00edas en LSMT. Villa Flores Mart\u00edn. Ensayos y diagnosis de aislamiento en l\u00edneas de BT, MT y AT.\" \/>\n<meta name=\"robots\" content=\"index, follow, max-snippet:-1, max-image-preview:large, max-video-preview:-1\" \/>\n<link rel=\"canonical\" href=\"https:\/\/www.villafloresmartin.com\/es\/los-precios-de-la-electricidad-suben-a-niveles-record-en-toda-europa-por-estos-motivos\/\" \/>\n<meta property=\"og:locale\" content=\"es_ES\" \/>\n<meta property=\"og:type\" content=\"article\" \/>\n<meta property=\"og:title\" content=\"Los precios de la electricidad suben a niveles r\u00e9cord en toda Europa por estos motivos - Villa Flores Mart\u00edn\" \/>\n<meta property=\"og:description\" content=\"Los precios de la electricidad suben a niveles r\u00e9cord en toda Europa por estos motivos. Diagnosis y Localizaci\u00f3n de aver\u00edas en LSMT. Villa Flores Mart\u00edn. Ensayos y diagnosis de aislamiento en l\u00edneas de BT, MT y AT.\" \/>\n<meta property=\"og:url\" content=\"https:\/\/www.villafloresmartin.com\/es\/los-precios-de-la-electricidad-suben-a-niveles-record-en-toda-europa-por-estos-motivos\/\" \/>\n<meta property=\"og:site_name\" content=\"Villa Flores Mart\u00edn\" \/>\n<meta property=\"article:published_time\" content=\"2018-07-10T18:24:20+00:00\" \/>\n<meta property=\"article:modified_time\" content=\"2022-03-25T11:51:57+00:00\" \/>\n<meta property=\"og:image\" content=\"https:\/\/www.villafloresmartin.com\/es\/wp-content\/uploads\/2018\/07\/blog-2-e1532974972495.png\" \/>\n\t<meta property=\"og:image:width\" content=\"600\" \/>\n\t<meta property=\"og:image:height\" content=\"400\" \/>\n\t<meta property=\"og:image:type\" content=\"image\/png\" \/>\n<meta name=\"author\" content=\"admin\" \/>\n<meta name=\"twitter:label1\" content=\"Escrito por\" \/>\n\t<meta name=\"twitter:data1\" content=\"admin\" \/>\n\t<meta name=\"twitter:label2\" content=\"Tiempo de lectura\" \/>\n\t<meta name=\"twitter:data2\" content=\"2 minutos\" \/>\n<script type=\"application\/ld+json\" class=\"yoast-schema-graph\">{\"@context\":\"https:\/\/schema.org\",\"@graph\":[{\"@type\":\"Article\",\"@id\":\"https:\/\/www.villafloresmartin.com\/es\/los-precios-de-la-electricidad-suben-a-niveles-record-en-toda-europa-por-estos-motivos\/#article\",\"isPartOf\":{\"@id\":\"https:\/\/www.villafloresmartin.com\/es\/los-precios-de-la-electricidad-suben-a-niveles-record-en-toda-europa-por-estos-motivos\/\"},\"author\":{\"name\":\"admin\",\"@id\":\"https:\/\/www.villafloresmartin.com\/es\/#\/schema\/person\/c2292207708e96921697bf002f8828be\"},\"headline\":\"Los precios de la electricidad suben a niveles r\u00e9cord en toda Europa por estos motivos\",\"datePublished\":\"2018-07-10T18:24:20+00:00\",\"dateModified\":\"2022-03-25T11:51:57+00:00\",\"mainEntityOfPage\":{\"@id\":\"https:\/\/www.villafloresmartin.com\/es\/los-precios-de-la-electricidad-suben-a-niveles-record-en-toda-europa-por-estos-motivos\/\"},\"wordCount\":423,\"image\":{\"@id\":\"https:\/\/www.villafloresmartin.com\/es\/los-precios-de-la-electricidad-suben-a-niveles-record-en-toda-europa-por-estos-motivos\/#primaryimage\"},\"thumbnailUrl\":\"https:\/\/www.villafloresmartin.com\/es\/wp-content\/uploads\/2018\/07\/blog-2-e1532974972495.png\",\"articleSection\":[\"Noticias\"],\"inLanguage\":\"es\"},{\"@type\":\"WebPage\",\"@id\":\"https:\/\/www.villafloresmartin.com\/es\/los-precios-de-la-electricidad-suben-a-niveles-record-en-toda-europa-por-estos-motivos\/\",\"url\":\"https:\/\/www.villafloresmartin.com\/es\/los-precios-de-la-electricidad-suben-a-niveles-record-en-toda-europa-por-estos-motivos\/\",\"name\":\"Los precios de la electricidad suben a niveles r\u00e9cord en toda Europa por estos motivos - Villa Flores Mart\u00edn\",\"isPartOf\":{\"@id\":\"https:\/\/www.villafloresmartin.com\/es\/#website\"},\"primaryImageOfPage\":{\"@id\":\"https:\/\/www.villafloresmartin.com\/es\/los-precios-de-la-electricidad-suben-a-niveles-record-en-toda-europa-por-estos-motivos\/#primaryimage\"},\"image\":{\"@id\":\"https:\/\/www.villafloresmartin.com\/es\/los-precios-de-la-electricidad-suben-a-niveles-record-en-toda-europa-por-estos-motivos\/#primaryimage\"},\"thumbnailUrl\":\"https:\/\/www.villafloresmartin.com\/es\/wp-content\/uploads\/2018\/07\/blog-2-e1532974972495.png\",\"datePublished\":\"2018-07-10T18:24:20+00:00\",\"dateModified\":\"2022-03-25T11:51:57+00:00\",\"author\":{\"@id\":\"https:\/\/www.villafloresmartin.com\/es\/#\/schema\/person\/c2292207708e96921697bf002f8828be\"},\"description\":\"Los precios de la electricidad suben a niveles r\u00e9cord en toda Europa por estos motivos. Diagnosis y Localizaci\u00f3n de aver\u00edas en LSMT. Villa Flores Mart\u00edn. Ensayos y diagnosis de aislamiento en l\u00edneas de BT, MT y AT.\",\"breadcrumb\":{\"@id\":\"https:\/\/www.villafloresmartin.com\/es\/los-precios-de-la-electricidad-suben-a-niveles-record-en-toda-europa-por-estos-motivos\/#breadcrumb\"},\"inLanguage\":\"es\",\"potentialAction\":[{\"@type\":\"ReadAction\",\"target\":[\"https:\/\/www.villafloresmartin.com\/es\/los-precios-de-la-electricidad-suben-a-niveles-record-en-toda-europa-por-estos-motivos\/\"]}]},{\"@type\":\"ImageObject\",\"inLanguage\":\"es\",\"@id\":\"https:\/\/www.villafloresmartin.com\/es\/los-precios-de-la-electricidad-suben-a-niveles-record-en-toda-europa-por-estos-motivos\/#primaryimage\",\"url\":\"https:\/\/www.villafloresmartin.com\/es\/wp-content\/uploads\/2018\/07\/blog-2-e1532974972495.png\",\"contentUrl\":\"https:\/\/www.villafloresmartin.com\/es\/wp-content\/uploads\/2018\/07\/blog-2-e1532974972495.png\",\"width\":600,\"height\":400},{\"@type\":\"BreadcrumbList\",\"@id\":\"https:\/\/www.villafloresmartin.com\/es\/los-precios-de-la-electricidad-suben-a-niveles-record-en-toda-europa-por-estos-motivos\/#breadcrumb\",\"itemListElement\":[{\"@type\":\"ListItem\",\"position\":1,\"name\":\"Portada\",\"item\":\"https:\/\/www.villafloresmartin.com\/es\/\"},{\"@type\":\"ListItem\",\"position\":2,\"name\":\"Los precios de la electricidad suben a niveles r\u00e9cord en toda Europa por estos motivos\"}]},{\"@type\":\"WebSite\",\"@id\":\"https:\/\/www.villafloresmartin.com\/es\/#website\",\"url\":\"https:\/\/www.villafloresmartin.com\/es\/\",\"name\":\"Villa Flores Mart\u00edn\",\"description\":\"\",\"potentialAction\":[{\"@type\":\"SearchAction\",\"target\":{\"@type\":\"EntryPoint\",\"urlTemplate\":\"https:\/\/www.villafloresmartin.com\/es\/?s={search_term_string}\"},\"query-input\":{\"@type\":\"PropertyValueSpecification\",\"valueRequired\":true,\"valueName\":\"search_term_string\"}}],\"inLanguage\":\"es\"},{\"@type\":\"Person\",\"@id\":\"https:\/\/www.villafloresmartin.com\/es\/#\/schema\/person\/c2292207708e96921697bf002f8828be\",\"name\":\"admin\",\"image\":{\"@type\":\"ImageObject\",\"inLanguage\":\"es\",\"@id\":\"https:\/\/www.villafloresmartin.com\/es\/#\/schema\/person\/image\/\",\"url\":\"https:\/\/secure.gravatar.com\/avatar\/7982f03a93f66ccccbac0ad0746074089942e7448863241b5ddf94dec2148152?s=96&d=mm&r=g\",\"contentUrl\":\"https:\/\/secure.gravatar.com\/avatar\/7982f03a93f66ccccbac0ad0746074089942e7448863241b5ddf94dec2148152?s=96&d=mm&r=g\",\"caption\":\"admin\"}}]}<\/script>\n<!-- \/ Yoast SEO plugin. -->","yoast_head_json":{"title":"Los precios de la electricidad suben a niveles r\u00e9cord en toda Europa por estos motivos - Villa Flores Mart\u00edn","description":"Los precios de la electricidad suben a niveles r\u00e9cord en toda Europa por estos motivos. Diagnosis y Localizaci\u00f3n de aver\u00edas en LSMT. Villa Flores Mart\u00edn. Ensayos y diagnosis de aislamiento en l\u00edneas de BT, MT y AT.","robots":{"index":"index","follow":"follow","max-snippet":"max-snippet:-1","max-image-preview":"max-image-preview:large","max-video-preview":"max-video-preview:-1"},"canonical":"https:\/\/www.villafloresmartin.com\/es\/los-precios-de-la-electricidad-suben-a-niveles-record-en-toda-europa-por-estos-motivos\/","og_locale":"es_ES","og_type":"article","og_title":"Los precios de la electricidad suben a niveles r\u00e9cord en toda Europa por estos motivos - Villa Flores Mart\u00edn","og_description":"Los precios de la electricidad suben a niveles r\u00e9cord en toda Europa por estos motivos. Diagnosis y Localizaci\u00f3n de aver\u00edas en LSMT. Villa Flores Mart\u00edn. Ensayos y diagnosis de aislamiento en l\u00edneas de BT, MT y AT.","og_url":"https:\/\/www.villafloresmartin.com\/es\/los-precios-de-la-electricidad-suben-a-niveles-record-en-toda-europa-por-estos-motivos\/","og_site_name":"Villa Flores Mart\u00edn","article_published_time":"2018-07-10T18:24:20+00:00","article_modified_time":"2022-03-25T11:51:57+00:00","og_image":[{"width":600,"height":400,"url":"https:\/\/www.villafloresmartin.com\/es\/wp-content\/uploads\/2018\/07\/blog-2-e1532974972495.png","type":"image\/png"}],"author":"admin","twitter_misc":{"Escrito por":"admin","Tiempo de lectura":"2 minutos"},"schema":{"@context":"https:\/\/schema.org","@graph":[{"@type":"Article","@id":"https:\/\/www.villafloresmartin.com\/es\/los-precios-de-la-electricidad-suben-a-niveles-record-en-toda-europa-por-estos-motivos\/#article","isPartOf":{"@id":"https:\/\/www.villafloresmartin.com\/es\/los-precios-de-la-electricidad-suben-a-niveles-record-en-toda-europa-por-estos-motivos\/"},"author":{"name":"admin","@id":"https:\/\/www.villafloresmartin.com\/es\/#\/schema\/person\/c2292207708e96921697bf002f8828be"},"headline":"Los precios de la electricidad suben a niveles r\u00e9cord en toda Europa por estos motivos","datePublished":"2018-07-10T18:24:20+00:00","dateModified":"2022-03-25T11:51:57+00:00","mainEntityOfPage":{"@id":"https:\/\/www.villafloresmartin.com\/es\/los-precios-de-la-electricidad-suben-a-niveles-record-en-toda-europa-por-estos-motivos\/"},"wordCount":423,"image":{"@id":"https:\/\/www.villafloresmartin.com\/es\/los-precios-de-la-electricidad-suben-a-niveles-record-en-toda-europa-por-estos-motivos\/#primaryimage"},"thumbnailUrl":"https:\/\/www.villafloresmartin.com\/es\/wp-content\/uploads\/2018\/07\/blog-2-e1532974972495.png","articleSection":["Noticias"],"inLanguage":"es"},{"@type":"WebPage","@id":"https:\/\/www.villafloresmartin.com\/es\/los-precios-de-la-electricidad-suben-a-niveles-record-en-toda-europa-por-estos-motivos\/","url":"https:\/\/www.villafloresmartin.com\/es\/los-precios-de-la-electricidad-suben-a-niveles-record-en-toda-europa-por-estos-motivos\/","name":"Los precios de la electricidad suben a niveles r\u00e9cord en toda Europa por estos motivos - Villa Flores Mart\u00edn","isPartOf":{"@id":"https:\/\/www.villafloresmartin.com\/es\/#website"},"primaryImageOfPage":{"@id":"https:\/\/www.villafloresmartin.com\/es\/los-precios-de-la-electricidad-suben-a-niveles-record-en-toda-europa-por-estos-motivos\/#primaryimage"},"image":{"@id":"https:\/\/www.villafloresmartin.com\/es\/los-precios-de-la-electricidad-suben-a-niveles-record-en-toda-europa-por-estos-motivos\/#primaryimage"},"thumbnailUrl":"https:\/\/www.villafloresmartin.com\/es\/wp-content\/uploads\/2018\/07\/blog-2-e1532974972495.png","datePublished":"2018-07-10T18:24:20+00:00","dateModified":"2022-03-25T11:51:57+00:00","author":{"@id":"https:\/\/www.villafloresmartin.com\/es\/#\/schema\/person\/c2292207708e96921697bf002f8828be"},"description":"Los precios de la electricidad suben a niveles r\u00e9cord en toda Europa por estos motivos. Diagnosis y Localizaci\u00f3n de aver\u00edas en LSMT. Villa Flores Mart\u00edn. Ensayos y diagnosis de aislamiento en l\u00edneas de BT, MT y AT.","breadcrumb":{"@id":"https:\/\/www.villafloresmartin.com\/es\/los-precios-de-la-electricidad-suben-a-niveles-record-en-toda-europa-por-estos-motivos\/#breadcrumb"},"inLanguage":"es","potentialAction":[{"@type":"ReadAction","target":["https:\/\/www.villafloresmartin.com\/es\/los-precios-de-la-electricidad-suben-a-niveles-record-en-toda-europa-por-estos-motivos\/"]}]},{"@type":"ImageObject","inLanguage":"es","@id":"https:\/\/www.villafloresmartin.com\/es\/los-precios-de-la-electricidad-suben-a-niveles-record-en-toda-europa-por-estos-motivos\/#primaryimage","url":"https:\/\/www.villafloresmartin.com\/es\/wp-content\/uploads\/2018\/07\/blog-2-e1532974972495.png","contentUrl":"https:\/\/www.villafloresmartin.com\/es\/wp-content\/uploads\/2018\/07\/blog-2-e1532974972495.png","width":600,"height":400},{"@type":"BreadcrumbList","@id":"https:\/\/www.villafloresmartin.com\/es\/los-precios-de-la-electricidad-suben-a-niveles-record-en-toda-europa-por-estos-motivos\/#breadcrumb","itemListElement":[{"@type":"ListItem","position":1,"name":"Portada","item":"https:\/\/www.villafloresmartin.com\/es\/"},{"@type":"ListItem","position":2,"name":"Los precios de la electricidad suben a niveles r\u00e9cord en toda Europa por estos motivos"}]},{"@type":"WebSite","@id":"https:\/\/www.villafloresmartin.com\/es\/#website","url":"https:\/\/www.villafloresmartin.com\/es\/","name":"Villa Flores Mart\u00edn","description":"","potentialAction":[{"@type":"SearchAction","target":{"@type":"EntryPoint","urlTemplate":"https:\/\/www.villafloresmartin.com\/es\/?s={search_term_string}"},"query-input":{"@type":"PropertyValueSpecification","valueRequired":true,"valueName":"search_term_string"}}],"inLanguage":"es"},{"@type":"Person","@id":"https:\/\/www.villafloresmartin.com\/es\/#\/schema\/person\/c2292207708e96921697bf002f8828be","name":"admin","image":{"@type":"ImageObject","inLanguage":"es","@id":"https:\/\/www.villafloresmartin.com\/es\/#\/schema\/person\/image\/","url":"https:\/\/secure.gravatar.com\/avatar\/7982f03a93f66ccccbac0ad0746074089942e7448863241b5ddf94dec2148152?s=96&d=mm&r=g","contentUrl":"https:\/\/secure.gravatar.com\/avatar\/7982f03a93f66ccccbac0ad0746074089942e7448863241b5ddf94dec2148152?s=96&d=mm&r=g","caption":"admin"}}]}},"_links":{"self":[{"href":"https:\/\/www.villafloresmartin.com\/es\/wp-json\/wp\/v2\/posts\/1414","targetHints":{"allow":["GET"]}}],"collection":[{"href":"https:\/\/www.villafloresmartin.com\/es\/wp-json\/wp\/v2\/posts"}],"about":[{"href":"https:\/\/www.villafloresmartin.com\/es\/wp-json\/wp\/v2\/types\/post"}],"author":[{"embeddable":true,"href":"https:\/\/www.villafloresmartin.com\/es\/wp-json\/wp\/v2\/users\/2"}],"replies":[{"embeddable":true,"href":"https:\/\/www.villafloresmartin.com\/es\/wp-json\/wp\/v2\/comments?post=1414"}],"version-history":[{"count":0,"href":"https:\/\/www.villafloresmartin.com\/es\/wp-json\/wp\/v2\/posts\/1414\/revisions"}],"wp:featuredmedia":[{"embeddable":true,"href":"https:\/\/www.villafloresmartin.com\/es\/wp-json\/wp\/v2\/media\/1415"}],"wp:attachment":[{"href":"https:\/\/www.villafloresmartin.com\/es\/wp-json\/wp\/v2\/media?parent=1414"}],"wp:term":[{"taxonomy":"category","embeddable":true,"href":"https:\/\/www.villafloresmartin.com\/es\/wp-json\/wp\/v2\/categories?post=1414"},{"taxonomy":"post_tag","embeddable":true,"href":"https:\/\/www.villafloresmartin.com\/es\/wp-json\/wp\/v2\/tags?post=1414"}],"curies":[{"name":"wp","href":"https:\/\/api.w.org\/{rel}","templated":true}]}}