{"id":1409,"date":"2018-07-03T13:47:13","date_gmt":"2018-07-03T11:47:13","guid":{"rendered":"https:\/\/www.villafloresmartin.com\/es\/?p=1409"},"modified":"2022-03-25T12:51:57","modified_gmt":"2022-03-25T11:51:57","slug":"obra-civil-en-verano","status":"publish","type":"post","link":"https:\/\/www.villafloresmartin.com\/es\/obra-civil-en-verano\/","title":{"rendered":"Un cl\u00e1sico de esta \u00e9poca: la obra civil en verano"},"content":{"rendered":"<p><img  title=\"Un cl\u00e1sico de esta \u00e9poca: la obra civil en verano - Villa Flores Mart\u00edn\" loading=\"lazy\" decoding=\"async\" class=\"aligncenter wp-image-1410 size-full\" src=\"https:\/\/www.villafloresmartin.com\/es\/wp-content\/uploads\/2018\/07\/blog-1-e1532972901828.png\"  alt=\"Un cl\u00e1sico de esta \u00e9poca: la obra civil en verano - Villa Flores Mart\u00edn\"  width=\"600\" height=\"216\" srcset=\"https:\/\/www.villafloresmartin.com\/es\/wp-content\/uploads\/2018\/07\/blog-1-e1532972901828.png 600w, https:\/\/www.villafloresmartin.com\/es\/wp-content\/uploads\/2018\/07\/blog-1-e1532972901828-300x108.png 300w, https:\/\/www.villafloresmartin.com\/es\/wp-content\/uploads\/2018\/07\/blog-1-e1532972901828-167x60.png 167w\" sizes=\"auto, (max-width: 600px) 100vw, 600px\" \/><span style=\"font-size: 1rem;\"><br \/>\n<strong>Obra civil en verano.<\/strong> La \u00e9poca estival se ha convertido en el momento favorito por la Administraci\u00f3n para llevar a cabo los <a href=\"https:\/\/www.villafloresmartin.com\/es\/obras-civiles-electricas-en-tu-dia-a-dia\/\" target=\"_blank\" rel=\"noopener\"><strong>proyectos de obra civil<\/strong><\/a>. Canalizaciones, acondicionamiento del asfalto,<a href=\"https:\/\/www.villafloresmartin.com\/es\/proyecto-de-alumbrado-publico-administraciones\/\" target=\"_blank\" rel=\"noopener\"> sustituci\u00f3n de alumbrado vial o urbano<\/a>\u2026 son solo algunas de las obras que suelen encontrarse estos d\u00edas activas tanto en ciudades como en municipios de toda la geograf\u00eda nacional.<\/span><!--more--><\/p>\n<p>No cabe duda que la obra civil en verano aprovecha la marcha de buena parte de la poblaci\u00f3n a zonas costeras o al extranjero con motivo de las vacaciones. De esta forma, los n\u00facleos urbanos se encuentran m\u00e1s vac\u00edos de p\u00fablico, <strong>lo cual favorece el desarrollo de los trabajos<\/strong> de una manera m\u00e1s r\u00e1pida y sin generar tantas molestias.<\/p>\n<p>Actualmente, en<a href=\"https:\/\/www.villafloresmartin.com\/es\/\" target=\"_blank\" rel=\"noopener\"><strong> Villa Flores Mart\u00edn<\/strong><\/a> estamos inmersos en varios proyectos de obra civil en verano en Sevilla. Y es que nuestros propios clientes nos demandan que este tipo de intervenciones se lleven a cabo durante los meses de julio y agosto.<\/p>\n<p>Prueba de ello es que en estos momentos nos encontramos realizando labores de canalizaci\u00f3n en diferentes puntos de la <a href=\"http:\/\/www.visitasevilla.es\/turismo-de-sevilla\" target=\"_blank\" rel=\"noopener\"><strong>zona centro de Sevilla<\/strong><\/a>, donde se precisa renovar la instalaci\u00f3n el\u00e9ctrica de las \u00e1reas m\u00e1s habitadas de la capital andaluza.<\/p>\n<h2>Especializados en trabajos de obra civil en verano<\/h2>\n<p>En Villa Flores Mart\u00edn contamos con un equipo de <a href=\"https:\/\/www.villafloresmartin.com\/es\/servicios\/obra-civil\/\" target=\"_blank\" rel=\"noopener\"><strong>profesionales especializados en el sector de la obra civil<\/strong><\/a>. De ah\u00ed que el verano sea para nosotros tambi\u00e9n un periodo importante de trabajo.<\/p>\n<p>Asimismo, contamos con la confianza de nuestros clientes gracias al trato personalizado y cualificado que ofrecemos. Para ello contamos con un equipo humano con una larga trayectoria y capaz de asesorarte siempre la mejor soluci\u00f3n para tu caso. Adem\u00e1s, <strong>disponemos de medios propios con maquinaria y \u00faltima tecnolog\u00eda<\/strong> para dar respuesta a cualquier escenario que se pueda presentar.<\/p>\n<p>Si est\u00e1s interesado en llevar a cabo alguna obra civil en verano o pasado este tiempo, no dudes en<a href=\"https:\/\/www.villafloresmartin.com\/es\/contacto\/\" target=\"_blank\" rel=\"noopener\"><strong> contactar con nuestra compa\u00f1\u00eda<\/strong><\/a>. Estaremos encantados de atenderte.<\/p>\n","protected":false},"excerpt":{"rendered":"<p>Obra civil en verano. La \u00e9poca estival se ha convertido en el momento favorito por la Administraci\u00f3n para llevar a cabo los proyectos de obra civil. Canalizaciones, acondicionamiento del asfalto, sustituci\u00f3n de alumbrado vial o urbano\u2026 son solo algunas de las obras que suelen encontrarse estos d\u00edas activas tanto en ciudades como en municipios de [&#8230;]<\/p>\n<p><a class=\"btn btn-secondary understrap-read-more-link\" href=\"https:\/\/www.villafloresmartin.com\/es\/obra-civil-en-verano\/\">Leer m\u00e1s&#8230;<\/a><\/p>\n","protected":false},"author":2,"featured_media":1410,"comment_status":"closed","ping_status":"closed","sticky":false,"template":"","format":"standard","meta":{"footnotes":""},"categories":[16],"tags":[],"class_list":["post-1409","post","type-post","status-publish","format-standard","has-post-thumbnail","hentry","category-noticias"],"yoast_head":"<!-- This site is optimized with the Yoast SEO plugin v26.9 - https:\/\/yoast.com\/product\/yoast-seo-wordpress\/ -->\n<title>Un gran cl\u00e1sico de esta \u00e9poca: la obra civil en verano<\/title>\n<meta name=\"description\" content=\"Obra civil en verano. La \u00e9poca estival se ha convertido en el momento favorito por la Administraci\u00f3n para llevar a cabo los proyectos de obra civil. Canalizaciones, acondicionamiento del asfalto, sustituci\u00f3n de alumbrado vial o urbano\u2026 son solo algunas de las obras que suelen... obra civil en verano\" \/>\n<meta name=\"robots\" content=\"index, follow, max-snippet:-1, max-image-preview:large, max-video-preview:-1\" \/>\n<link rel=\"canonical\" href=\"https:\/\/www.villafloresmartin.com\/es\/obra-civil-en-verano\/\" \/>\n<meta property=\"og:locale\" content=\"es_ES\" \/>\n<meta property=\"og:type\" content=\"article\" \/>\n<meta property=\"og:title\" content=\"Un gran cl\u00e1sico de esta \u00e9poca: la obra civil en verano\" \/>\n<meta property=\"og:description\" content=\"Obra civil en verano. La \u00e9poca estival se ha convertido en el momento favorito por la Administraci\u00f3n para llevar a cabo los proyectos de obra civil. Canalizaciones, acondicionamiento del asfalto, sustituci\u00f3n de alumbrado vial o urbano\u2026 son solo algunas de las obras que suelen... obra civil en verano\" \/>\n<meta property=\"og:url\" content=\"https:\/\/www.villafloresmartin.com\/es\/obra-civil-en-verano\/\" \/>\n<meta property=\"og:site_name\" content=\"Villa Flores Mart\u00edn\" \/>\n<meta property=\"article:published_time\" content=\"2018-07-03T11:47:13+00:00\" \/>\n<meta property=\"article:modified_time\" content=\"2022-03-25T11:51:57+00:00\" \/>\n<meta property=\"og:image\" content=\"https:\/\/www.villafloresmartin.com\/es\/wp-content\/uploads\/2018\/07\/blog-1-e1532972901828.png\" \/>\n\t<meta property=\"og:image:width\" content=\"600\" \/>\n\t<meta property=\"og:image:height\" content=\"216\" \/>\n\t<meta property=\"og:image:type\" content=\"image\/png\" \/>\n<meta name=\"author\" content=\"admin\" \/>\n<meta name=\"twitter:label1\" content=\"Escrito por\" \/>\n\t<meta name=\"twitter:data1\" content=\"admin\" \/>\n\t<meta name=\"twitter:label2\" content=\"Tiempo de lectura\" \/>\n\t<meta name=\"twitter:data2\" content=\"2 minutos\" \/>\n<script type=\"application\/ld+json\" class=\"yoast-schema-graph\">{\"@context\":\"https:\/\/schema.org\",\"@graph\":[{\"@type\":\"Article\",\"@id\":\"https:\/\/www.villafloresmartin.com\/es\/obra-civil-en-verano\/#article\",\"isPartOf\":{\"@id\":\"https:\/\/www.villafloresmartin.com\/es\/obra-civil-en-verano\/\"},\"author\":{\"name\":\"admin\",\"@id\":\"https:\/\/www.villafloresmartin.com\/es\/#\/schema\/person\/c2292207708e96921697bf002f8828be\"},\"headline\":\"Un cl\u00e1sico de esta \u00e9poca: la obra civil en verano\",\"datePublished\":\"2018-07-03T11:47:13+00:00\",\"dateModified\":\"2022-03-25T11:51:57+00:00\",\"mainEntityOfPage\":{\"@id\":\"https:\/\/www.villafloresmartin.com\/es\/obra-civil-en-verano\/\"},\"wordCount\":357,\"image\":{\"@id\":\"https:\/\/www.villafloresmartin.com\/es\/obra-civil-en-verano\/#primaryimage\"},\"thumbnailUrl\":\"https:\/\/www.villafloresmartin.com\/es\/wp-content\/uploads\/2018\/07\/blog-1-e1532972901828.png\",\"articleSection\":[\"Noticias\"],\"inLanguage\":\"es\"},{\"@type\":\"WebPage\",\"@id\":\"https:\/\/www.villafloresmartin.com\/es\/obra-civil-en-verano\/\",\"url\":\"https:\/\/www.villafloresmartin.com\/es\/obra-civil-en-verano\/\",\"name\":\"Un gran cl\u00e1sico de esta \u00e9poca: la obra civil en verano\",\"isPartOf\":{\"@id\":\"https:\/\/www.villafloresmartin.com\/es\/#website\"},\"primaryImageOfPage\":{\"@id\":\"https:\/\/www.villafloresmartin.com\/es\/obra-civil-en-verano\/#primaryimage\"},\"image\":{\"@id\":\"https:\/\/www.villafloresmartin.com\/es\/obra-civil-en-verano\/#primaryimage\"},\"thumbnailUrl\":\"https:\/\/www.villafloresmartin.com\/es\/wp-content\/uploads\/2018\/07\/blog-1-e1532972901828.png\",\"datePublished\":\"2018-07-03T11:47:13+00:00\",\"dateModified\":\"2022-03-25T11:51:57+00:00\",\"author\":{\"@id\":\"https:\/\/www.villafloresmartin.com\/es\/#\/schema\/person\/c2292207708e96921697bf002f8828be\"},\"description\":\"Obra civil en verano. La \u00e9poca estival se ha convertido en el momento favorito por la Administraci\u00f3n para llevar a cabo los proyectos de obra civil. Canalizaciones, acondicionamiento del asfalto, sustituci\u00f3n de alumbrado vial o urbano\u2026 son solo algunas de las obras que suelen... obra civil en verano\",\"breadcrumb\":{\"@id\":\"https:\/\/www.villafloresmartin.com\/es\/obra-civil-en-verano\/#breadcrumb\"},\"inLanguage\":\"es\",\"potentialAction\":[{\"@type\":\"ReadAction\",\"target\":[\"https:\/\/www.villafloresmartin.com\/es\/obra-civil-en-verano\/\"]}]},{\"@type\":\"ImageObject\",\"inLanguage\":\"es\",\"@id\":\"https:\/\/www.villafloresmartin.com\/es\/obra-civil-en-verano\/#primaryimage\",\"url\":\"https:\/\/www.villafloresmartin.com\/es\/wp-content\/uploads\/2018\/07\/blog-1-e1532972901828.png\",\"contentUrl\":\"https:\/\/www.villafloresmartin.com\/es\/wp-content\/uploads\/2018\/07\/blog-1-e1532972901828.png\",\"width\":600,\"height\":216},{\"@type\":\"BreadcrumbList\",\"@id\":\"https:\/\/www.villafloresmartin.com\/es\/obra-civil-en-verano\/#breadcrumb\",\"itemListElement\":[{\"@type\":\"ListItem\",\"position\":1,\"name\":\"Portada\",\"item\":\"https:\/\/www.villafloresmartin.com\/es\/\"},{\"@type\":\"ListItem\",\"position\":2,\"name\":\"Un cl\u00e1sico de esta \u00e9poca: la obra civil en verano\"}]},{\"@type\":\"WebSite\",\"@id\":\"https:\/\/www.villafloresmartin.com\/es\/#website\",\"url\":\"https:\/\/www.villafloresmartin.com\/es\/\",\"name\":\"Villa Flores Mart\u00edn\",\"description\":\"\",\"potentialAction\":[{\"@type\":\"SearchAction\",\"target\":{\"@type\":\"EntryPoint\",\"urlTemplate\":\"https:\/\/www.villafloresmartin.com\/es\/?s={search_term_string}\"},\"query-input\":{\"@type\":\"PropertyValueSpecification\",\"valueRequired\":true,\"valueName\":\"search_term_string\"}}],\"inLanguage\":\"es\"},{\"@type\":\"Person\",\"@id\":\"https:\/\/www.villafloresmartin.com\/es\/#\/schema\/person\/c2292207708e96921697bf002f8828be\",\"name\":\"admin\",\"image\":{\"@type\":\"ImageObject\",\"inLanguage\":\"es\",\"@id\":\"https:\/\/www.villafloresmartin.com\/es\/#\/schema\/person\/image\/\",\"url\":\"https:\/\/secure.gravatar.com\/avatar\/7982f03a93f66ccccbac0ad0746074089942e7448863241b5ddf94dec2148152?s=96&d=mm&r=g\",\"contentUrl\":\"https:\/\/secure.gravatar.com\/avatar\/7982f03a93f66ccccbac0ad0746074089942e7448863241b5ddf94dec2148152?s=96&d=mm&r=g\",\"caption\":\"admin\"}}]}<\/script>\n<!-- \/ Yoast SEO plugin. -->","yoast_head_json":{"title":"Un gran cl\u00e1sico de esta \u00e9poca: la obra civil en verano","description":"Obra civil en verano. La \u00e9poca estival se ha convertido en el momento favorito por la Administraci\u00f3n para llevar a cabo los proyectos de obra civil. Canalizaciones, acondicionamiento del asfalto, sustituci\u00f3n de alumbrado vial o urbano\u2026 son solo algunas de las obras que suelen... obra civil en verano","robots":{"index":"index","follow":"follow","max-snippet":"max-snippet:-1","max-image-preview":"max-image-preview:large","max-video-preview":"max-video-preview:-1"},"canonical":"https:\/\/www.villafloresmartin.com\/es\/obra-civil-en-verano\/","og_locale":"es_ES","og_type":"article","og_title":"Un gran cl\u00e1sico de esta \u00e9poca: la obra civil en verano","og_description":"Obra civil en verano. La \u00e9poca estival se ha convertido en el momento favorito por la Administraci\u00f3n para llevar a cabo los proyectos de obra civil. Canalizaciones, acondicionamiento del asfalto, sustituci\u00f3n de alumbrado vial o urbano\u2026 son solo algunas de las obras que suelen... obra civil en verano","og_url":"https:\/\/www.villafloresmartin.com\/es\/obra-civil-en-verano\/","og_site_name":"Villa Flores Mart\u00edn","article_published_time":"2018-07-03T11:47:13+00:00","article_modified_time":"2022-03-25T11:51:57+00:00","og_image":[{"width":600,"height":216,"url":"https:\/\/www.villafloresmartin.com\/es\/wp-content\/uploads\/2018\/07\/blog-1-e1532972901828.png","type":"image\/png"}],"author":"admin","twitter_misc":{"Escrito por":"admin","Tiempo de lectura":"2 minutos"},"schema":{"@context":"https:\/\/schema.org","@graph":[{"@type":"Article","@id":"https:\/\/www.villafloresmartin.com\/es\/obra-civil-en-verano\/#article","isPartOf":{"@id":"https:\/\/www.villafloresmartin.com\/es\/obra-civil-en-verano\/"},"author":{"name":"admin","@id":"https:\/\/www.villafloresmartin.com\/es\/#\/schema\/person\/c2292207708e96921697bf002f8828be"},"headline":"Un cl\u00e1sico de esta \u00e9poca: la obra civil en verano","datePublished":"2018-07-03T11:47:13+00:00","dateModified":"2022-03-25T11:51:57+00:00","mainEntityOfPage":{"@id":"https:\/\/www.villafloresmartin.com\/es\/obra-civil-en-verano\/"},"wordCount":357,"image":{"@id":"https:\/\/www.villafloresmartin.com\/es\/obra-civil-en-verano\/#primaryimage"},"thumbnailUrl":"https:\/\/www.villafloresmartin.com\/es\/wp-content\/uploads\/2018\/07\/blog-1-e1532972901828.png","articleSection":["Noticias"],"inLanguage":"es"},{"@type":"WebPage","@id":"https:\/\/www.villafloresmartin.com\/es\/obra-civil-en-verano\/","url":"https:\/\/www.villafloresmartin.com\/es\/obra-civil-en-verano\/","name":"Un gran cl\u00e1sico de esta \u00e9poca: la obra civil en verano","isPartOf":{"@id":"https:\/\/www.villafloresmartin.com\/es\/#website"},"primaryImageOfPage":{"@id":"https:\/\/www.villafloresmartin.com\/es\/obra-civil-en-verano\/#primaryimage"},"image":{"@id":"https:\/\/www.villafloresmartin.com\/es\/obra-civil-en-verano\/#primaryimage"},"thumbnailUrl":"https:\/\/www.villafloresmartin.com\/es\/wp-content\/uploads\/2018\/07\/blog-1-e1532972901828.png","datePublished":"2018-07-03T11:47:13+00:00","dateModified":"2022-03-25T11:51:57+00:00","author":{"@id":"https:\/\/www.villafloresmartin.com\/es\/#\/schema\/person\/c2292207708e96921697bf002f8828be"},"description":"Obra civil en verano. La \u00e9poca estival se ha convertido en el momento favorito por la Administraci\u00f3n para llevar a cabo los proyectos de obra civil. Canalizaciones, acondicionamiento del asfalto, sustituci\u00f3n de alumbrado vial o urbano\u2026 son solo algunas de las obras que suelen... obra civil en verano","breadcrumb":{"@id":"https:\/\/www.villafloresmartin.com\/es\/obra-civil-en-verano\/#breadcrumb"},"inLanguage":"es","potentialAction":[{"@type":"ReadAction","target":["https:\/\/www.villafloresmartin.com\/es\/obra-civil-en-verano\/"]}]},{"@type":"ImageObject","inLanguage":"es","@id":"https:\/\/www.villafloresmartin.com\/es\/obra-civil-en-verano\/#primaryimage","url":"https:\/\/www.villafloresmartin.com\/es\/wp-content\/uploads\/2018\/07\/blog-1-e1532972901828.png","contentUrl":"https:\/\/www.villafloresmartin.com\/es\/wp-content\/uploads\/2018\/07\/blog-1-e1532972901828.png","width":600,"height":216},{"@type":"BreadcrumbList","@id":"https:\/\/www.villafloresmartin.com\/es\/obra-civil-en-verano\/#breadcrumb","itemListElement":[{"@type":"ListItem","position":1,"name":"Portada","item":"https:\/\/www.villafloresmartin.com\/es\/"},{"@type":"ListItem","position":2,"name":"Un cl\u00e1sico de esta \u00e9poca: la obra civil en verano"}]},{"@type":"WebSite","@id":"https:\/\/www.villafloresmartin.com\/es\/#website","url":"https:\/\/www.villafloresmartin.com\/es\/","name":"Villa Flores Mart\u00edn","description":"","potentialAction":[{"@type":"SearchAction","target":{"@type":"EntryPoint","urlTemplate":"https:\/\/www.villafloresmartin.com\/es\/?s={search_term_string}"},"query-input":{"@type":"PropertyValueSpecification","valueRequired":true,"valueName":"search_term_string"}}],"inLanguage":"es"},{"@type":"Person","@id":"https:\/\/www.villafloresmartin.com\/es\/#\/schema\/person\/c2292207708e96921697bf002f8828be","name":"admin","image":{"@type":"ImageObject","inLanguage":"es","@id":"https:\/\/www.villafloresmartin.com\/es\/#\/schema\/person\/image\/","url":"https:\/\/secure.gravatar.com\/avatar\/7982f03a93f66ccccbac0ad0746074089942e7448863241b5ddf94dec2148152?s=96&d=mm&r=g","contentUrl":"https:\/\/secure.gravatar.com\/avatar\/7982f03a93f66ccccbac0ad0746074089942e7448863241b5ddf94dec2148152?s=96&d=mm&r=g","caption":"admin"}}]}},"_links":{"self":[{"href":"https:\/\/www.villafloresmartin.com\/es\/wp-json\/wp\/v2\/posts\/1409","targetHints":{"allow":["GET"]}}],"collection":[{"href":"https:\/\/www.villafloresmartin.com\/es\/wp-json\/wp\/v2\/posts"}],"about":[{"href":"https:\/\/www.villafloresmartin.com\/es\/wp-json\/wp\/v2\/types\/post"}],"author":[{"embeddable":true,"href":"https:\/\/www.villafloresmartin.com\/es\/wp-json\/wp\/v2\/users\/2"}],"replies":[{"embeddable":true,"href":"https:\/\/www.villafloresmartin.com\/es\/wp-json\/wp\/v2\/comments?post=1409"}],"version-history":[{"count":0,"href":"https:\/\/www.villafloresmartin.com\/es\/wp-json\/wp\/v2\/posts\/1409\/revisions"}],"wp:featuredmedia":[{"embeddable":true,"href":"https:\/\/www.villafloresmartin.com\/es\/wp-json\/wp\/v2\/media\/1410"}],"wp:attachment":[{"href":"https:\/\/www.villafloresmartin.com\/es\/wp-json\/wp\/v2\/media?parent=1409"}],"wp:term":[{"taxonomy":"category","embeddable":true,"href":"https:\/\/www.villafloresmartin.com\/es\/wp-json\/wp\/v2\/categories?post=1409"},{"taxonomy":"post_tag","embeddable":true,"href":"https:\/\/www.villafloresmartin.com\/es\/wp-json\/wp\/v2\/tags?post=1409"}],"curies":[{"name":"wp","href":"https:\/\/api.w.org\/{rel}","templated":true}]}}