{"id":1398,"date":"2018-06-29T09:31:33","date_gmt":"2018-06-29T07:31:33","guid":{"rendered":"https:\/\/www.villafloresmartin.com\/es\/?p=1398"},"modified":"2022-03-25T12:51:57","modified_gmt":"2022-03-25T11:51:57","slug":"autoconsumo-y-la-energia-solar-fotovoltaica-en-espana","status":"publish","type":"post","link":"https:\/\/www.villafloresmartin.com\/es\/autoconsumo-y-la-energia-solar-fotovoltaica-en-espana\/","title":{"rendered":"Europa fija la cuota de energ\u00edas renovables en un 32% para 2030 y desbloquea el autoconsumo fotovoltaico"},"content":{"rendered":"<p><img  title=\"Europa fija la cuota de energ\u00edas renovables en un 32% para 2030 y desbloquea el autoconsumo fotovoltaico - Villa Flores Mart\u00edn\" loading=\"lazy\" decoding=\"async\" class=\"aligncenter wp-image-1401 size-full\" src=\"https:\/\/www.villafloresmartin.com\/es\/wp-content\/uploads\/2018\/06\/autoconsumo-y-la-energ\u00eda-solar-fotovoltaica-e1530257011654.jpg\"  alt=\"Europa fija la cuota de energ\u00edas renovables en un 32% para 2030 y desbloquea el autoconsumo fotovoltaico - Villa Flores Mart\u00edn\"  width=\"600\" height=\"404\" srcset=\"https:\/\/www.villafloresmartin.com\/es\/wp-content\/uploads\/2018\/06\/autoconsumo-y-la-energ\u00eda-solar-fotovoltaica-e1530257011654.jpg 600w, https:\/\/www.villafloresmartin.com\/es\/wp-content\/uploads\/2018\/06\/autoconsumo-y-la-energ\u00eda-solar-fotovoltaica-e1530257011654-300x202.jpg 300w, https:\/\/www.villafloresmartin.com\/es\/wp-content\/uploads\/2018\/06\/autoconsumo-y-la-energ\u00eda-solar-fotovoltaica-e1530257011654-89x60.jpg 89w\" sizes=\"auto, (max-width: 600px) 100vw, 600px\" \/><span style=\"font-size: 1rem;\"><br \/>\nRecientemente los Gobiernos comunitarios, el <a href=\"http:\/\/www.europarl.europa.eu\/portal\/es\" target=\"_blank\" rel=\"noopener\">Parlamento Europeo<\/a> y la Comisi\u00f3n han llegado a un consenso en lo que a <a href=\"https:\/\/www.villafloresmartin.com\/es\/energias-renovables-en-espana\/\" target=\"_blank\" rel=\"noopener\">energ\u00edas renovables<\/a> se refiere. Parec\u00eda imposible que algo as\u00ed pudiera ocurrir pero, finalmente, se ha conseguido.<\/span><!--more--><\/p>\n<p>La nueva Directiva aprobada establece como <strong>principal objetivo que de cara al a\u00f1o 2030 el 32% de la energ\u00eda total consumida en la zona euro sea renovable<\/strong>. Esta cifra se sit\u00faa notablemente por encima de la que se experimenta actualmente, donde apenas se alcanza el 17%. No obstante, tambi\u00e9n se ha establecido una revisi\u00f3n de dicho acuerdo en el a\u00f1o 2023.<\/p>\n<p>La gran meta que se pretende alcanzar con esta iniciativa es darle continuidad al Acuerdo de Par\u00eds para tratar de <strong>frenar el calentamiento global<\/strong>. En el tratado se persigue limitar las emisiones de efeto invernadero para mantener el aumento de la temperatura lobal del planeta por debajo de los 2\u00baC. Adem\u00e1s de esfuerzos adicionales para intentar dejarlo en los 1,5\u00baC.<\/p>\n<h2>Impulso al autoconsumo y la energ\u00eda solar fotovoltaica en Espa\u00f1a<\/h2>\n<p>Si bien, esta nueva normativa favorece al autoconsumo y la energ\u00eda solar fotovoltaica en Espa\u00f1a. Y es que<strong> desaparece el mal llamado `Impuesto al sol\u00b4<\/strong>. Seg\u00fan esta directiva, la tasa queda vetada hasta el a\u00f1o 2026 en un principio. Es cierto que en territorio nacional nunca se ha llegado a aplicar a potencias inferiores a 10kW, pero con esta medida desaparece definitivamente.<\/p>\n<p>Otro aspecto fundamental es el derecho que se establece a cobrar por la energ\u00eda que los consumidores aporten a la <a href=\"https:\/\/www.villafloresmartin.com\/es\/certificado-final-de-obra-proyecto-electrico\/\" target=\"_blank\" rel=\"noopener\">red<\/a> porque no la consuman, algo que se llevaba a\u00f1os pidiendo y que, sin duda, beneficia a todos los usuarios que han apostado o que apostar\u00e1n por el autoconsumo y la energ\u00eda solar fotovoltaica en Espa\u00f1a.<\/p>\n<p>Sin embargo, uno de los \u201cperos\u201d m\u00e1s relevantes ha sido el hecho de que no se ha conseguido establecer objetivos individuales para los pa\u00edses, debido a la negativa de los Gobiernos de las diferentes naciones.<\/p>\n<p>&nbsp;<\/p>\n<p style=\"text-align: right;\">Fuente: <a href=\"https:\/\/blog.caloryfrio.com\/europa-fija-cuota-energias-renovables-32-2030-desbloquea-autoconsumo-fotovoltaico\/\" target=\"_blank\" rel=\"noopener\">Calor y fr\u00edo<\/a><\/p>\n<p style=\"text-align: right;\">Imagen: <a href=\"https:\/\/pixabay.com\/es\/paneles-solares-instalaci%C3%B3n-1794467\/\" target=\"_blank\" rel=\"noopener\">Pixabay<\/a><\/p>\n<p>&nbsp;<\/p>\n","protected":false},"excerpt":{"rendered":"<p>Recientemente los Gobiernos comunitarios, el Parlamento Europeo y la Comisi\u00f3n han llegado a un consenso en lo que a energ\u00edas renovables se refiere. Parec\u00eda imposible que algo as\u00ed pudiera ocurrir pero, finalmente, se ha conseguido. [&#8230;]<\/p>\n<p><a class=\"btn btn-secondary understrap-read-more-link\" href=\"https:\/\/www.villafloresmartin.com\/es\/autoconsumo-y-la-energia-solar-fotovoltaica-en-espana\/\">Leer m\u00e1s&#8230;<\/a><\/p>\n","protected":false},"author":2,"featured_media":1401,"comment_status":"closed","ping_status":"closed","sticky":false,"template":"","format":"standard","meta":{"footnotes":""},"categories":[16],"tags":[],"class_list":["post-1398","post","type-post","status-publish","format-standard","has-post-thumbnail","hentry","category-noticias"],"yoast_head":"<!-- This site is optimized with the Yoast SEO plugin v26.9 - https:\/\/yoast.com\/product\/yoast-seo-wordpress\/ -->\n<title>Europa fija la cuota de energ\u00edas renovables en un 32% para 2030 y desbloquea el autoconsumo fotovoltaico<\/title>\n<meta name=\"description\" content=\"Recientemente los Gobiernos comunitarios, el Parlamento Europeo y la Comisi\u00f3n han llegado a un consenso en lo que a energ\u00edas renovables se refiere. Parec\u00eda imposible que algo as\u00ed pudiera ocurrir pero, finalmente, se ha conseguido... autoconsumo y la energ\u00eda solar fotovoltaica en Espa\u00f1a\" \/>\n<meta name=\"robots\" content=\"index, follow, max-snippet:-1, max-image-preview:large, max-video-preview:-1\" \/>\n<link rel=\"canonical\" href=\"https:\/\/www.villafloresmartin.com\/es\/autoconsumo-y-la-energia-solar-fotovoltaica-en-espana\/\" \/>\n<meta property=\"og:locale\" content=\"es_ES\" \/>\n<meta property=\"og:type\" content=\"article\" \/>\n<meta property=\"og:title\" content=\"Europa fija la cuota de energ\u00edas renovables en un 32% para 2030 y desbloquea el autoconsumo fotovoltaico\" \/>\n<meta property=\"og:description\" content=\"Recientemente los Gobiernos comunitarios, el Parlamento Europeo y la Comisi\u00f3n han llegado a un consenso en lo que a energ\u00edas renovables se refiere. Parec\u00eda imposible que algo as\u00ed pudiera ocurrir pero, finalmente, se ha conseguido... autoconsumo y la energ\u00eda solar fotovoltaica en Espa\u00f1a\" \/>\n<meta property=\"og:url\" content=\"https:\/\/www.villafloresmartin.com\/es\/autoconsumo-y-la-energia-solar-fotovoltaica-en-espana\/\" \/>\n<meta property=\"og:site_name\" content=\"Villa Flores Mart\u00edn\" \/>\n<meta property=\"article:published_time\" content=\"2018-06-29T07:31:33+00:00\" \/>\n<meta property=\"article:modified_time\" content=\"2022-03-25T11:51:57+00:00\" \/>\n<meta property=\"og:image\" content=\"https:\/\/www.villafloresmartin.com\/es\/wp-content\/uploads\/2018\/06\/autoconsumo-y-la-energ\u00eda-solar-fotovoltaica-e1530257011654.jpg\" \/>\n\t<meta property=\"og:image:width\" content=\"600\" \/>\n\t<meta property=\"og:image:height\" content=\"404\" \/>\n\t<meta property=\"og:image:type\" content=\"image\/jpeg\" \/>\n<meta name=\"author\" content=\"admin\" \/>\n<meta name=\"twitter:label1\" content=\"Escrito por\" \/>\n\t<meta name=\"twitter:data1\" content=\"admin\" \/>\n\t<meta name=\"twitter:label2\" content=\"Tiempo de lectura\" \/>\n\t<meta name=\"twitter:data2\" content=\"2 minutos\" \/>\n<script type=\"application\/ld+json\" class=\"yoast-schema-graph\">{\"@context\":\"https:\/\/schema.org\",\"@graph\":[{\"@type\":\"Article\",\"@id\":\"https:\/\/www.villafloresmartin.com\/es\/autoconsumo-y-la-energia-solar-fotovoltaica-en-espana\/#article\",\"isPartOf\":{\"@id\":\"https:\/\/www.villafloresmartin.com\/es\/autoconsumo-y-la-energia-solar-fotovoltaica-en-espana\/\"},\"author\":{\"name\":\"admin\",\"@id\":\"https:\/\/www.villafloresmartin.com\/es\/#\/schema\/person\/c2292207708e96921697bf002f8828be\"},\"headline\":\"Europa fija la cuota de energ\u00edas renovables en un 32% para 2030 y desbloquea el autoconsumo fotovoltaico\",\"datePublished\":\"2018-06-29T07:31:33+00:00\",\"dateModified\":\"2022-03-25T11:51:57+00:00\",\"mainEntityOfPage\":{\"@id\":\"https:\/\/www.villafloresmartin.com\/es\/autoconsumo-y-la-energia-solar-fotovoltaica-en-espana\/\"},\"wordCount\":363,\"image\":{\"@id\":\"https:\/\/www.villafloresmartin.com\/es\/autoconsumo-y-la-energia-solar-fotovoltaica-en-espana\/#primaryimage\"},\"thumbnailUrl\":\"https:\/\/www.villafloresmartin.com\/es\/wp-content\/uploads\/2018\/06\/autoconsumo-y-la-energ\u00eda-solar-fotovoltaica-e1530257011654.jpg\",\"articleSection\":[\"Noticias\"],\"inLanguage\":\"es\"},{\"@type\":\"WebPage\",\"@id\":\"https:\/\/www.villafloresmartin.com\/es\/autoconsumo-y-la-energia-solar-fotovoltaica-en-espana\/\",\"url\":\"https:\/\/www.villafloresmartin.com\/es\/autoconsumo-y-la-energia-solar-fotovoltaica-en-espana\/\",\"name\":\"Europa fija la cuota de energ\u00edas renovables en un 32% para 2030 y desbloquea el autoconsumo fotovoltaico\",\"isPartOf\":{\"@id\":\"https:\/\/www.villafloresmartin.com\/es\/#website\"},\"primaryImageOfPage\":{\"@id\":\"https:\/\/www.villafloresmartin.com\/es\/autoconsumo-y-la-energia-solar-fotovoltaica-en-espana\/#primaryimage\"},\"image\":{\"@id\":\"https:\/\/www.villafloresmartin.com\/es\/autoconsumo-y-la-energia-solar-fotovoltaica-en-espana\/#primaryimage\"},\"thumbnailUrl\":\"https:\/\/www.villafloresmartin.com\/es\/wp-content\/uploads\/2018\/06\/autoconsumo-y-la-energ\u00eda-solar-fotovoltaica-e1530257011654.jpg\",\"datePublished\":\"2018-06-29T07:31:33+00:00\",\"dateModified\":\"2022-03-25T11:51:57+00:00\",\"author\":{\"@id\":\"https:\/\/www.villafloresmartin.com\/es\/#\/schema\/person\/c2292207708e96921697bf002f8828be\"},\"description\":\"Recientemente los Gobiernos comunitarios, el Parlamento Europeo y la Comisi\u00f3n han llegado a un consenso en lo que a energ\u00edas renovables se refiere. Parec\u00eda imposible que algo as\u00ed pudiera ocurrir pero, finalmente, se ha conseguido... autoconsumo y la energ\u00eda solar fotovoltaica en Espa\u00f1a\",\"breadcrumb\":{\"@id\":\"https:\/\/www.villafloresmartin.com\/es\/autoconsumo-y-la-energia-solar-fotovoltaica-en-espana\/#breadcrumb\"},\"inLanguage\":\"es\",\"potentialAction\":[{\"@type\":\"ReadAction\",\"target\":[\"https:\/\/www.villafloresmartin.com\/es\/autoconsumo-y-la-energia-solar-fotovoltaica-en-espana\/\"]}]},{\"@type\":\"ImageObject\",\"inLanguage\":\"es\",\"@id\":\"https:\/\/www.villafloresmartin.com\/es\/autoconsumo-y-la-energia-solar-fotovoltaica-en-espana\/#primaryimage\",\"url\":\"https:\/\/www.villafloresmartin.com\/es\/wp-content\/uploads\/2018\/06\/autoconsumo-y-la-energ\u00eda-solar-fotovoltaica-e1530257011654.jpg\",\"contentUrl\":\"https:\/\/www.villafloresmartin.com\/es\/wp-content\/uploads\/2018\/06\/autoconsumo-y-la-energ\u00eda-solar-fotovoltaica-e1530257011654.jpg\",\"width\":600,\"height\":404},{\"@type\":\"BreadcrumbList\",\"@id\":\"https:\/\/www.villafloresmartin.com\/es\/autoconsumo-y-la-energia-solar-fotovoltaica-en-espana\/#breadcrumb\",\"itemListElement\":[{\"@type\":\"ListItem\",\"position\":1,\"name\":\"Portada\",\"item\":\"https:\/\/www.villafloresmartin.com\/es\/\"},{\"@type\":\"ListItem\",\"position\":2,\"name\":\"Europa fija la cuota de energ\u00edas renovables en un 32% para 2030 y desbloquea el autoconsumo fotovoltaico\"}]},{\"@type\":\"WebSite\",\"@id\":\"https:\/\/www.villafloresmartin.com\/es\/#website\",\"url\":\"https:\/\/www.villafloresmartin.com\/es\/\",\"name\":\"Villa Flores Mart\u00edn\",\"description\":\"\",\"potentialAction\":[{\"@type\":\"SearchAction\",\"target\":{\"@type\":\"EntryPoint\",\"urlTemplate\":\"https:\/\/www.villafloresmartin.com\/es\/?s={search_term_string}\"},\"query-input\":{\"@type\":\"PropertyValueSpecification\",\"valueRequired\":true,\"valueName\":\"search_term_string\"}}],\"inLanguage\":\"es\"},{\"@type\":\"Person\",\"@id\":\"https:\/\/www.villafloresmartin.com\/es\/#\/schema\/person\/c2292207708e96921697bf002f8828be\",\"name\":\"admin\",\"image\":{\"@type\":\"ImageObject\",\"inLanguage\":\"es\",\"@id\":\"https:\/\/www.villafloresmartin.com\/es\/#\/schema\/person\/image\/\",\"url\":\"https:\/\/secure.gravatar.com\/avatar\/7982f03a93f66ccccbac0ad0746074089942e7448863241b5ddf94dec2148152?s=96&d=mm&r=g\",\"contentUrl\":\"https:\/\/secure.gravatar.com\/avatar\/7982f03a93f66ccccbac0ad0746074089942e7448863241b5ddf94dec2148152?s=96&d=mm&r=g\",\"caption\":\"admin\"}}]}<\/script>\n<!-- \/ Yoast SEO plugin. -->","yoast_head_json":{"title":"Europa fija la cuota de energ\u00edas renovables en un 32% para 2030 y desbloquea el autoconsumo fotovoltaico","description":"Recientemente los Gobiernos comunitarios, el Parlamento Europeo y la Comisi\u00f3n han llegado a un consenso en lo que a energ\u00edas renovables se refiere. Parec\u00eda imposible que algo as\u00ed pudiera ocurrir pero, finalmente, se ha conseguido... autoconsumo y la energ\u00eda solar fotovoltaica en Espa\u00f1a","robots":{"index":"index","follow":"follow","max-snippet":"max-snippet:-1","max-image-preview":"max-image-preview:large","max-video-preview":"max-video-preview:-1"},"canonical":"https:\/\/www.villafloresmartin.com\/es\/autoconsumo-y-la-energia-solar-fotovoltaica-en-espana\/","og_locale":"es_ES","og_type":"article","og_title":"Europa fija la cuota de energ\u00edas renovables en un 32% para 2030 y desbloquea el autoconsumo fotovoltaico","og_description":"Recientemente los Gobiernos comunitarios, el Parlamento Europeo y la Comisi\u00f3n han llegado a un consenso en lo que a energ\u00edas renovables se refiere. Parec\u00eda imposible que algo as\u00ed pudiera ocurrir pero, finalmente, se ha conseguido... autoconsumo y la energ\u00eda solar fotovoltaica en Espa\u00f1a","og_url":"https:\/\/www.villafloresmartin.com\/es\/autoconsumo-y-la-energia-solar-fotovoltaica-en-espana\/","og_site_name":"Villa Flores Mart\u00edn","article_published_time":"2018-06-29T07:31:33+00:00","article_modified_time":"2022-03-25T11:51:57+00:00","og_image":[{"width":600,"height":404,"url":"https:\/\/www.villafloresmartin.com\/es\/wp-content\/uploads\/2018\/06\/autoconsumo-y-la-energ\u00eda-solar-fotovoltaica-e1530257011654.jpg","type":"image\/jpeg"}],"author":"admin","twitter_misc":{"Escrito por":"admin","Tiempo de lectura":"2 minutos"},"schema":{"@context":"https:\/\/schema.org","@graph":[{"@type":"Article","@id":"https:\/\/www.villafloresmartin.com\/es\/autoconsumo-y-la-energia-solar-fotovoltaica-en-espana\/#article","isPartOf":{"@id":"https:\/\/www.villafloresmartin.com\/es\/autoconsumo-y-la-energia-solar-fotovoltaica-en-espana\/"},"author":{"name":"admin","@id":"https:\/\/www.villafloresmartin.com\/es\/#\/schema\/person\/c2292207708e96921697bf002f8828be"},"headline":"Europa fija la cuota de energ\u00edas renovables en un 32% para 2030 y desbloquea el autoconsumo fotovoltaico","datePublished":"2018-06-29T07:31:33+00:00","dateModified":"2022-03-25T11:51:57+00:00","mainEntityOfPage":{"@id":"https:\/\/www.villafloresmartin.com\/es\/autoconsumo-y-la-energia-solar-fotovoltaica-en-espana\/"},"wordCount":363,"image":{"@id":"https:\/\/www.villafloresmartin.com\/es\/autoconsumo-y-la-energia-solar-fotovoltaica-en-espana\/#primaryimage"},"thumbnailUrl":"https:\/\/www.villafloresmartin.com\/es\/wp-content\/uploads\/2018\/06\/autoconsumo-y-la-energ\u00eda-solar-fotovoltaica-e1530257011654.jpg","articleSection":["Noticias"],"inLanguage":"es"},{"@type":"WebPage","@id":"https:\/\/www.villafloresmartin.com\/es\/autoconsumo-y-la-energia-solar-fotovoltaica-en-espana\/","url":"https:\/\/www.villafloresmartin.com\/es\/autoconsumo-y-la-energia-solar-fotovoltaica-en-espana\/","name":"Europa fija la cuota de energ\u00edas renovables en un 32% para 2030 y desbloquea el autoconsumo fotovoltaico","isPartOf":{"@id":"https:\/\/www.villafloresmartin.com\/es\/#website"},"primaryImageOfPage":{"@id":"https:\/\/www.villafloresmartin.com\/es\/autoconsumo-y-la-energia-solar-fotovoltaica-en-espana\/#primaryimage"},"image":{"@id":"https:\/\/www.villafloresmartin.com\/es\/autoconsumo-y-la-energia-solar-fotovoltaica-en-espana\/#primaryimage"},"thumbnailUrl":"https:\/\/www.villafloresmartin.com\/es\/wp-content\/uploads\/2018\/06\/autoconsumo-y-la-energ\u00eda-solar-fotovoltaica-e1530257011654.jpg","datePublished":"2018-06-29T07:31:33+00:00","dateModified":"2022-03-25T11:51:57+00:00","author":{"@id":"https:\/\/www.villafloresmartin.com\/es\/#\/schema\/person\/c2292207708e96921697bf002f8828be"},"description":"Recientemente los Gobiernos comunitarios, el Parlamento Europeo y la Comisi\u00f3n han llegado a un consenso en lo que a energ\u00edas renovables se refiere. Parec\u00eda imposible que algo as\u00ed pudiera ocurrir pero, finalmente, se ha conseguido... autoconsumo y la energ\u00eda solar fotovoltaica en Espa\u00f1a","breadcrumb":{"@id":"https:\/\/www.villafloresmartin.com\/es\/autoconsumo-y-la-energia-solar-fotovoltaica-en-espana\/#breadcrumb"},"inLanguage":"es","potentialAction":[{"@type":"ReadAction","target":["https:\/\/www.villafloresmartin.com\/es\/autoconsumo-y-la-energia-solar-fotovoltaica-en-espana\/"]}]},{"@type":"ImageObject","inLanguage":"es","@id":"https:\/\/www.villafloresmartin.com\/es\/autoconsumo-y-la-energia-solar-fotovoltaica-en-espana\/#primaryimage","url":"https:\/\/www.villafloresmartin.com\/es\/wp-content\/uploads\/2018\/06\/autoconsumo-y-la-energ\u00eda-solar-fotovoltaica-e1530257011654.jpg","contentUrl":"https:\/\/www.villafloresmartin.com\/es\/wp-content\/uploads\/2018\/06\/autoconsumo-y-la-energ\u00eda-solar-fotovoltaica-e1530257011654.jpg","width":600,"height":404},{"@type":"BreadcrumbList","@id":"https:\/\/www.villafloresmartin.com\/es\/autoconsumo-y-la-energia-solar-fotovoltaica-en-espana\/#breadcrumb","itemListElement":[{"@type":"ListItem","position":1,"name":"Portada","item":"https:\/\/www.villafloresmartin.com\/es\/"},{"@type":"ListItem","position":2,"name":"Europa fija la cuota de energ\u00edas renovables en un 32% para 2030 y desbloquea el autoconsumo fotovoltaico"}]},{"@type":"WebSite","@id":"https:\/\/www.villafloresmartin.com\/es\/#website","url":"https:\/\/www.villafloresmartin.com\/es\/","name":"Villa Flores Mart\u00edn","description":"","potentialAction":[{"@type":"SearchAction","target":{"@type":"EntryPoint","urlTemplate":"https:\/\/www.villafloresmartin.com\/es\/?s={search_term_string}"},"query-input":{"@type":"PropertyValueSpecification","valueRequired":true,"valueName":"search_term_string"}}],"inLanguage":"es"},{"@type":"Person","@id":"https:\/\/www.villafloresmartin.com\/es\/#\/schema\/person\/c2292207708e96921697bf002f8828be","name":"admin","image":{"@type":"ImageObject","inLanguage":"es","@id":"https:\/\/www.villafloresmartin.com\/es\/#\/schema\/person\/image\/","url":"https:\/\/secure.gravatar.com\/avatar\/7982f03a93f66ccccbac0ad0746074089942e7448863241b5ddf94dec2148152?s=96&d=mm&r=g","contentUrl":"https:\/\/secure.gravatar.com\/avatar\/7982f03a93f66ccccbac0ad0746074089942e7448863241b5ddf94dec2148152?s=96&d=mm&r=g","caption":"admin"}}]}},"_links":{"self":[{"href":"https:\/\/www.villafloresmartin.com\/es\/wp-json\/wp\/v2\/posts\/1398","targetHints":{"allow":["GET"]}}],"collection":[{"href":"https:\/\/www.villafloresmartin.com\/es\/wp-json\/wp\/v2\/posts"}],"about":[{"href":"https:\/\/www.villafloresmartin.com\/es\/wp-json\/wp\/v2\/types\/post"}],"author":[{"embeddable":true,"href":"https:\/\/www.villafloresmartin.com\/es\/wp-json\/wp\/v2\/users\/2"}],"replies":[{"embeddable":true,"href":"https:\/\/www.villafloresmartin.com\/es\/wp-json\/wp\/v2\/comments?post=1398"}],"version-history":[{"count":0,"href":"https:\/\/www.villafloresmartin.com\/es\/wp-json\/wp\/v2\/posts\/1398\/revisions"}],"wp:featuredmedia":[{"embeddable":true,"href":"https:\/\/www.villafloresmartin.com\/es\/wp-json\/wp\/v2\/media\/1401"}],"wp:attachment":[{"href":"https:\/\/www.villafloresmartin.com\/es\/wp-json\/wp\/v2\/media?parent=1398"}],"wp:term":[{"taxonomy":"category","embeddable":true,"href":"https:\/\/www.villafloresmartin.com\/es\/wp-json\/wp\/v2\/categories?post=1398"},{"taxonomy":"post_tag","embeddable":true,"href":"https:\/\/www.villafloresmartin.com\/es\/wp-json\/wp\/v2\/tags?post=1398"}],"curies":[{"name":"wp","href":"https:\/\/api.w.org\/{rel}","templated":true}]}}