{"id":1393,"date":"2018-06-03T08:51:56","date_gmt":"2018-06-03T06:51:56","guid":{"rendered":"https:\/\/www.villafloresmartin.com\/es\/?p=1393"},"modified":"2022-03-25T12:51:57","modified_gmt":"2022-03-25T11:51:57","slug":"vfm-i-foro-de-prevencion-de-asepeyo","status":"publish","type":"post","link":"https:\/\/www.villafloresmartin.com\/es\/vfm-i-foro-de-prevencion-de-asepeyo\/","title":{"rendered":"VFM, pieza indispensable dentro del I Foro de Prevenci\u00f3n de Asepeyo"},"content":{"rendered":"<p><img  title=\"VFM, pieza indispensable dentro del I Foro de Prevenci\u00f3n de Asepeyo - Villa Flores Mart\u00edn\" loading=\"lazy\" decoding=\"async\" class=\"aligncenter wp-image-1394 size-full\" src=\"https:\/\/www.villafloresmartin.com\/es\/wp-content\/uploads\/2018\/06\/02-bec974e7-7a3a-4314-83a0-7c2938f15057-e1530255283596.jpg\"  alt=\"VFM, pieza indispensable dentro del I Foro de Prevenci\u00f3n de Asepeyo - Villa Flores Mart\u00edn\"  width=\"600\" height=\"450\" srcset=\"https:\/\/www.villafloresmartin.com\/es\/wp-content\/uploads\/2018\/06\/02-bec974e7-7a3a-4314-83a0-7c2938f15057-e1530255283596.jpg 600w, https:\/\/www.villafloresmartin.com\/es\/wp-content\/uploads\/2018\/06\/02-bec974e7-7a3a-4314-83a0-7c2938f15057-e1530255283596-300x225.jpg 300w, https:\/\/www.villafloresmartin.com\/es\/wp-content\/uploads\/2018\/06\/02-bec974e7-7a3a-4314-83a0-7c2938f15057-e1530255283596-80x60.jpg 80w\" sizes=\"auto, (max-width: 600px) 100vw, 600px\" \/><span style=\"font-size: 1rem;\"><br \/>\nLa empresa <a href=\"https:\/\/www.villafloresmartin.com\/es\/\" target=\"_blank\" rel=\"noopener\"><strong>Villa Flores Mart\u00edn (VFM)<\/strong> <\/a>ha formado parte de los encuentros llevados a cabo con motivo del <strong>I Foro de Prevenci\u00f3n organizado por la mutua espa\u00f1ola <a href=\"https:\/\/www.asepeyo.es\/\" target=\"_blank\" rel=\"noopener\">Asepeyo<\/a>.<\/strong><\/span><!--more--><\/p>\n<p>En esta cita se han reunido profesionales especializados en la prevenci\u00f3n de distintos sectores empresariales. Si bien, dicha iniciativa ha estado compuesta por varias reuniones que se han estado manteniendo a lo largo de los dos \u00faltimos a\u00f1os con el objetivo de<a href=\"https:\/\/www.villafloresmartin.com\/es\/estrategia-andaluza-de-seguridad-y-salud-en-el-trabajo\/\" target=\"_blank\" rel=\"noopener\"><strong> abordar la tem\u00e1tica de la prevenci\u00f3n desde todos los \u00e1ngulos posibles<\/strong><\/a>, analizando as\u00ed todos los campos abiertos de cara a dar nuevas soluciones o implantaciones al respecto.<\/p>\n<h2>Dos a\u00f1os de trabajo para el I Foro de Prevenci\u00f3n de Asepeyo<\/h2>\n<p><img  title=\"VFM, pieza indispensable dentro del I Foro de Prevenci\u00f3n de Asepeyo - Villa Flores Mart\u00edn\" loading=\"lazy\" decoding=\"async\" class=\"alignleft size-medium wp-image-1396\" src=\"https:\/\/www.villafloresmartin.com\/es\/wp-content\/uploads\/2018\/06\/01-08376944-1efa-4214-9918-a7dc3c2275eb-300x225.jpg\"  alt=\"VFM, pieza indispensable dentro del I Foro de Prevenci\u00f3n de Asepeyo - Villa Flores Mart\u00edn\"  width=\"300\" height=\"225\" srcset=\"https:\/\/www.villafloresmartin.com\/es\/wp-content\/uploads\/2018\/06\/01-08376944-1efa-4214-9918-a7dc3c2275eb-300x225.jpg 300w, https:\/\/www.villafloresmartin.com\/es\/wp-content\/uploads\/2018\/06\/01-08376944-1efa-4214-9918-a7dc3c2275eb-768x576.jpg 768w, https:\/\/www.villafloresmartin.com\/es\/wp-content\/uploads\/2018\/06\/01-08376944-1efa-4214-9918-a7dc3c2275eb-1024x768.jpg 1024w, https:\/\/www.villafloresmartin.com\/es\/wp-content\/uploads\/2018\/06\/01-08376944-1efa-4214-9918-a7dc3c2275eb.jpg 1600w\" sizes=\"auto, (max-width: 300px) 100vw, 300px\" \/>Durante los 24 meses que ha durado esta actividad se han desarrollado diversas mesas de trabajo, donde (tal y como coment\u00e1bamos anteriormente) se han abordado cuestiones relacionadas con la prevenci\u00f3n y de inter\u00e9s com\u00fan para toda la industria. El m\u00e9todo de trabajo utilizado ha sido el an\u00e1lisis exhaustivo de la situaci\u00f3n desde diferentes prismas para concluir en posibles soluciones.<\/p>\n<p>El resultado de todo este trabajo ha sido <strong>presentado p\u00fablicamente el jueves, 26 de abril.<\/strong> Al acto de presentaci\u00f3n asistieron tanto las empresas implicadas en el estudio como otras compa\u00f1\u00edas interesadas en la materia, adem\u00e1s de los correspondientes representantes oficiales de la Inspecci\u00f3n de Trabajo.<\/p>\n<p>Desde VFM queremos transmitir nuestra satisfacci\u00f3n por formar parte de una experiencia tan enriquecedora en lo profesional como \u00e9sta. Asimismo, nuestro equipo ha participado a lo largo de la jornada tanto como ponentes como moderando la mesa referente al <a href=\"https:\/\/www.villafloresmartin.com\/es\/riesgos-y-medidas-en-situaciones-de-emergencia\/\" target=\"_blank\" rel=\"noopener\"><strong>riesgo el\u00e9ctrico<\/strong><\/a>.<\/p>\n<p>Por ende, esta presencia nos ha permitido tener la oportunidad de conocer y colaborar con grandes profesionales y personas, con los que hemos compartido ideas y proyectos as\u00ed como adquirido conocimientos.<\/p>\n<p>Para terminar, no podemos olvidar transmitir nuestro m\u00e1s sentido agradecimiento a Asepeyo por invitarnos a formar parte de un proyecto tan especial.<\/p>\n","protected":false},"excerpt":{"rendered":"<p>La empresa Villa Flores Mart\u00edn (VFM) ha formado parte de los encuentros llevados a cabo con motivo del I Foro de Prevenci\u00f3n organizado por la mutua espa\u00f1ola Asepeyo. [&#8230;]<\/p>\n<p><a class=\"btn btn-secondary understrap-read-more-link\" href=\"https:\/\/www.villafloresmartin.com\/es\/vfm-i-foro-de-prevencion-de-asepeyo\/\">Leer m\u00e1s&#8230;<\/a><\/p>\n","protected":false},"author":2,"featured_media":1394,"comment_status":"closed","ping_status":"closed","sticky":false,"template":"","format":"standard","meta":{"footnotes":""},"categories":[16],"tags":[],"class_list":["post-1393","post","type-post","status-publish","format-standard","has-post-thumbnail","hentry","category-noticias"],"yoast_head":"<!-- This site is optimized with the Yoast SEO plugin v26.9 - https:\/\/yoast.com\/product\/yoast-seo-wordpress\/ -->\n<title>VFM, pieza indispensable dentro del I Foro de Prevenci\u00f3n de Asepeyo<\/title>\n<meta name=\"description\" content=\"La empresa Villa Flores Mart\u00edn (VFM) ha formado parte de los encuentros llevados a cabo con motivo del I Foro de Prevenci\u00f3n organizado por la mutua espa\u00f1ola Asepeyo... I Foro de Prevenci\u00f3n de Asepeyo\" \/>\n<meta name=\"robots\" content=\"index, follow, max-snippet:-1, max-image-preview:large, max-video-preview:-1\" \/>\n<link rel=\"canonical\" href=\"https:\/\/www.villafloresmartin.com\/es\/vfm-i-foro-de-prevencion-de-asepeyo\/\" \/>\n<meta property=\"og:locale\" content=\"es_ES\" \/>\n<meta property=\"og:type\" content=\"article\" \/>\n<meta property=\"og:title\" content=\"VFM, pieza indispensable dentro del I Foro de Prevenci\u00f3n de Asepeyo\" \/>\n<meta property=\"og:description\" content=\"La empresa Villa Flores Mart\u00edn (VFM) ha formado parte de los encuentros llevados a cabo con motivo del I Foro de Prevenci\u00f3n organizado por la mutua espa\u00f1ola Asepeyo... I Foro de Prevenci\u00f3n de Asepeyo\" \/>\n<meta property=\"og:url\" content=\"https:\/\/www.villafloresmartin.com\/es\/vfm-i-foro-de-prevencion-de-asepeyo\/\" \/>\n<meta property=\"og:site_name\" content=\"Villa Flores Mart\u00edn\" \/>\n<meta property=\"article:published_time\" content=\"2018-06-03T06:51:56+00:00\" \/>\n<meta property=\"article:modified_time\" content=\"2022-03-25T11:51:57+00:00\" \/>\n<meta property=\"og:image\" content=\"https:\/\/www.villafloresmartin.com\/es\/wp-content\/uploads\/2018\/06\/02-bec974e7-7a3a-4314-83a0-7c2938f15057-e1530255283596.jpg\" \/>\n\t<meta property=\"og:image:width\" content=\"600\" \/>\n\t<meta property=\"og:image:height\" content=\"450\" \/>\n\t<meta property=\"og:image:type\" content=\"image\/jpeg\" \/>\n<meta name=\"author\" content=\"admin\" \/>\n<meta name=\"twitter:label1\" content=\"Escrito por\" \/>\n\t<meta name=\"twitter:data1\" content=\"admin\" \/>\n\t<meta name=\"twitter:label2\" content=\"Tiempo de lectura\" \/>\n\t<meta name=\"twitter:data2\" content=\"2 minutos\" \/>\n<script type=\"application\/ld+json\" class=\"yoast-schema-graph\">{\"@context\":\"https:\/\/schema.org\",\"@graph\":[{\"@type\":\"Article\",\"@id\":\"https:\/\/www.villafloresmartin.com\/es\/vfm-i-foro-de-prevencion-de-asepeyo\/#article\",\"isPartOf\":{\"@id\":\"https:\/\/www.villafloresmartin.com\/es\/vfm-i-foro-de-prevencion-de-asepeyo\/\"},\"author\":{\"name\":\"admin\",\"@id\":\"https:\/\/www.villafloresmartin.com\/es\/#\/schema\/person\/c2292207708e96921697bf002f8828be\"},\"headline\":\"VFM, pieza indispensable dentro del I Foro de Prevenci\u00f3n de Asepeyo\",\"datePublished\":\"2018-06-03T06:51:56+00:00\",\"dateModified\":\"2022-03-25T11:51:57+00:00\",\"mainEntityOfPage\":{\"@id\":\"https:\/\/www.villafloresmartin.com\/es\/vfm-i-foro-de-prevencion-de-asepeyo\/\"},\"wordCount\":341,\"image\":{\"@id\":\"https:\/\/www.villafloresmartin.com\/es\/vfm-i-foro-de-prevencion-de-asepeyo\/#primaryimage\"},\"thumbnailUrl\":\"https:\/\/www.villafloresmartin.com\/es\/wp-content\/uploads\/2018\/06\/02-bec974e7-7a3a-4314-83a0-7c2938f15057-e1530255283596.jpg\",\"articleSection\":[\"Noticias\"],\"inLanguage\":\"es\"},{\"@type\":\"WebPage\",\"@id\":\"https:\/\/www.villafloresmartin.com\/es\/vfm-i-foro-de-prevencion-de-asepeyo\/\",\"url\":\"https:\/\/www.villafloresmartin.com\/es\/vfm-i-foro-de-prevencion-de-asepeyo\/\",\"name\":\"VFM, pieza indispensable dentro del I Foro de Prevenci\u00f3n de Asepeyo\",\"isPartOf\":{\"@id\":\"https:\/\/www.villafloresmartin.com\/es\/#website\"},\"primaryImageOfPage\":{\"@id\":\"https:\/\/www.villafloresmartin.com\/es\/vfm-i-foro-de-prevencion-de-asepeyo\/#primaryimage\"},\"image\":{\"@id\":\"https:\/\/www.villafloresmartin.com\/es\/vfm-i-foro-de-prevencion-de-asepeyo\/#primaryimage\"},\"thumbnailUrl\":\"https:\/\/www.villafloresmartin.com\/es\/wp-content\/uploads\/2018\/06\/02-bec974e7-7a3a-4314-83a0-7c2938f15057-e1530255283596.jpg\",\"datePublished\":\"2018-06-03T06:51:56+00:00\",\"dateModified\":\"2022-03-25T11:51:57+00:00\",\"author\":{\"@id\":\"https:\/\/www.villafloresmartin.com\/es\/#\/schema\/person\/c2292207708e96921697bf002f8828be\"},\"description\":\"La empresa Villa Flores Mart\u00edn (VFM) ha formado parte de los encuentros llevados a cabo con motivo del I Foro de Prevenci\u00f3n organizado por la mutua espa\u00f1ola Asepeyo... I Foro de Prevenci\u00f3n de Asepeyo\",\"breadcrumb\":{\"@id\":\"https:\/\/www.villafloresmartin.com\/es\/vfm-i-foro-de-prevencion-de-asepeyo\/#breadcrumb\"},\"inLanguage\":\"es\",\"potentialAction\":[{\"@type\":\"ReadAction\",\"target\":[\"https:\/\/www.villafloresmartin.com\/es\/vfm-i-foro-de-prevencion-de-asepeyo\/\"]}]},{\"@type\":\"ImageObject\",\"inLanguage\":\"es\",\"@id\":\"https:\/\/www.villafloresmartin.com\/es\/vfm-i-foro-de-prevencion-de-asepeyo\/#primaryimage\",\"url\":\"https:\/\/www.villafloresmartin.com\/es\/wp-content\/uploads\/2018\/06\/02-bec974e7-7a3a-4314-83a0-7c2938f15057-e1530255283596.jpg\",\"contentUrl\":\"https:\/\/www.villafloresmartin.com\/es\/wp-content\/uploads\/2018\/06\/02-bec974e7-7a3a-4314-83a0-7c2938f15057-e1530255283596.jpg\",\"width\":600,\"height\":450},{\"@type\":\"BreadcrumbList\",\"@id\":\"https:\/\/www.villafloresmartin.com\/es\/vfm-i-foro-de-prevencion-de-asepeyo\/#breadcrumb\",\"itemListElement\":[{\"@type\":\"ListItem\",\"position\":1,\"name\":\"Portada\",\"item\":\"https:\/\/www.villafloresmartin.com\/es\/\"},{\"@type\":\"ListItem\",\"position\":2,\"name\":\"VFM, pieza indispensable dentro del I Foro de Prevenci\u00f3n de Asepeyo\"}]},{\"@type\":\"WebSite\",\"@id\":\"https:\/\/www.villafloresmartin.com\/es\/#website\",\"url\":\"https:\/\/www.villafloresmartin.com\/es\/\",\"name\":\"Villa Flores Mart\u00edn\",\"description\":\"\",\"potentialAction\":[{\"@type\":\"SearchAction\",\"target\":{\"@type\":\"EntryPoint\",\"urlTemplate\":\"https:\/\/www.villafloresmartin.com\/es\/?s={search_term_string}\"},\"query-input\":{\"@type\":\"PropertyValueSpecification\",\"valueRequired\":true,\"valueName\":\"search_term_string\"}}],\"inLanguage\":\"es\"},{\"@type\":\"Person\",\"@id\":\"https:\/\/www.villafloresmartin.com\/es\/#\/schema\/person\/c2292207708e96921697bf002f8828be\",\"name\":\"admin\",\"image\":{\"@type\":\"ImageObject\",\"inLanguage\":\"es\",\"@id\":\"https:\/\/www.villafloresmartin.com\/es\/#\/schema\/person\/image\/\",\"url\":\"https:\/\/secure.gravatar.com\/avatar\/7982f03a93f66ccccbac0ad0746074089942e7448863241b5ddf94dec2148152?s=96&d=mm&r=g\",\"contentUrl\":\"https:\/\/secure.gravatar.com\/avatar\/7982f03a93f66ccccbac0ad0746074089942e7448863241b5ddf94dec2148152?s=96&d=mm&r=g\",\"caption\":\"admin\"}}]}<\/script>\n<!-- \/ Yoast SEO plugin. -->","yoast_head_json":{"title":"VFM, pieza indispensable dentro del I Foro de Prevenci\u00f3n de Asepeyo","description":"La empresa Villa Flores Mart\u00edn (VFM) ha formado parte de los encuentros llevados a cabo con motivo del I Foro de Prevenci\u00f3n organizado por la mutua espa\u00f1ola Asepeyo... I Foro de Prevenci\u00f3n de Asepeyo","robots":{"index":"index","follow":"follow","max-snippet":"max-snippet:-1","max-image-preview":"max-image-preview:large","max-video-preview":"max-video-preview:-1"},"canonical":"https:\/\/www.villafloresmartin.com\/es\/vfm-i-foro-de-prevencion-de-asepeyo\/","og_locale":"es_ES","og_type":"article","og_title":"VFM, pieza indispensable dentro del I Foro de Prevenci\u00f3n de Asepeyo","og_description":"La empresa Villa Flores Mart\u00edn (VFM) ha formado parte de los encuentros llevados a cabo con motivo del I Foro de Prevenci\u00f3n organizado por la mutua espa\u00f1ola Asepeyo... I Foro de Prevenci\u00f3n de Asepeyo","og_url":"https:\/\/www.villafloresmartin.com\/es\/vfm-i-foro-de-prevencion-de-asepeyo\/","og_site_name":"Villa Flores Mart\u00edn","article_published_time":"2018-06-03T06:51:56+00:00","article_modified_time":"2022-03-25T11:51:57+00:00","og_image":[{"width":600,"height":450,"url":"https:\/\/www.villafloresmartin.com\/es\/wp-content\/uploads\/2018\/06\/02-bec974e7-7a3a-4314-83a0-7c2938f15057-e1530255283596.jpg","type":"image\/jpeg"}],"author":"admin","twitter_misc":{"Escrito por":"admin","Tiempo de lectura":"2 minutos"},"schema":{"@context":"https:\/\/schema.org","@graph":[{"@type":"Article","@id":"https:\/\/www.villafloresmartin.com\/es\/vfm-i-foro-de-prevencion-de-asepeyo\/#article","isPartOf":{"@id":"https:\/\/www.villafloresmartin.com\/es\/vfm-i-foro-de-prevencion-de-asepeyo\/"},"author":{"name":"admin","@id":"https:\/\/www.villafloresmartin.com\/es\/#\/schema\/person\/c2292207708e96921697bf002f8828be"},"headline":"VFM, pieza indispensable dentro del I Foro de Prevenci\u00f3n de Asepeyo","datePublished":"2018-06-03T06:51:56+00:00","dateModified":"2022-03-25T11:51:57+00:00","mainEntityOfPage":{"@id":"https:\/\/www.villafloresmartin.com\/es\/vfm-i-foro-de-prevencion-de-asepeyo\/"},"wordCount":341,"image":{"@id":"https:\/\/www.villafloresmartin.com\/es\/vfm-i-foro-de-prevencion-de-asepeyo\/#primaryimage"},"thumbnailUrl":"https:\/\/www.villafloresmartin.com\/es\/wp-content\/uploads\/2018\/06\/02-bec974e7-7a3a-4314-83a0-7c2938f15057-e1530255283596.jpg","articleSection":["Noticias"],"inLanguage":"es"},{"@type":"WebPage","@id":"https:\/\/www.villafloresmartin.com\/es\/vfm-i-foro-de-prevencion-de-asepeyo\/","url":"https:\/\/www.villafloresmartin.com\/es\/vfm-i-foro-de-prevencion-de-asepeyo\/","name":"VFM, pieza indispensable dentro del I Foro de Prevenci\u00f3n de Asepeyo","isPartOf":{"@id":"https:\/\/www.villafloresmartin.com\/es\/#website"},"primaryImageOfPage":{"@id":"https:\/\/www.villafloresmartin.com\/es\/vfm-i-foro-de-prevencion-de-asepeyo\/#primaryimage"},"image":{"@id":"https:\/\/www.villafloresmartin.com\/es\/vfm-i-foro-de-prevencion-de-asepeyo\/#primaryimage"},"thumbnailUrl":"https:\/\/www.villafloresmartin.com\/es\/wp-content\/uploads\/2018\/06\/02-bec974e7-7a3a-4314-83a0-7c2938f15057-e1530255283596.jpg","datePublished":"2018-06-03T06:51:56+00:00","dateModified":"2022-03-25T11:51:57+00:00","author":{"@id":"https:\/\/www.villafloresmartin.com\/es\/#\/schema\/person\/c2292207708e96921697bf002f8828be"},"description":"La empresa Villa Flores Mart\u00edn (VFM) ha formado parte de los encuentros llevados a cabo con motivo del I Foro de Prevenci\u00f3n organizado por la mutua espa\u00f1ola Asepeyo... I Foro de Prevenci\u00f3n de Asepeyo","breadcrumb":{"@id":"https:\/\/www.villafloresmartin.com\/es\/vfm-i-foro-de-prevencion-de-asepeyo\/#breadcrumb"},"inLanguage":"es","potentialAction":[{"@type":"ReadAction","target":["https:\/\/www.villafloresmartin.com\/es\/vfm-i-foro-de-prevencion-de-asepeyo\/"]}]},{"@type":"ImageObject","inLanguage":"es","@id":"https:\/\/www.villafloresmartin.com\/es\/vfm-i-foro-de-prevencion-de-asepeyo\/#primaryimage","url":"https:\/\/www.villafloresmartin.com\/es\/wp-content\/uploads\/2018\/06\/02-bec974e7-7a3a-4314-83a0-7c2938f15057-e1530255283596.jpg","contentUrl":"https:\/\/www.villafloresmartin.com\/es\/wp-content\/uploads\/2018\/06\/02-bec974e7-7a3a-4314-83a0-7c2938f15057-e1530255283596.jpg","width":600,"height":450},{"@type":"BreadcrumbList","@id":"https:\/\/www.villafloresmartin.com\/es\/vfm-i-foro-de-prevencion-de-asepeyo\/#breadcrumb","itemListElement":[{"@type":"ListItem","position":1,"name":"Portada","item":"https:\/\/www.villafloresmartin.com\/es\/"},{"@type":"ListItem","position":2,"name":"VFM, pieza indispensable dentro del I Foro de Prevenci\u00f3n de Asepeyo"}]},{"@type":"WebSite","@id":"https:\/\/www.villafloresmartin.com\/es\/#website","url":"https:\/\/www.villafloresmartin.com\/es\/","name":"Villa Flores Mart\u00edn","description":"","potentialAction":[{"@type":"SearchAction","target":{"@type":"EntryPoint","urlTemplate":"https:\/\/www.villafloresmartin.com\/es\/?s={search_term_string}"},"query-input":{"@type":"PropertyValueSpecification","valueRequired":true,"valueName":"search_term_string"}}],"inLanguage":"es"},{"@type":"Person","@id":"https:\/\/www.villafloresmartin.com\/es\/#\/schema\/person\/c2292207708e96921697bf002f8828be","name":"admin","image":{"@type":"ImageObject","inLanguage":"es","@id":"https:\/\/www.villafloresmartin.com\/es\/#\/schema\/person\/image\/","url":"https:\/\/secure.gravatar.com\/avatar\/7982f03a93f66ccccbac0ad0746074089942e7448863241b5ddf94dec2148152?s=96&d=mm&r=g","contentUrl":"https:\/\/secure.gravatar.com\/avatar\/7982f03a93f66ccccbac0ad0746074089942e7448863241b5ddf94dec2148152?s=96&d=mm&r=g","caption":"admin"}}]}},"_links":{"self":[{"href":"https:\/\/www.villafloresmartin.com\/es\/wp-json\/wp\/v2\/posts\/1393","targetHints":{"allow":["GET"]}}],"collection":[{"href":"https:\/\/www.villafloresmartin.com\/es\/wp-json\/wp\/v2\/posts"}],"about":[{"href":"https:\/\/www.villafloresmartin.com\/es\/wp-json\/wp\/v2\/types\/post"}],"author":[{"embeddable":true,"href":"https:\/\/www.villafloresmartin.com\/es\/wp-json\/wp\/v2\/users\/2"}],"replies":[{"embeddable":true,"href":"https:\/\/www.villafloresmartin.com\/es\/wp-json\/wp\/v2\/comments?post=1393"}],"version-history":[{"count":0,"href":"https:\/\/www.villafloresmartin.com\/es\/wp-json\/wp\/v2\/posts\/1393\/revisions"}],"wp:featuredmedia":[{"embeddable":true,"href":"https:\/\/www.villafloresmartin.com\/es\/wp-json\/wp\/v2\/media\/1394"}],"wp:attachment":[{"href":"https:\/\/www.villafloresmartin.com\/es\/wp-json\/wp\/v2\/media?parent=1393"}],"wp:term":[{"taxonomy":"category","embeddable":true,"href":"https:\/\/www.villafloresmartin.com\/es\/wp-json\/wp\/v2\/categories?post=1393"},{"taxonomy":"post_tag","embeddable":true,"href":"https:\/\/www.villafloresmartin.com\/es\/wp-json\/wp\/v2\/tags?post=1393"}],"curies":[{"name":"wp","href":"https:\/\/api.w.org\/{rel}","templated":true}]}}