{"id":1348,"date":"2018-04-26T15:59:57","date_gmt":"2018-04-26T13:59:57","guid":{"rendered":"https:\/\/www.villafloresmartin.com\/es\/?p=1348"},"modified":"2022-03-25T12:51:58","modified_gmt":"2022-03-25T11:51:58","slug":"contratar-servicio-alquiler-de-grupos-electrogenos","status":"publish","type":"post","link":"https:\/\/www.villafloresmartin.com\/es\/contratar-servicio-alquiler-de-grupos-electrogenos\/","title":{"rendered":"6 aspectos fundamentales a la hora de contratar un servicio de alquiler de grupos electr\u00f3genos"},"content":{"rendered":"<p><img  title=\"6 aspectos fundamentales a la hora de contratar un servicio de alquiler de grupos electr\u00f3genos - Villa Flores Mart\u00edn\" loading=\"lazy\" decoding=\"async\" class=\"aligncenter wp-image-1349 size-full\" src=\"https:\/\/www.villafloresmartin.com\/es\/wp-content\/uploads\/2018\/04\/VFM-BLOG-2-e1524750657147.jpg\"  alt=\"6 aspectos fundamentales a la hora de contratar un servicio de alquiler de grupos electr\u00f3genos - Villa Flores Mart\u00edn\"  width=\"600\" height=\"400\" srcset=\"https:\/\/www.villafloresmartin.com\/es\/wp-content\/uploads\/2018\/04\/VFM-BLOG-2-e1524750657147.jpg 600w, https:\/\/www.villafloresmartin.com\/es\/wp-content\/uploads\/2018\/04\/VFM-BLOG-2-e1524750657147-300x200.jpg 300w, https:\/\/www.villafloresmartin.com\/es\/wp-content\/uploads\/2018\/04\/VFM-BLOG-2-e1524750657147-90x60.jpg 90w\" sizes=\"auto, (max-width: 600px) 100vw, 600px\" \/><span style=\"font-size: 1rem;\"><br \/>\nNinguna empresa desea sufrir un corte en su suministro, eso est\u00e1 claro. Sin embargo, las posibilidades de que esto ocurra <a href=\"https:\/\/www.villafloresmartin.com\/es\/averias-en-instalaciones-electricas\/\" target=\"_blank\" rel=\"noopener\"><strong>si no se lleva a cabo ning\u00fan tipo de mantenimiento preventivo, aumentan.<\/strong> <\/a>Aunque hemos de reconocer que hay ocasiones en las que nada se puede hacer.\u00a0<\/span><span style=\"font-size: 1rem;\">En <\/span><a style=\"font-size: 1rem; background-color: #ffffff;\" href=\"https:\/\/www.villafloresmartin.com\/es\/\" target=\"_blank\" rel=\"noopener\"><strong>Villa Flores Mart\u00edn (VFM)<\/strong><\/a><span style=\"font-size: 1rem;\"> reducimos los tiempos de parada cuando esto ocurre gracias a nuestro<\/span><a style=\"font-size: 1rem; background-color: #ffffff;\" href=\"https:\/\/www.villafloresmartin.com\/es\/servicios\/servicios-energia-electrica\/grupos-electrogenos\/\" target=\"_blank\" rel=\"noopener\"> servicio de alquiler de grupos electr\u00f3genos<\/a><span style=\"font-size: 1rem;\">. Con esta soluci\u00f3n industrial de fuente de suministro el\u00e9ctrico temporal la producci\u00f3n no se ve mermada, lo cual se traduce en una soluci\u00f3n eficiente y econ\u00f3mica.<\/span><!--more--><\/p>\n<p>Si bien, <strong>cuando se necesita un suministro el\u00e9ctrico de emergencia la mejor soluci\u00f3n es optar por un servicio de alquiler de grupos electr\u00f3genos que sea de confianza<\/strong>, pues lo que menos necesitamos en ese momento es arriesgarnos a hacer del corte de suministro un problema mayor.<\/p>\n<h2>Un servicio de alquiler de grupos electr\u00f3genos de confianza<\/h2>\n<p>Tras casi cuatro d\u00e9cadas dedicados al sector de la distribuci\u00f3n el\u00e9ctrica, en VFM queremos ayudarte a reconocer un servicio de alquiler de grupos electr\u00f3genos de calidad. A continuaci\u00f3n te comentamos algunos factores a tener en cuenta antes de tomar ninguna decisi\u00f3n.<\/p>\n<ul>\n<li><strong>Profesionalizaci\u00f3n<\/strong>. Lo primero en lo que nos debemos de fijar es si estamos tratando con una empresa especializada y con experiencia en el sector. Pese a que pueda parecer una obviedad, hay momentos en que nos dejamos convencer por cuestiones econ\u00f3micas u otras sin darnos cuenta de que estamos tratando de solucionar un problema de calado que requiere de personal cualificado para ello.<\/li>\n<li><strong>Operario<\/strong>. Son muchas las compa\u00f1\u00edas que ofrecen el servicio de alquiler de grupos electr\u00f3genos sin m\u00e1s, es decir, solo la maquinaria. En VFM no nos limitamos a ser alquiladores sino que nuestros equipos van siempre acompa\u00f1ados por personal especializado en el funcionamiento del mismo. As\u00ed el cliente no tendr\u00e1 de nada de lo que preocuparse porque contar\u00e1 en todo momento con un operario en la instalaci\u00f3n.<\/li>\n<li><strong>Bitensi\u00f3n<\/strong>. Una caracter\u00edstica t\u00e9cnica que deben tener los grupos electr\u00f3genos es que sean de <a href=\"https:\/\/es.thefreedictionary.com\/bitensi%C3%B3n\" target=\"_blank\" rel=\"noopener\">bitensi\u00f3n<\/a> (as\u00ed son los de VFM). \u00bfPor qu\u00e9? Porque de esta forma dan la posibilidad de ofrecer un suministro el\u00e9ctrico de urgencia a la tensi\u00f3n de 125\/220 v y 230\/400 v, al mismo tiempo o de forma simult\u00e1nea.<\/li>\n<li><strong>Seguridad<\/strong>. La seguridad es un aspecto clave en todos los trabajos el\u00e9ctricos y en este caso no iba a ser menos. De ah\u00ed que a la hora de alquilar grupos electr\u00f3genos preguntemos si est\u00e1n provistos de una protecci\u00f3n diferencial selectiva apropiada a la potencia de cada uno de los grupos. Muy importante tambi\u00e9n que dispongan de todas las acreditaciones pertinentes.<\/li>\n<li><strong>Potencia<\/strong>. Otro factor fundamental es la potencia. En nuestro caso abarcamos potencias desde 100 Kva a 1.600 Kva. Todos ellos equipados con diferentes juegos de conductores para cada conexi\u00f3n.<\/li>\n<li><strong>Rapidez<\/strong>. Somos conscientes de la urgencia que supone para las empresas un corte de suministro energ\u00e9tico, por eso en Villa Flores Mart\u00edn los grupos electr\u00f3genos est\u00e1n ubicados de forma fija sobre camiones plataforma o g\u00f3ndolas para actuar en el momento que sean requeridos.<\/li>\n<\/ul>\n<p>Si necesitas m\u00e1s informaci\u00f3n sobre nuestro servicio de alquiler de grupos electr\u00f3genos, no dudes en <a href=\"https:\/\/www.villafloresmartin.com\/es\/contacto\/\" target=\"_blank\" rel=\"noopener\"><strong>contactar con nosotros<\/strong><\/a>. Estaremos encantados de asesorarte.<\/p>\n<p>&nbsp;<\/p>\n<p style=\"text-align: right;\">Imagen: <a href=\"https:\/\/www.freepik.es\/foto-gratis\/bombilla-encendida-entre-muchas-apagadas_985254.htm\" target=\"_blank\" rel=\"noopener\">Freepik<\/a><\/p>\n<p>&nbsp;<\/p>\n","protected":false},"excerpt":{"rendered":"<p>Ninguna empresa desea sufrir un corte en su suministro, eso est\u00e1 claro. Sin embargo, las posibilidades de que esto ocurra si no se lleva a cabo ning\u00fan tipo de mantenimiento preventivo, aumentan. Aunque hemos de reconocer que hay ocasiones en las que nada se puede hacer.\u00a0En Villa Flores Mart\u00edn (VFM) reducimos los tiempos de parada [&#8230;]<\/p>\n<p><a class=\"btn btn-secondary understrap-read-more-link\" href=\"https:\/\/www.villafloresmartin.com\/es\/contratar-servicio-alquiler-de-grupos-electrogenos\/\">Leer m\u00e1s&#8230;<\/a><\/p>\n","protected":false},"author":2,"featured_media":1349,"comment_status":"closed","ping_status":"closed","sticky":false,"template":"","format":"standard","meta":{"footnotes":""},"categories":[16],"tags":[],"class_list":["post-1348","post","type-post","status-publish","format-standard","has-post-thumbnail","hentry","category-noticias"],"yoast_head":"<!-- This site is optimized with the Yoast SEO plugin v26.9 - https:\/\/yoast.com\/product\/yoast-seo-wordpress\/ -->\n<title>6 aspectos fundamentales del servicio de alquiler de grupos electr\u00f3genos<\/title>\n<meta name=\"description\" content=\"Ninguna empresa desea sufrir un corte en su suministro, eso est\u00e1 claro. Sin embargo, las posibilidades de que... Alquiler de grupos electr\u00f3genos\" \/>\n<meta name=\"robots\" content=\"index, follow, max-snippet:-1, max-image-preview:large, max-video-preview:-1\" \/>\n<link rel=\"canonical\" href=\"https:\/\/www.villafloresmartin.com\/es\/contratar-servicio-alquiler-de-grupos-electrogenos\/\" \/>\n<meta property=\"og:locale\" content=\"es_ES\" \/>\n<meta property=\"og:type\" content=\"article\" \/>\n<meta property=\"og:title\" content=\"6 aspectos fundamentales del servicio de alquiler de grupos electr\u00f3genos\" \/>\n<meta property=\"og:description\" content=\"Ninguna empresa desea sufrir un corte en su suministro, eso est\u00e1 claro. Sin embargo, las posibilidades de que... Alquiler de grupos electr\u00f3genos\" \/>\n<meta property=\"og:url\" content=\"https:\/\/www.villafloresmartin.com\/es\/contratar-servicio-alquiler-de-grupos-electrogenos\/\" \/>\n<meta property=\"og:site_name\" content=\"Villa Flores Mart\u00edn\" \/>\n<meta property=\"article:published_time\" content=\"2018-04-26T13:59:57+00:00\" \/>\n<meta property=\"article:modified_time\" content=\"2022-03-25T11:51:58+00:00\" \/>\n<meta property=\"og:image\" content=\"https:\/\/www.villafloresmartin.com\/es\/wp-content\/uploads\/2018\/04\/VFM-BLOG-2-e1524750657147.jpg\" \/>\n\t<meta property=\"og:image:width\" content=\"600\" \/>\n\t<meta property=\"og:image:height\" content=\"400\" \/>\n\t<meta property=\"og:image:type\" content=\"image\/jpeg\" \/>\n<meta name=\"author\" content=\"admin\" \/>\n<meta name=\"twitter:label1\" content=\"Escrito por\" \/>\n\t<meta name=\"twitter:data1\" content=\"admin\" \/>\n\t<meta name=\"twitter:label2\" content=\"Tiempo de lectura\" \/>\n\t<meta name=\"twitter:data2\" content=\"3 minutos\" \/>\n<script type=\"application\/ld+json\" class=\"yoast-schema-graph\">{\"@context\":\"https:\/\/schema.org\",\"@graph\":[{\"@type\":\"Article\",\"@id\":\"https:\/\/www.villafloresmartin.com\/es\/contratar-servicio-alquiler-de-grupos-electrogenos\/#article\",\"isPartOf\":{\"@id\":\"https:\/\/www.villafloresmartin.com\/es\/contratar-servicio-alquiler-de-grupos-electrogenos\/\"},\"author\":{\"name\":\"admin\",\"@id\":\"https:\/\/www.villafloresmartin.com\/es\/#\/schema\/person\/c2292207708e96921697bf002f8828be\"},\"headline\":\"6 aspectos fundamentales a la hora de contratar un servicio de alquiler de grupos electr\u00f3genos\",\"datePublished\":\"2018-04-26T13:59:57+00:00\",\"dateModified\":\"2022-03-25T11:51:58+00:00\",\"mainEntityOfPage\":{\"@id\":\"https:\/\/www.villafloresmartin.com\/es\/contratar-servicio-alquiler-de-grupos-electrogenos\/\"},\"wordCount\":587,\"image\":{\"@id\":\"https:\/\/www.villafloresmartin.com\/es\/contratar-servicio-alquiler-de-grupos-electrogenos\/#primaryimage\"},\"thumbnailUrl\":\"https:\/\/www.villafloresmartin.com\/es\/wp-content\/uploads\/2018\/04\/VFM-BLOG-2-e1524750657147.jpg\",\"articleSection\":[\"Noticias\"],\"inLanguage\":\"es\"},{\"@type\":\"WebPage\",\"@id\":\"https:\/\/www.villafloresmartin.com\/es\/contratar-servicio-alquiler-de-grupos-electrogenos\/\",\"url\":\"https:\/\/www.villafloresmartin.com\/es\/contratar-servicio-alquiler-de-grupos-electrogenos\/\",\"name\":\"6 aspectos fundamentales del servicio de alquiler de grupos electr\u00f3genos\",\"isPartOf\":{\"@id\":\"https:\/\/www.villafloresmartin.com\/es\/#website\"},\"primaryImageOfPage\":{\"@id\":\"https:\/\/www.villafloresmartin.com\/es\/contratar-servicio-alquiler-de-grupos-electrogenos\/#primaryimage\"},\"image\":{\"@id\":\"https:\/\/www.villafloresmartin.com\/es\/contratar-servicio-alquiler-de-grupos-electrogenos\/#primaryimage\"},\"thumbnailUrl\":\"https:\/\/www.villafloresmartin.com\/es\/wp-content\/uploads\/2018\/04\/VFM-BLOG-2-e1524750657147.jpg\",\"datePublished\":\"2018-04-26T13:59:57+00:00\",\"dateModified\":\"2022-03-25T11:51:58+00:00\",\"author\":{\"@id\":\"https:\/\/www.villafloresmartin.com\/es\/#\/schema\/person\/c2292207708e96921697bf002f8828be\"},\"description\":\"Ninguna empresa desea sufrir un corte en su suministro, eso est\u00e1 claro. Sin embargo, las posibilidades de que... Alquiler de grupos electr\u00f3genos\",\"breadcrumb\":{\"@id\":\"https:\/\/www.villafloresmartin.com\/es\/contratar-servicio-alquiler-de-grupos-electrogenos\/#breadcrumb\"},\"inLanguage\":\"es\",\"potentialAction\":[{\"@type\":\"ReadAction\",\"target\":[\"https:\/\/www.villafloresmartin.com\/es\/contratar-servicio-alquiler-de-grupos-electrogenos\/\"]}]},{\"@type\":\"ImageObject\",\"inLanguage\":\"es\",\"@id\":\"https:\/\/www.villafloresmartin.com\/es\/contratar-servicio-alquiler-de-grupos-electrogenos\/#primaryimage\",\"url\":\"https:\/\/www.villafloresmartin.com\/es\/wp-content\/uploads\/2018\/04\/VFM-BLOG-2-e1524750657147.jpg\",\"contentUrl\":\"https:\/\/www.villafloresmartin.com\/es\/wp-content\/uploads\/2018\/04\/VFM-BLOG-2-e1524750657147.jpg\",\"width\":600,\"height\":400,\"caption\":\"Light bulb lamps\"},{\"@type\":\"BreadcrumbList\",\"@id\":\"https:\/\/www.villafloresmartin.com\/es\/contratar-servicio-alquiler-de-grupos-electrogenos\/#breadcrumb\",\"itemListElement\":[{\"@type\":\"ListItem\",\"position\":1,\"name\":\"Portada\",\"item\":\"https:\/\/www.villafloresmartin.com\/es\/\"},{\"@type\":\"ListItem\",\"position\":2,\"name\":\"6 aspectos fundamentales a la hora de contratar un servicio de alquiler de grupos electr\u00f3genos\"}]},{\"@type\":\"WebSite\",\"@id\":\"https:\/\/www.villafloresmartin.com\/es\/#website\",\"url\":\"https:\/\/www.villafloresmartin.com\/es\/\",\"name\":\"Villa Flores Mart\u00edn\",\"description\":\"\",\"potentialAction\":[{\"@type\":\"SearchAction\",\"target\":{\"@type\":\"EntryPoint\",\"urlTemplate\":\"https:\/\/www.villafloresmartin.com\/es\/?s={search_term_string}\"},\"query-input\":{\"@type\":\"PropertyValueSpecification\",\"valueRequired\":true,\"valueName\":\"search_term_string\"}}],\"inLanguage\":\"es\"},{\"@type\":\"Person\",\"@id\":\"https:\/\/www.villafloresmartin.com\/es\/#\/schema\/person\/c2292207708e96921697bf002f8828be\",\"name\":\"admin\",\"image\":{\"@type\":\"ImageObject\",\"inLanguage\":\"es\",\"@id\":\"https:\/\/www.villafloresmartin.com\/es\/#\/schema\/person\/image\/\",\"url\":\"https:\/\/secure.gravatar.com\/avatar\/7982f03a93f66ccccbac0ad0746074089942e7448863241b5ddf94dec2148152?s=96&d=mm&r=g\",\"contentUrl\":\"https:\/\/secure.gravatar.com\/avatar\/7982f03a93f66ccccbac0ad0746074089942e7448863241b5ddf94dec2148152?s=96&d=mm&r=g\",\"caption\":\"admin\"}}]}<\/script>\n<!-- \/ Yoast SEO plugin. -->","yoast_head_json":{"title":"6 aspectos fundamentales del servicio de alquiler de grupos electr\u00f3genos","description":"Ninguna empresa desea sufrir un corte en su suministro, eso est\u00e1 claro. Sin embargo, las posibilidades de que... Alquiler de grupos electr\u00f3genos","robots":{"index":"index","follow":"follow","max-snippet":"max-snippet:-1","max-image-preview":"max-image-preview:large","max-video-preview":"max-video-preview:-1"},"canonical":"https:\/\/www.villafloresmartin.com\/es\/contratar-servicio-alquiler-de-grupos-electrogenos\/","og_locale":"es_ES","og_type":"article","og_title":"6 aspectos fundamentales del servicio de alquiler de grupos electr\u00f3genos","og_description":"Ninguna empresa desea sufrir un corte en su suministro, eso est\u00e1 claro. Sin embargo, las posibilidades de que... Alquiler de grupos electr\u00f3genos","og_url":"https:\/\/www.villafloresmartin.com\/es\/contratar-servicio-alquiler-de-grupos-electrogenos\/","og_site_name":"Villa Flores Mart\u00edn","article_published_time":"2018-04-26T13:59:57+00:00","article_modified_time":"2022-03-25T11:51:58+00:00","og_image":[{"width":600,"height":400,"url":"https:\/\/www.villafloresmartin.com\/es\/wp-content\/uploads\/2018\/04\/VFM-BLOG-2-e1524750657147.jpg","type":"image\/jpeg"}],"author":"admin","twitter_misc":{"Escrito por":"admin","Tiempo de lectura":"3 minutos"},"schema":{"@context":"https:\/\/schema.org","@graph":[{"@type":"Article","@id":"https:\/\/www.villafloresmartin.com\/es\/contratar-servicio-alquiler-de-grupos-electrogenos\/#article","isPartOf":{"@id":"https:\/\/www.villafloresmartin.com\/es\/contratar-servicio-alquiler-de-grupos-electrogenos\/"},"author":{"name":"admin","@id":"https:\/\/www.villafloresmartin.com\/es\/#\/schema\/person\/c2292207708e96921697bf002f8828be"},"headline":"6 aspectos fundamentales a la hora de contratar un servicio de alquiler de grupos electr\u00f3genos","datePublished":"2018-04-26T13:59:57+00:00","dateModified":"2022-03-25T11:51:58+00:00","mainEntityOfPage":{"@id":"https:\/\/www.villafloresmartin.com\/es\/contratar-servicio-alquiler-de-grupos-electrogenos\/"},"wordCount":587,"image":{"@id":"https:\/\/www.villafloresmartin.com\/es\/contratar-servicio-alquiler-de-grupos-electrogenos\/#primaryimage"},"thumbnailUrl":"https:\/\/www.villafloresmartin.com\/es\/wp-content\/uploads\/2018\/04\/VFM-BLOG-2-e1524750657147.jpg","articleSection":["Noticias"],"inLanguage":"es"},{"@type":"WebPage","@id":"https:\/\/www.villafloresmartin.com\/es\/contratar-servicio-alquiler-de-grupos-electrogenos\/","url":"https:\/\/www.villafloresmartin.com\/es\/contratar-servicio-alquiler-de-grupos-electrogenos\/","name":"6 aspectos fundamentales del servicio de alquiler de grupos electr\u00f3genos","isPartOf":{"@id":"https:\/\/www.villafloresmartin.com\/es\/#website"},"primaryImageOfPage":{"@id":"https:\/\/www.villafloresmartin.com\/es\/contratar-servicio-alquiler-de-grupos-electrogenos\/#primaryimage"},"image":{"@id":"https:\/\/www.villafloresmartin.com\/es\/contratar-servicio-alquiler-de-grupos-electrogenos\/#primaryimage"},"thumbnailUrl":"https:\/\/www.villafloresmartin.com\/es\/wp-content\/uploads\/2018\/04\/VFM-BLOG-2-e1524750657147.jpg","datePublished":"2018-04-26T13:59:57+00:00","dateModified":"2022-03-25T11:51:58+00:00","author":{"@id":"https:\/\/www.villafloresmartin.com\/es\/#\/schema\/person\/c2292207708e96921697bf002f8828be"},"description":"Ninguna empresa desea sufrir un corte en su suministro, eso est\u00e1 claro. Sin embargo, las posibilidades de que... Alquiler de grupos electr\u00f3genos","breadcrumb":{"@id":"https:\/\/www.villafloresmartin.com\/es\/contratar-servicio-alquiler-de-grupos-electrogenos\/#breadcrumb"},"inLanguage":"es","potentialAction":[{"@type":"ReadAction","target":["https:\/\/www.villafloresmartin.com\/es\/contratar-servicio-alquiler-de-grupos-electrogenos\/"]}]},{"@type":"ImageObject","inLanguage":"es","@id":"https:\/\/www.villafloresmartin.com\/es\/contratar-servicio-alquiler-de-grupos-electrogenos\/#primaryimage","url":"https:\/\/www.villafloresmartin.com\/es\/wp-content\/uploads\/2018\/04\/VFM-BLOG-2-e1524750657147.jpg","contentUrl":"https:\/\/www.villafloresmartin.com\/es\/wp-content\/uploads\/2018\/04\/VFM-BLOG-2-e1524750657147.jpg","width":600,"height":400,"caption":"Light bulb lamps"},{"@type":"BreadcrumbList","@id":"https:\/\/www.villafloresmartin.com\/es\/contratar-servicio-alquiler-de-grupos-electrogenos\/#breadcrumb","itemListElement":[{"@type":"ListItem","position":1,"name":"Portada","item":"https:\/\/www.villafloresmartin.com\/es\/"},{"@type":"ListItem","position":2,"name":"6 aspectos fundamentales a la hora de contratar un servicio de alquiler de grupos electr\u00f3genos"}]},{"@type":"WebSite","@id":"https:\/\/www.villafloresmartin.com\/es\/#website","url":"https:\/\/www.villafloresmartin.com\/es\/","name":"Villa Flores Mart\u00edn","description":"","potentialAction":[{"@type":"SearchAction","target":{"@type":"EntryPoint","urlTemplate":"https:\/\/www.villafloresmartin.com\/es\/?s={search_term_string}"},"query-input":{"@type":"PropertyValueSpecification","valueRequired":true,"valueName":"search_term_string"}}],"inLanguage":"es"},{"@type":"Person","@id":"https:\/\/www.villafloresmartin.com\/es\/#\/schema\/person\/c2292207708e96921697bf002f8828be","name":"admin","image":{"@type":"ImageObject","inLanguage":"es","@id":"https:\/\/www.villafloresmartin.com\/es\/#\/schema\/person\/image\/","url":"https:\/\/secure.gravatar.com\/avatar\/7982f03a93f66ccccbac0ad0746074089942e7448863241b5ddf94dec2148152?s=96&d=mm&r=g","contentUrl":"https:\/\/secure.gravatar.com\/avatar\/7982f03a93f66ccccbac0ad0746074089942e7448863241b5ddf94dec2148152?s=96&d=mm&r=g","caption":"admin"}}]}},"_links":{"self":[{"href":"https:\/\/www.villafloresmartin.com\/es\/wp-json\/wp\/v2\/posts\/1348","targetHints":{"allow":["GET"]}}],"collection":[{"href":"https:\/\/www.villafloresmartin.com\/es\/wp-json\/wp\/v2\/posts"}],"about":[{"href":"https:\/\/www.villafloresmartin.com\/es\/wp-json\/wp\/v2\/types\/post"}],"author":[{"embeddable":true,"href":"https:\/\/www.villafloresmartin.com\/es\/wp-json\/wp\/v2\/users\/2"}],"replies":[{"embeddable":true,"href":"https:\/\/www.villafloresmartin.com\/es\/wp-json\/wp\/v2\/comments?post=1348"}],"version-history":[{"count":0,"href":"https:\/\/www.villafloresmartin.com\/es\/wp-json\/wp\/v2\/posts\/1348\/revisions"}],"wp:featuredmedia":[{"embeddable":true,"href":"https:\/\/www.villafloresmartin.com\/es\/wp-json\/wp\/v2\/media\/1349"}],"wp:attachment":[{"href":"https:\/\/www.villafloresmartin.com\/es\/wp-json\/wp\/v2\/media?parent=1348"}],"wp:term":[{"taxonomy":"category","embeddable":true,"href":"https:\/\/www.villafloresmartin.com\/es\/wp-json\/wp\/v2\/categories?post=1348"},{"taxonomy":"post_tag","embeddable":true,"href":"https:\/\/www.villafloresmartin.com\/es\/wp-json\/wp\/v2\/tags?post=1348"}],"curies":[{"name":"wp","href":"https:\/\/api.w.org\/{rel}","templated":true}]}}