{"id":1301,"date":"2018-04-06T10:27:26","date_gmt":"2018-04-06T08:27:26","guid":{"rendered":"https:\/\/www.villafloresmartin.com\/es\/?p=1301"},"modified":"2022-03-25T12:51:58","modified_gmt":"2022-03-25T11:51:58","slug":"energia-solar-fotovoltaica-jornadas-tecnicas","status":"publish","type":"post","link":"https:\/\/www.villafloresmartin.com\/es\/energia-solar-fotovoltaica-jornadas-tecnicas\/","title":{"rendered":"VFM asiste a las Jornadas T\u00e9cnicas Fotovoltaicas de Bet Solar y Grupo Electrostock en Andaluc\u00eda"},"content":{"rendered":"<p><img  title=\"VFM asiste a las Jornadas T\u00e9cnicas Fotovoltaicas de Bet Solar y Grupo Electrostock en Andaluc\u00eda - Villa Flores Mart\u00edn\" loading=\"lazy\" decoding=\"async\" class=\"aligncenter wp-image-1302 size-full\" src=\"https:\/\/www.villafloresmartin.com\/es\/wp-content\/uploads\/2018\/04\/energ\u00eda-solar-fotovoltaica-e1523002823159.jpg\"  alt=\"VFM asiste a las Jornadas T\u00e9cnicas Fotovoltaicas de Bet Solar y Grupo Electrostock en Andaluc\u00eda - Villa Flores Mart\u00edn\"  width=\"600\" height=\"338\" srcset=\"https:\/\/www.villafloresmartin.com\/es\/wp-content\/uploads\/2018\/04\/energ\u00eda-solar-fotovoltaica-e1523002823159.jpg 600w, https:\/\/www.villafloresmartin.com\/es\/wp-content\/uploads\/2018\/04\/energ\u00eda-solar-fotovoltaica-e1523002823159-300x169.jpg 300w, https:\/\/www.villafloresmartin.com\/es\/wp-content\/uploads\/2018\/04\/energ\u00eda-solar-fotovoltaica-e1523002823159-180x100.jpg 180w, https:\/\/www.villafloresmartin.com\/es\/wp-content\/uploads\/2018\/04\/energ\u00eda-solar-fotovoltaica-e1523002823159-107x60.jpg 107w\" sizes=\"auto, (max-width: 600px) 100vw, 600px\" \/><span style=\"font-size: 1rem;\"><br \/>\n<a href=\"https:\/\/www.villafloresmartin.com\/es\/\" target=\"_blank\" rel=\"noopener\"><strong>Villa Flores Mart\u00edn (VFM)<\/strong><\/a> estuvo presente, el pasado mi\u00e9rcoles 7 de marzo, en la jornada t\u00e9cnica organizada por <a href=\"https:\/\/betsolar.es\/\" target=\"_blank\" rel=\"noopener\"><strong>Bet Solar<\/strong><\/a> y el <a href=\"http:\/\/www.grupoelectrostocks.com\/es\/Default.aspx\" target=\"_blank\" rel=\"noopener\"><strong>Grupo Electrostocks<\/strong><\/a> bajo el t\u00edtulo \u201cSoluciones Fotovoltaicas en el \u00e1mbito de la Energ\u00eda Solar Fotovoltaica Aislada, Autoconsumo y Bombeo Solar\u201d. La sesi\u00f3n tuvo lugar en Sevilla y se englobaba dentro de un ciclo de conferencias en Andaluc\u00eda, que tambi\u00e9n tuvo parada en el municipio malague\u00f1o de Antequera.<\/span><!--more--><\/p>\n<p>Ambos encuentros contaron con un<a href=\"https:\/\/www.villafloresmartin.com\/es\/energias-renovables-en-espana\/\" target=\"_blank\" rel=\"noopener\"><strong> amplio respaldo tanto de empresas como de profesionales interesados en el sector de la energ\u00eda solar fotovoltaica.<\/strong><\/a> Tal y como pone de manifiesto el hecho de que fuesen m\u00e1s de 260 personas las que participaron en dichas jornadas t\u00e9cnicas.<\/p>\n<p>\u201cCon estas formaciones se consigue que el instalador tenga confianza en lo que ofrece y que cuando est\u00e9 con un cliente sepa detectar sus necesidades, de manera que \u00e9ste se sienta respaldado por una empresa seria que desea ayudarle\u201d, ha destacado Antonio Sosa, t\u00e9cnico comercial de Bet Solar.<\/p>\n<h2>Aprendiendo sobre energ\u00eda solar fotovoltaica<\/h2>\n<p>Si bien, las sesiones formativas contaban con la presencia de ponentes expertos en la materia, los cuales debatieron sobre situaciones reales en que se puede encontrar un instalador y buscaron en todo momento <strong>ofrecer soluciones viables y sencillas para dar respuesta tanto a las dudas de los usuarios como a obst\u00e1culos t\u00e9cnicos.<\/strong><\/p>\n<p>Asimismo, se hace necesario se\u00f1alar que este tipo de jornadas son un importante marco de aprendizaje para conocer todos los tipos de instalaciones fotovoltaicas, as\u00ed como de los elementos necesarios para su implantaci\u00f3n y funcionamiento. Tambi\u00e9n son un escenario perfecto para adquirir las nociones b\u00e1sicas sobre calcular, dise\u00f1ar y amortizar una instalaci\u00f3n aislada.<\/p>\n<p>Pero no queda ah\u00ed la cosa, se aprende, adem\u00e1s, c\u00e1lculo de <a href=\"https:\/\/www.villafloresmartin.com\/es\/servicios\/energias-renovables\/\" target=\"_blank\" rel=\"noopener\"><strong>bombeo solar<\/strong><\/a>,se aborda todo lo relacionado con el autoconsumo y las \u00faltimas novedades del sector y, por \u00faltimo, se ahonda en la normativa actual RD Autoconsumo 900\/2015: C\u00e1lculo, dimensionado y amortizaci\u00f3n de un caso de \u00e9xito real. En definitiva, todo lo necesario para el correcto desarrollo de instalaciones basadas en la <a href=\"https:\/\/www.villafloresmartin.com\/es\/infraestructuras-electricas-renovables\/\" target=\"_blank\" rel=\"noopener\"><strong>energ\u00eda solar fotovoltaica.<\/strong><\/a><\/p>\n<p>Desde VFM queremos agradecer tanto a Bet Solar como a Grupo Electrostock la invitaci\u00f3n que nos hicieron llegar para asistir a las mencionadas jornadas formativas. Sin duda, la cercan\u00eda y profesionalidad son un aval en el resultado y la satisfacci\u00f3n final alcanzada.<\/p>\n<p style=\"text-align: right;\">Fuente: <a href=\"https:\/\/betsolar.es\/mas-de-260-personas-han-participado-en-las-jornadas-tecnicas-fotovoltaicas-de-bet-solar-en-andalucia\/\" target=\"_blank\" rel=\"noopener\">Bet Solar<\/a><\/p>\n","protected":false},"excerpt":{"rendered":"<p>Villa Flores Mart\u00edn (VFM) estuvo presente, el pasado mi\u00e9rcoles 7 de marzo, en la jornada t\u00e9cnica organizada por Bet Solar y el Grupo Electrostocks bajo el t\u00edtulo \u201cSoluciones Fotovoltaicas en el \u00e1mbito de la Energ\u00eda Solar Fotovoltaica Aislada, Autoconsumo y Bombeo Solar\u201d. La sesi\u00f3n tuvo lugar en Sevilla y se englobaba dentro de un ciclo [&#8230;]<\/p>\n<p><a class=\"btn btn-secondary understrap-read-more-link\" href=\"https:\/\/www.villafloresmartin.com\/es\/energia-solar-fotovoltaica-jornadas-tecnicas\/\">Leer m\u00e1s&#8230;<\/a><\/p>\n","protected":false},"author":2,"featured_media":1302,"comment_status":"closed","ping_status":"closed","sticky":false,"template":"","format":"standard","meta":{"footnotes":""},"categories":[16],"tags":[],"class_list":["post-1301","post","type-post","status-publish","format-standard","has-post-thumbnail","hentry","category-noticias"],"yoast_head":"<!-- This site is optimized with the Yoast SEO plugin v26.9 - https:\/\/yoast.com\/product\/yoast-seo-wordpress\/ -->\n<title>VFM asiste a las Jornadas T\u00e9cnicas Fotovoltaicas en Andaluc\u00eda<\/title>\n<meta name=\"description\" content=\"Villa Flores Mart\u00edn (VFM) estuvo presente, el pasado mi\u00e9rcoles 7 de marzo, en la jornada t\u00e9cnica organizada por... Energ\u00eda solar fotovoltaica\" \/>\n<meta name=\"robots\" content=\"index, follow, max-snippet:-1, max-image-preview:large, max-video-preview:-1\" \/>\n<link rel=\"canonical\" href=\"https:\/\/www.villafloresmartin.com\/es\/energia-solar-fotovoltaica-jornadas-tecnicas\/\" \/>\n<meta property=\"og:locale\" content=\"es_ES\" \/>\n<meta property=\"og:type\" content=\"article\" \/>\n<meta property=\"og:title\" content=\"VFM asiste a las Jornadas T\u00e9cnicas Fotovoltaicas en Andaluc\u00eda\" \/>\n<meta property=\"og:description\" content=\"Villa Flores Mart\u00edn (VFM) estuvo presente, el pasado mi\u00e9rcoles 7 de marzo, en la jornada t\u00e9cnica organizada por... Energ\u00eda solar fotovoltaica\" \/>\n<meta property=\"og:url\" content=\"https:\/\/www.villafloresmartin.com\/es\/energia-solar-fotovoltaica-jornadas-tecnicas\/\" \/>\n<meta property=\"og:site_name\" content=\"Villa Flores Mart\u00edn\" \/>\n<meta property=\"article:published_time\" content=\"2018-04-06T08:27:26+00:00\" \/>\n<meta property=\"article:modified_time\" content=\"2022-03-25T11:51:58+00:00\" \/>\n<meta property=\"og:image\" content=\"https:\/\/www.villafloresmartin.com\/es\/wp-content\/uploads\/2018\/04\/energ\u00eda-solar-fotovoltaica-e1523002823159.jpg\" \/>\n\t<meta property=\"og:image:width\" content=\"600\" \/>\n\t<meta property=\"og:image:height\" content=\"338\" \/>\n\t<meta property=\"og:image:type\" content=\"image\/jpeg\" \/>\n<meta name=\"author\" content=\"admin\" \/>\n<meta name=\"twitter:label1\" content=\"Escrito por\" \/>\n\t<meta name=\"twitter:data1\" content=\"admin\" \/>\n\t<meta name=\"twitter:label2\" content=\"Tiempo de lectura\" \/>\n\t<meta name=\"twitter:data2\" content=\"2 minutos\" \/>\n<script type=\"application\/ld+json\" class=\"yoast-schema-graph\">{\"@context\":\"https:\/\/schema.org\",\"@graph\":[{\"@type\":\"Article\",\"@id\":\"https:\/\/www.villafloresmartin.com\/es\/energia-solar-fotovoltaica-jornadas-tecnicas\/#article\",\"isPartOf\":{\"@id\":\"https:\/\/www.villafloresmartin.com\/es\/energia-solar-fotovoltaica-jornadas-tecnicas\/\"},\"author\":{\"name\":\"admin\",\"@id\":\"https:\/\/www.villafloresmartin.com\/es\/#\/schema\/person\/c2292207708e96921697bf002f8828be\"},\"headline\":\"VFM asiste a las Jornadas T\u00e9cnicas Fotovoltaicas de Bet Solar y Grupo Electrostock en Andaluc\u00eda\",\"datePublished\":\"2018-04-06T08:27:26+00:00\",\"dateModified\":\"2022-03-25T11:51:58+00:00\",\"mainEntityOfPage\":{\"@id\":\"https:\/\/www.villafloresmartin.com\/es\/energia-solar-fotovoltaica-jornadas-tecnicas\/\"},\"wordCount\":426,\"image\":{\"@id\":\"https:\/\/www.villafloresmartin.com\/es\/energia-solar-fotovoltaica-jornadas-tecnicas\/#primaryimage\"},\"thumbnailUrl\":\"https:\/\/www.villafloresmartin.com\/es\/wp-content\/uploads\/2018\/04\/energ\u00eda-solar-fotovoltaica-e1523002823159.jpg\",\"articleSection\":[\"Noticias\"],\"inLanguage\":\"es\"},{\"@type\":\"WebPage\",\"@id\":\"https:\/\/www.villafloresmartin.com\/es\/energia-solar-fotovoltaica-jornadas-tecnicas\/\",\"url\":\"https:\/\/www.villafloresmartin.com\/es\/energia-solar-fotovoltaica-jornadas-tecnicas\/\",\"name\":\"VFM asiste a las Jornadas T\u00e9cnicas Fotovoltaicas en Andaluc\u00eda\",\"isPartOf\":{\"@id\":\"https:\/\/www.villafloresmartin.com\/es\/#website\"},\"primaryImageOfPage\":{\"@id\":\"https:\/\/www.villafloresmartin.com\/es\/energia-solar-fotovoltaica-jornadas-tecnicas\/#primaryimage\"},\"image\":{\"@id\":\"https:\/\/www.villafloresmartin.com\/es\/energia-solar-fotovoltaica-jornadas-tecnicas\/#primaryimage\"},\"thumbnailUrl\":\"https:\/\/www.villafloresmartin.com\/es\/wp-content\/uploads\/2018\/04\/energ\u00eda-solar-fotovoltaica-e1523002823159.jpg\",\"datePublished\":\"2018-04-06T08:27:26+00:00\",\"dateModified\":\"2022-03-25T11:51:58+00:00\",\"author\":{\"@id\":\"https:\/\/www.villafloresmartin.com\/es\/#\/schema\/person\/c2292207708e96921697bf002f8828be\"},\"description\":\"Villa Flores Mart\u00edn (VFM) estuvo presente, el pasado mi\u00e9rcoles 7 de marzo, en la jornada t\u00e9cnica organizada por... Energ\u00eda solar fotovoltaica\",\"breadcrumb\":{\"@id\":\"https:\/\/www.villafloresmartin.com\/es\/energia-solar-fotovoltaica-jornadas-tecnicas\/#breadcrumb\"},\"inLanguage\":\"es\",\"potentialAction\":[{\"@type\":\"ReadAction\",\"target\":[\"https:\/\/www.villafloresmartin.com\/es\/energia-solar-fotovoltaica-jornadas-tecnicas\/\"]}]},{\"@type\":\"ImageObject\",\"inLanguage\":\"es\",\"@id\":\"https:\/\/www.villafloresmartin.com\/es\/energia-solar-fotovoltaica-jornadas-tecnicas\/#primaryimage\",\"url\":\"https:\/\/www.villafloresmartin.com\/es\/wp-content\/uploads\/2018\/04\/energ\u00eda-solar-fotovoltaica-e1523002823159.jpg\",\"contentUrl\":\"https:\/\/www.villafloresmartin.com\/es\/wp-content\/uploads\/2018\/04\/energ\u00eda-solar-fotovoltaica-e1523002823159.jpg\",\"width\":600,\"height\":338},{\"@type\":\"BreadcrumbList\",\"@id\":\"https:\/\/www.villafloresmartin.com\/es\/energia-solar-fotovoltaica-jornadas-tecnicas\/#breadcrumb\",\"itemListElement\":[{\"@type\":\"ListItem\",\"position\":1,\"name\":\"Portada\",\"item\":\"https:\/\/www.villafloresmartin.com\/es\/\"},{\"@type\":\"ListItem\",\"position\":2,\"name\":\"VFM asiste a las Jornadas T\u00e9cnicas Fotovoltaicas de Bet Solar y Grupo Electrostock en Andaluc\u00eda\"}]},{\"@type\":\"WebSite\",\"@id\":\"https:\/\/www.villafloresmartin.com\/es\/#website\",\"url\":\"https:\/\/www.villafloresmartin.com\/es\/\",\"name\":\"Villa Flores Mart\u00edn\",\"description\":\"\",\"potentialAction\":[{\"@type\":\"SearchAction\",\"target\":{\"@type\":\"EntryPoint\",\"urlTemplate\":\"https:\/\/www.villafloresmartin.com\/es\/?s={search_term_string}\"},\"query-input\":{\"@type\":\"PropertyValueSpecification\",\"valueRequired\":true,\"valueName\":\"search_term_string\"}}],\"inLanguage\":\"es\"},{\"@type\":\"Person\",\"@id\":\"https:\/\/www.villafloresmartin.com\/es\/#\/schema\/person\/c2292207708e96921697bf002f8828be\",\"name\":\"admin\",\"image\":{\"@type\":\"ImageObject\",\"inLanguage\":\"es\",\"@id\":\"https:\/\/www.villafloresmartin.com\/es\/#\/schema\/person\/image\/\",\"url\":\"https:\/\/secure.gravatar.com\/avatar\/7982f03a93f66ccccbac0ad0746074089942e7448863241b5ddf94dec2148152?s=96&d=mm&r=g\",\"contentUrl\":\"https:\/\/secure.gravatar.com\/avatar\/7982f03a93f66ccccbac0ad0746074089942e7448863241b5ddf94dec2148152?s=96&d=mm&r=g\",\"caption\":\"admin\"}}]}<\/script>\n<!-- \/ Yoast SEO plugin. -->","yoast_head_json":{"title":"VFM asiste a las Jornadas T\u00e9cnicas Fotovoltaicas en Andaluc\u00eda","description":"Villa Flores Mart\u00edn (VFM) estuvo presente, el pasado mi\u00e9rcoles 7 de marzo, en la jornada t\u00e9cnica organizada por... Energ\u00eda solar fotovoltaica","robots":{"index":"index","follow":"follow","max-snippet":"max-snippet:-1","max-image-preview":"max-image-preview:large","max-video-preview":"max-video-preview:-1"},"canonical":"https:\/\/www.villafloresmartin.com\/es\/energia-solar-fotovoltaica-jornadas-tecnicas\/","og_locale":"es_ES","og_type":"article","og_title":"VFM asiste a las Jornadas T\u00e9cnicas Fotovoltaicas en Andaluc\u00eda","og_description":"Villa Flores Mart\u00edn (VFM) estuvo presente, el pasado mi\u00e9rcoles 7 de marzo, en la jornada t\u00e9cnica organizada por... Energ\u00eda solar fotovoltaica","og_url":"https:\/\/www.villafloresmartin.com\/es\/energia-solar-fotovoltaica-jornadas-tecnicas\/","og_site_name":"Villa Flores Mart\u00edn","article_published_time":"2018-04-06T08:27:26+00:00","article_modified_time":"2022-03-25T11:51:58+00:00","og_image":[{"width":600,"height":338,"url":"https:\/\/www.villafloresmartin.com\/es\/wp-content\/uploads\/2018\/04\/energ\u00eda-solar-fotovoltaica-e1523002823159.jpg","type":"image\/jpeg"}],"author":"admin","twitter_misc":{"Escrito por":"admin","Tiempo de lectura":"2 minutos"},"schema":{"@context":"https:\/\/schema.org","@graph":[{"@type":"Article","@id":"https:\/\/www.villafloresmartin.com\/es\/energia-solar-fotovoltaica-jornadas-tecnicas\/#article","isPartOf":{"@id":"https:\/\/www.villafloresmartin.com\/es\/energia-solar-fotovoltaica-jornadas-tecnicas\/"},"author":{"name":"admin","@id":"https:\/\/www.villafloresmartin.com\/es\/#\/schema\/person\/c2292207708e96921697bf002f8828be"},"headline":"VFM asiste a las Jornadas T\u00e9cnicas Fotovoltaicas de Bet Solar y Grupo Electrostock en Andaluc\u00eda","datePublished":"2018-04-06T08:27:26+00:00","dateModified":"2022-03-25T11:51:58+00:00","mainEntityOfPage":{"@id":"https:\/\/www.villafloresmartin.com\/es\/energia-solar-fotovoltaica-jornadas-tecnicas\/"},"wordCount":426,"image":{"@id":"https:\/\/www.villafloresmartin.com\/es\/energia-solar-fotovoltaica-jornadas-tecnicas\/#primaryimage"},"thumbnailUrl":"https:\/\/www.villafloresmartin.com\/es\/wp-content\/uploads\/2018\/04\/energ\u00eda-solar-fotovoltaica-e1523002823159.jpg","articleSection":["Noticias"],"inLanguage":"es"},{"@type":"WebPage","@id":"https:\/\/www.villafloresmartin.com\/es\/energia-solar-fotovoltaica-jornadas-tecnicas\/","url":"https:\/\/www.villafloresmartin.com\/es\/energia-solar-fotovoltaica-jornadas-tecnicas\/","name":"VFM asiste a las Jornadas T\u00e9cnicas Fotovoltaicas en Andaluc\u00eda","isPartOf":{"@id":"https:\/\/www.villafloresmartin.com\/es\/#website"},"primaryImageOfPage":{"@id":"https:\/\/www.villafloresmartin.com\/es\/energia-solar-fotovoltaica-jornadas-tecnicas\/#primaryimage"},"image":{"@id":"https:\/\/www.villafloresmartin.com\/es\/energia-solar-fotovoltaica-jornadas-tecnicas\/#primaryimage"},"thumbnailUrl":"https:\/\/www.villafloresmartin.com\/es\/wp-content\/uploads\/2018\/04\/energ\u00eda-solar-fotovoltaica-e1523002823159.jpg","datePublished":"2018-04-06T08:27:26+00:00","dateModified":"2022-03-25T11:51:58+00:00","author":{"@id":"https:\/\/www.villafloresmartin.com\/es\/#\/schema\/person\/c2292207708e96921697bf002f8828be"},"description":"Villa Flores Mart\u00edn (VFM) estuvo presente, el pasado mi\u00e9rcoles 7 de marzo, en la jornada t\u00e9cnica organizada por... Energ\u00eda solar fotovoltaica","breadcrumb":{"@id":"https:\/\/www.villafloresmartin.com\/es\/energia-solar-fotovoltaica-jornadas-tecnicas\/#breadcrumb"},"inLanguage":"es","potentialAction":[{"@type":"ReadAction","target":["https:\/\/www.villafloresmartin.com\/es\/energia-solar-fotovoltaica-jornadas-tecnicas\/"]}]},{"@type":"ImageObject","inLanguage":"es","@id":"https:\/\/www.villafloresmartin.com\/es\/energia-solar-fotovoltaica-jornadas-tecnicas\/#primaryimage","url":"https:\/\/www.villafloresmartin.com\/es\/wp-content\/uploads\/2018\/04\/energ\u00eda-solar-fotovoltaica-e1523002823159.jpg","contentUrl":"https:\/\/www.villafloresmartin.com\/es\/wp-content\/uploads\/2018\/04\/energ\u00eda-solar-fotovoltaica-e1523002823159.jpg","width":600,"height":338},{"@type":"BreadcrumbList","@id":"https:\/\/www.villafloresmartin.com\/es\/energia-solar-fotovoltaica-jornadas-tecnicas\/#breadcrumb","itemListElement":[{"@type":"ListItem","position":1,"name":"Portada","item":"https:\/\/www.villafloresmartin.com\/es\/"},{"@type":"ListItem","position":2,"name":"VFM asiste a las Jornadas T\u00e9cnicas Fotovoltaicas de Bet Solar y Grupo Electrostock en Andaluc\u00eda"}]},{"@type":"WebSite","@id":"https:\/\/www.villafloresmartin.com\/es\/#website","url":"https:\/\/www.villafloresmartin.com\/es\/","name":"Villa Flores Mart\u00edn","description":"","potentialAction":[{"@type":"SearchAction","target":{"@type":"EntryPoint","urlTemplate":"https:\/\/www.villafloresmartin.com\/es\/?s={search_term_string}"},"query-input":{"@type":"PropertyValueSpecification","valueRequired":true,"valueName":"search_term_string"}}],"inLanguage":"es"},{"@type":"Person","@id":"https:\/\/www.villafloresmartin.com\/es\/#\/schema\/person\/c2292207708e96921697bf002f8828be","name":"admin","image":{"@type":"ImageObject","inLanguage":"es","@id":"https:\/\/www.villafloresmartin.com\/es\/#\/schema\/person\/image\/","url":"https:\/\/secure.gravatar.com\/avatar\/7982f03a93f66ccccbac0ad0746074089942e7448863241b5ddf94dec2148152?s=96&d=mm&r=g","contentUrl":"https:\/\/secure.gravatar.com\/avatar\/7982f03a93f66ccccbac0ad0746074089942e7448863241b5ddf94dec2148152?s=96&d=mm&r=g","caption":"admin"}}]}},"_links":{"self":[{"href":"https:\/\/www.villafloresmartin.com\/es\/wp-json\/wp\/v2\/posts\/1301","targetHints":{"allow":["GET"]}}],"collection":[{"href":"https:\/\/www.villafloresmartin.com\/es\/wp-json\/wp\/v2\/posts"}],"about":[{"href":"https:\/\/www.villafloresmartin.com\/es\/wp-json\/wp\/v2\/types\/post"}],"author":[{"embeddable":true,"href":"https:\/\/www.villafloresmartin.com\/es\/wp-json\/wp\/v2\/users\/2"}],"replies":[{"embeddable":true,"href":"https:\/\/www.villafloresmartin.com\/es\/wp-json\/wp\/v2\/comments?post=1301"}],"version-history":[{"count":0,"href":"https:\/\/www.villafloresmartin.com\/es\/wp-json\/wp\/v2\/posts\/1301\/revisions"}],"wp:featuredmedia":[{"embeddable":true,"href":"https:\/\/www.villafloresmartin.com\/es\/wp-json\/wp\/v2\/media\/1302"}],"wp:attachment":[{"href":"https:\/\/www.villafloresmartin.com\/es\/wp-json\/wp\/v2\/media?parent=1301"}],"wp:term":[{"taxonomy":"category","embeddable":true,"href":"https:\/\/www.villafloresmartin.com\/es\/wp-json\/wp\/v2\/categories?post=1301"},{"taxonomy":"post_tag","embeddable":true,"href":"https:\/\/www.villafloresmartin.com\/es\/wp-json\/wp\/v2\/tags?post=1301"}],"curies":[{"name":"wp","href":"https:\/\/api.w.org\/{rel}","templated":true}]}}