{"id":1053,"date":"2017-08-03T10:33:21","date_gmt":"2017-08-03T08:33:21","guid":{"rendered":"https:\/\/www.villafloresmartin.com\/es\/?p=1053"},"modified":"2022-03-25T12:51:59","modified_gmt":"2022-03-25T11:51:59","slug":"energias-renovables-en-espana","status":"publish","type":"post","link":"https:\/\/www.villafloresmartin.com\/es\/energias-renovables-en-espana\/","title":{"rendered":"\u00bfEn qu\u00e9 estado se encuentran las energ\u00edas renovables en Espa\u00f1a?"},"content":{"rendered":"<p><img  title=\"\u00bfEn qu\u00e9 estado se encuentran las energ\u00edas renovables en Espa\u00f1a? - Villa Flores Mart\u00edn\" loading=\"lazy\" decoding=\"async\" class=\"aligncenter wp-image-1054 size-full\" src=\"https:\/\/www.villafloresmartin.com\/es\/wp-content\/uploads\/2017\/08\/Energ\u00edas-renovables-en-Espa\u00f1a-e1502267525584.png\"  alt=\"\u00bfEn qu\u00e9 estado se encuentran las energ\u00edas renovables en Espa\u00f1a? - Villa Flores Mart\u00edn\"  width=\"600\" height=\"400\" srcset=\"https:\/\/www.villafloresmartin.com\/es\/wp-content\/uploads\/2017\/08\/Energ\u00edas-renovables-en-Espa\u00f1a-e1502267525584.png 600w, https:\/\/www.villafloresmartin.com\/es\/wp-content\/uploads\/2017\/08\/Energ\u00edas-renovables-en-Espa\u00f1a-e1502267525584-300x200.png 300w, https:\/\/www.villafloresmartin.com\/es\/wp-content\/uploads\/2017\/08\/Energ\u00edas-renovables-en-Espa\u00f1a-e1502267525584-90x60.png 90w\" sizes=\"auto, (max-width: 600px) 100vw, 600px\" \/><span style=\"font-size: 1rem;\"><br \/>\n<strong>Las energ\u00edas renovables en Espa\u00f1a han sido un sector de referencia para el resto del mundo.<\/strong> Sin embargo, se pas\u00f3 de disfrutar de una posici\u00f3n privilegiada a un estancamiento que ha llevado a la situaci\u00f3n actual. En estos momentos se est\u00e1n haciendo esfuerzos para remontar un segmento econ\u00f3mico por el que la marca Espa\u00f1a era reconocida internacionalmente.<\/span><!--more--><\/p>\n<p>La implantaci\u00f3n de un nuevo modelo energ\u00e9tico limpio y sostenible se antoja m\u00e1s que necesario. Desde el punto de vita econ\u00f3mico es viable y, adem\u00e1s, es necesario para mejorar la sociedad y el medio ambiente que nos rodea. Y es que la lucha contra el cambio clim\u00e1tico pasa por una producci\u00f3n sostenible m\u00e1s r\u00e1pida y eficaz.<\/p>\n<p>Asimismo, la <strong>Uni\u00f3n Europea ha marcado una serie de objetivos<\/strong> entre los que se encuentra alcanzar la producci\u00f3n del 27 por ciento de la energ\u00eda con renovables, disminuyendo as\u00ed en un 40 por ciento las emisiones de CO2 en 2030, en comparaci\u00f3n con los niveles de 1990.<\/p>\n<p>Con la necesidad de cumplir las exigencias comunitarias, el Gobierno se ha tenido que poner manos a la obra, ya que el desarrollo de las renovables depende en gran medida de la voluntad pol\u00edtica. De ah\u00ed las subidas y bajadas experimentadas por el sector en los \u00faltimos a\u00f1os. En esta l\u00ednea, uno de los principales obst\u00e1culos para la apuesta por la energ\u00eda renovable es la falta de seguridad jur\u00eddica y que est\u00e1 frenando la transici\u00f3n hacia un modelo m\u00e1s fiable y puntero.<\/p>\n<h2>Posici\u00f3n de las energ\u00edas renovables en Espa\u00f1a frente al resto del mundo<\/h2>\n<p>Espa\u00f1a comenz\u00f3 fuerte en el mundo de las renovables, no obstante la situaci\u00f3n cambi\u00f3 radicalmente tras el par\u00f3n de 2012.<\/p>\n<p>En los \u00faltimos a\u00f1os, seg\u00fan recoge El Pa\u00eds en uno de sus art\u00edculos, \u201c las principales potencias han abrazado las tecnolog\u00edas renovables para generar electricidad empujadas por la ca\u00edda de sus costes. Entre 2013 y 2015, la potencia e\u00f3lica instalada creci\u00f3 m\u00e1s de un 20% en Europa, un 36% en Asia y un 24% en Norteam\u00e9rica. Espa\u00f1a, mientras, miraba para otro lado; en ese mismo periodo aqu\u00ed creci\u00f3 un 0,07%, el equivalente a instalar solo siete aerogeneradores en dos a\u00f1os. Entre 2013 y 2015, la potencia solar fotovoltaica aument\u00f3 m\u00e1s de un 15% en Europa, un 58% en Asia y un 52% en Norteam\u00e9rica. Espa\u00f1a, el pa\u00eds del sol, miraba para otro lado: en ese mismo periodo la solar enganchada a la red el\u00e9ctrica creci\u00f3 aqu\u00ed solo un 0,3%\u201d.<\/p>\n<p>En <a href=\"https:\/\/www.villafloresmartin.com\/es\/\" target=\"_blank\" rel=\"noopener\"><strong>Villa Flores Mart\u00edn<\/strong> <\/a>contamos con el personal adecuado para desarrollar cualquier proyecto vinculado al campo energ\u00e9tico dentro de las energ\u00edas renovables en Espa\u00f1a.<a href=\"https:\/\/www.villafloresmartin.com\/es\/contacto\/\" target=\"_blank\" rel=\"noopener\"><strong> Cons\u00faltanos sin compromiso.<\/strong><\/a><\/p>\n<p>&nbsp;<\/p>\n<p style=\"text-align: right;\">Fuente: <a href=\"http:\/\/www.lavanguardia.com\/natural\/20170602\/423146514947\/energias-renovables-jornadas-ambientales-bodegas-torres-ub.html\" target=\"_blank\" rel=\"noopener\">La Vanguardia<\/a> y <a href=\"https:\/\/economia.elpais.com\/economia\/2017\/03\/24\/actualidad\/1490375147_422288.html\" target=\"_blank\" rel=\"noopener\">El pa\u00eds<\/a><\/p>\n<p style=\"text-align: right;\">Imagen: <a href=\"https:\/\/pixabay.com\/es\/puesta-del-sol-molinillo-2301952\/\" target=\"_blank\" rel=\"noopener\">Pixabay<\/a><\/p>\n<p>&nbsp;<\/p>\n","protected":false},"excerpt":{"rendered":"<p>Las energ\u00edas renovables en Espa\u00f1a han sido un sector de referencia para el resto del mundo. Sin embargo, se pas\u00f3 de disfrutar de una posici\u00f3n privilegiada a un estancamiento que ha llevado a la situaci\u00f3n actual. En estos momentos se est\u00e1n haciendo esfuerzos para remontar un segmento econ\u00f3mico por el que la marca Espa\u00f1a era [&#8230;]<\/p>\n<p><a class=\"btn btn-secondary understrap-read-more-link\" href=\"https:\/\/www.villafloresmartin.com\/es\/energias-renovables-en-espana\/\">Leer m\u00e1s&#8230;<\/a><\/p>\n","protected":false},"author":2,"featured_media":1054,"comment_status":"closed","ping_status":"closed","sticky":false,"template":"","format":"standard","meta":{"footnotes":""},"categories":[6],"tags":[],"class_list":["post-1053","post","type-post","status-publish","format-standard","has-post-thumbnail","hentry","category-corporativo"],"yoast_head":"<!-- This site is optimized with the Yoast SEO plugin v26.9 - https:\/\/yoast.com\/product\/yoast-seo-wordpress\/ -->\n<title>\u00bfEn qu\u00e9 estado se encuentran las energ\u00edas renovables en Espa\u00f1a?<\/title>\n<meta name=\"description\" content=\"Las energ\u00edas renovables en Espa\u00f1a han sido un sector de referencia para el resto del mundo. Sin embargo, se pas\u00f3 de... Energ\u00edas renovables en Espa\u00f1a\" \/>\n<meta name=\"robots\" content=\"index, follow, max-snippet:-1, max-image-preview:large, max-video-preview:-1\" \/>\n<link rel=\"canonical\" href=\"https:\/\/www.villafloresmartin.com\/es\/energias-renovables-en-espana\/\" \/>\n<meta property=\"og:locale\" content=\"es_ES\" \/>\n<meta property=\"og:type\" content=\"article\" \/>\n<meta property=\"og:title\" content=\"\u00bfEn qu\u00e9 estado se encuentran las energ\u00edas renovables en Espa\u00f1a?\" \/>\n<meta property=\"og:description\" content=\"Las energ\u00edas renovables en Espa\u00f1a han sido un sector de referencia para el resto del mundo. Sin embargo, se pas\u00f3 de... Energ\u00edas renovables en Espa\u00f1a\" \/>\n<meta property=\"og:url\" content=\"https:\/\/www.villafloresmartin.com\/es\/energias-renovables-en-espana\/\" \/>\n<meta property=\"og:site_name\" content=\"Villa Flores Mart\u00edn\" \/>\n<meta property=\"article:published_time\" content=\"2017-08-03T08:33:21+00:00\" \/>\n<meta property=\"article:modified_time\" content=\"2022-03-25T11:51:59+00:00\" \/>\n<meta property=\"og:image\" content=\"https:\/\/www.villafloresmartin.com\/es\/wp-content\/uploads\/2017\/08\/Energ\u00edas-renovables-en-Espa\u00f1a-e1502267525584.png\" \/>\n\t<meta property=\"og:image:width\" content=\"600\" \/>\n\t<meta property=\"og:image:height\" content=\"400\" \/>\n\t<meta property=\"og:image:type\" content=\"image\/png\" \/>\n<meta name=\"author\" content=\"admin\" \/>\n<meta name=\"twitter:label1\" content=\"Escrito por\" \/>\n\t<meta name=\"twitter:data1\" content=\"admin\" \/>\n\t<meta name=\"twitter:label2\" content=\"Tiempo de lectura\" \/>\n\t<meta name=\"twitter:data2\" content=\"2 minutos\" \/>\n<script type=\"application\/ld+json\" class=\"yoast-schema-graph\">{\"@context\":\"https:\/\/schema.org\",\"@graph\":[{\"@type\":\"Article\",\"@id\":\"https:\/\/www.villafloresmartin.com\/es\/energias-renovables-en-espana\/#article\",\"isPartOf\":{\"@id\":\"https:\/\/www.villafloresmartin.com\/es\/energias-renovables-en-espana\/\"},\"author\":{\"name\":\"admin\",\"@id\":\"https:\/\/www.villafloresmartin.com\/es\/#\/schema\/person\/c2292207708e96921697bf002f8828be\"},\"headline\":\"\u00bfEn qu\u00e9 estado se encuentran las energ\u00edas renovables en Espa\u00f1a?\",\"datePublished\":\"2017-08-03T08:33:21+00:00\",\"dateModified\":\"2022-03-25T11:51:59+00:00\",\"mainEntityOfPage\":{\"@id\":\"https:\/\/www.villafloresmartin.com\/es\/energias-renovables-en-espana\/\"},\"wordCount\":490,\"image\":{\"@id\":\"https:\/\/www.villafloresmartin.com\/es\/energias-renovables-en-espana\/#primaryimage\"},\"thumbnailUrl\":\"https:\/\/www.villafloresmartin.com\/es\/wp-content\/uploads\/2017\/08\/Energ\u00edas-renovables-en-Espa\u00f1a-e1502267525584.png\",\"articleSection\":[\"Corporativo\"],\"inLanguage\":\"es\"},{\"@type\":\"WebPage\",\"@id\":\"https:\/\/www.villafloresmartin.com\/es\/energias-renovables-en-espana\/\",\"url\":\"https:\/\/www.villafloresmartin.com\/es\/energias-renovables-en-espana\/\",\"name\":\"\u00bfEn qu\u00e9 estado se encuentran las energ\u00edas renovables en Espa\u00f1a?\",\"isPartOf\":{\"@id\":\"https:\/\/www.villafloresmartin.com\/es\/#website\"},\"primaryImageOfPage\":{\"@id\":\"https:\/\/www.villafloresmartin.com\/es\/energias-renovables-en-espana\/#primaryimage\"},\"image\":{\"@id\":\"https:\/\/www.villafloresmartin.com\/es\/energias-renovables-en-espana\/#primaryimage\"},\"thumbnailUrl\":\"https:\/\/www.villafloresmartin.com\/es\/wp-content\/uploads\/2017\/08\/Energ\u00edas-renovables-en-Espa\u00f1a-e1502267525584.png\",\"datePublished\":\"2017-08-03T08:33:21+00:00\",\"dateModified\":\"2022-03-25T11:51:59+00:00\",\"author\":{\"@id\":\"https:\/\/www.villafloresmartin.com\/es\/#\/schema\/person\/c2292207708e96921697bf002f8828be\"},\"description\":\"Las energ\u00edas renovables en Espa\u00f1a han sido un sector de referencia para el resto del mundo. Sin embargo, se pas\u00f3 de... Energ\u00edas renovables en Espa\u00f1a\",\"breadcrumb\":{\"@id\":\"https:\/\/www.villafloresmartin.com\/es\/energias-renovables-en-espana\/#breadcrumb\"},\"inLanguage\":\"es\",\"potentialAction\":[{\"@type\":\"ReadAction\",\"target\":[\"https:\/\/www.villafloresmartin.com\/es\/energias-renovables-en-espana\/\"]}]},{\"@type\":\"ImageObject\",\"inLanguage\":\"es\",\"@id\":\"https:\/\/www.villafloresmartin.com\/es\/energias-renovables-en-espana\/#primaryimage\",\"url\":\"https:\/\/www.villafloresmartin.com\/es\/wp-content\/uploads\/2017\/08\/Energ\u00edas-renovables-en-Espa\u00f1a-e1502267525584.png\",\"contentUrl\":\"https:\/\/www.villafloresmartin.com\/es\/wp-content\/uploads\/2017\/08\/Energ\u00edas-renovables-en-Espa\u00f1a-e1502267525584.png\",\"width\":600,\"height\":400},{\"@type\":\"BreadcrumbList\",\"@id\":\"https:\/\/www.villafloresmartin.com\/es\/energias-renovables-en-espana\/#breadcrumb\",\"itemListElement\":[{\"@type\":\"ListItem\",\"position\":1,\"name\":\"Portada\",\"item\":\"https:\/\/www.villafloresmartin.com\/es\/\"},{\"@type\":\"ListItem\",\"position\":2,\"name\":\"\u00bfEn qu\u00e9 estado se encuentran las energ\u00edas renovables en Espa\u00f1a?\"}]},{\"@type\":\"WebSite\",\"@id\":\"https:\/\/www.villafloresmartin.com\/es\/#website\",\"url\":\"https:\/\/www.villafloresmartin.com\/es\/\",\"name\":\"Villa Flores Mart\u00edn\",\"description\":\"\",\"potentialAction\":[{\"@type\":\"SearchAction\",\"target\":{\"@type\":\"EntryPoint\",\"urlTemplate\":\"https:\/\/www.villafloresmartin.com\/es\/?s={search_term_string}\"},\"query-input\":{\"@type\":\"PropertyValueSpecification\",\"valueRequired\":true,\"valueName\":\"search_term_string\"}}],\"inLanguage\":\"es\"},{\"@type\":\"Person\",\"@id\":\"https:\/\/www.villafloresmartin.com\/es\/#\/schema\/person\/c2292207708e96921697bf002f8828be\",\"name\":\"admin\",\"image\":{\"@type\":\"ImageObject\",\"inLanguage\":\"es\",\"@id\":\"https:\/\/www.villafloresmartin.com\/es\/#\/schema\/person\/image\/\",\"url\":\"https:\/\/secure.gravatar.com\/avatar\/7982f03a93f66ccccbac0ad0746074089942e7448863241b5ddf94dec2148152?s=96&d=mm&r=g\",\"contentUrl\":\"https:\/\/secure.gravatar.com\/avatar\/7982f03a93f66ccccbac0ad0746074089942e7448863241b5ddf94dec2148152?s=96&d=mm&r=g\",\"caption\":\"admin\"}}]}<\/script>\n<!-- \/ Yoast SEO plugin. -->","yoast_head_json":{"title":"\u00bfEn qu\u00e9 estado se encuentran las energ\u00edas renovables en Espa\u00f1a?","description":"Las energ\u00edas renovables en Espa\u00f1a han sido un sector de referencia para el resto del mundo. Sin embargo, se pas\u00f3 de... Energ\u00edas renovables en Espa\u00f1a","robots":{"index":"index","follow":"follow","max-snippet":"max-snippet:-1","max-image-preview":"max-image-preview:large","max-video-preview":"max-video-preview:-1"},"canonical":"https:\/\/www.villafloresmartin.com\/es\/energias-renovables-en-espana\/","og_locale":"es_ES","og_type":"article","og_title":"\u00bfEn qu\u00e9 estado se encuentran las energ\u00edas renovables en Espa\u00f1a?","og_description":"Las energ\u00edas renovables en Espa\u00f1a han sido un sector de referencia para el resto del mundo. Sin embargo, se pas\u00f3 de... Energ\u00edas renovables en Espa\u00f1a","og_url":"https:\/\/www.villafloresmartin.com\/es\/energias-renovables-en-espana\/","og_site_name":"Villa Flores Mart\u00edn","article_published_time":"2017-08-03T08:33:21+00:00","article_modified_time":"2022-03-25T11:51:59+00:00","og_image":[{"width":600,"height":400,"url":"https:\/\/www.villafloresmartin.com\/es\/wp-content\/uploads\/2017\/08\/Energ\u00edas-renovables-en-Espa\u00f1a-e1502267525584.png","type":"image\/png"}],"author":"admin","twitter_misc":{"Escrito por":"admin","Tiempo de lectura":"2 minutos"},"schema":{"@context":"https:\/\/schema.org","@graph":[{"@type":"Article","@id":"https:\/\/www.villafloresmartin.com\/es\/energias-renovables-en-espana\/#article","isPartOf":{"@id":"https:\/\/www.villafloresmartin.com\/es\/energias-renovables-en-espana\/"},"author":{"name":"admin","@id":"https:\/\/www.villafloresmartin.com\/es\/#\/schema\/person\/c2292207708e96921697bf002f8828be"},"headline":"\u00bfEn qu\u00e9 estado se encuentran las energ\u00edas renovables en Espa\u00f1a?","datePublished":"2017-08-03T08:33:21+00:00","dateModified":"2022-03-25T11:51:59+00:00","mainEntityOfPage":{"@id":"https:\/\/www.villafloresmartin.com\/es\/energias-renovables-en-espana\/"},"wordCount":490,"image":{"@id":"https:\/\/www.villafloresmartin.com\/es\/energias-renovables-en-espana\/#primaryimage"},"thumbnailUrl":"https:\/\/www.villafloresmartin.com\/es\/wp-content\/uploads\/2017\/08\/Energ\u00edas-renovables-en-Espa\u00f1a-e1502267525584.png","articleSection":["Corporativo"],"inLanguage":"es"},{"@type":"WebPage","@id":"https:\/\/www.villafloresmartin.com\/es\/energias-renovables-en-espana\/","url":"https:\/\/www.villafloresmartin.com\/es\/energias-renovables-en-espana\/","name":"\u00bfEn qu\u00e9 estado se encuentran las energ\u00edas renovables en Espa\u00f1a?","isPartOf":{"@id":"https:\/\/www.villafloresmartin.com\/es\/#website"},"primaryImageOfPage":{"@id":"https:\/\/www.villafloresmartin.com\/es\/energias-renovables-en-espana\/#primaryimage"},"image":{"@id":"https:\/\/www.villafloresmartin.com\/es\/energias-renovables-en-espana\/#primaryimage"},"thumbnailUrl":"https:\/\/www.villafloresmartin.com\/es\/wp-content\/uploads\/2017\/08\/Energ\u00edas-renovables-en-Espa\u00f1a-e1502267525584.png","datePublished":"2017-08-03T08:33:21+00:00","dateModified":"2022-03-25T11:51:59+00:00","author":{"@id":"https:\/\/www.villafloresmartin.com\/es\/#\/schema\/person\/c2292207708e96921697bf002f8828be"},"description":"Las energ\u00edas renovables en Espa\u00f1a han sido un sector de referencia para el resto del mundo. Sin embargo, se pas\u00f3 de... Energ\u00edas renovables en Espa\u00f1a","breadcrumb":{"@id":"https:\/\/www.villafloresmartin.com\/es\/energias-renovables-en-espana\/#breadcrumb"},"inLanguage":"es","potentialAction":[{"@type":"ReadAction","target":["https:\/\/www.villafloresmartin.com\/es\/energias-renovables-en-espana\/"]}]},{"@type":"ImageObject","inLanguage":"es","@id":"https:\/\/www.villafloresmartin.com\/es\/energias-renovables-en-espana\/#primaryimage","url":"https:\/\/www.villafloresmartin.com\/es\/wp-content\/uploads\/2017\/08\/Energ\u00edas-renovables-en-Espa\u00f1a-e1502267525584.png","contentUrl":"https:\/\/www.villafloresmartin.com\/es\/wp-content\/uploads\/2017\/08\/Energ\u00edas-renovables-en-Espa\u00f1a-e1502267525584.png","width":600,"height":400},{"@type":"BreadcrumbList","@id":"https:\/\/www.villafloresmartin.com\/es\/energias-renovables-en-espana\/#breadcrumb","itemListElement":[{"@type":"ListItem","position":1,"name":"Portada","item":"https:\/\/www.villafloresmartin.com\/es\/"},{"@type":"ListItem","position":2,"name":"\u00bfEn qu\u00e9 estado se encuentran las energ\u00edas renovables en Espa\u00f1a?"}]},{"@type":"WebSite","@id":"https:\/\/www.villafloresmartin.com\/es\/#website","url":"https:\/\/www.villafloresmartin.com\/es\/","name":"Villa Flores Mart\u00edn","description":"","potentialAction":[{"@type":"SearchAction","target":{"@type":"EntryPoint","urlTemplate":"https:\/\/www.villafloresmartin.com\/es\/?s={search_term_string}"},"query-input":{"@type":"PropertyValueSpecification","valueRequired":true,"valueName":"search_term_string"}}],"inLanguage":"es"},{"@type":"Person","@id":"https:\/\/www.villafloresmartin.com\/es\/#\/schema\/person\/c2292207708e96921697bf002f8828be","name":"admin","image":{"@type":"ImageObject","inLanguage":"es","@id":"https:\/\/www.villafloresmartin.com\/es\/#\/schema\/person\/image\/","url":"https:\/\/secure.gravatar.com\/avatar\/7982f03a93f66ccccbac0ad0746074089942e7448863241b5ddf94dec2148152?s=96&d=mm&r=g","contentUrl":"https:\/\/secure.gravatar.com\/avatar\/7982f03a93f66ccccbac0ad0746074089942e7448863241b5ddf94dec2148152?s=96&d=mm&r=g","caption":"admin"}}]}},"_links":{"self":[{"href":"https:\/\/www.villafloresmartin.com\/es\/wp-json\/wp\/v2\/posts\/1053","targetHints":{"allow":["GET"]}}],"collection":[{"href":"https:\/\/www.villafloresmartin.com\/es\/wp-json\/wp\/v2\/posts"}],"about":[{"href":"https:\/\/www.villafloresmartin.com\/es\/wp-json\/wp\/v2\/types\/post"}],"author":[{"embeddable":true,"href":"https:\/\/www.villafloresmartin.com\/es\/wp-json\/wp\/v2\/users\/2"}],"replies":[{"embeddable":true,"href":"https:\/\/www.villafloresmartin.com\/es\/wp-json\/wp\/v2\/comments?post=1053"}],"version-history":[{"count":0,"href":"https:\/\/www.villafloresmartin.com\/es\/wp-json\/wp\/v2\/posts\/1053\/revisions"}],"wp:featuredmedia":[{"embeddable":true,"href":"https:\/\/www.villafloresmartin.com\/es\/wp-json\/wp\/v2\/media\/1054"}],"wp:attachment":[{"href":"https:\/\/www.villafloresmartin.com\/es\/wp-json\/wp\/v2\/media?parent=1053"}],"wp:term":[{"taxonomy":"category","embeddable":true,"href":"https:\/\/www.villafloresmartin.com\/es\/wp-json\/wp\/v2\/categories?post=1053"},{"taxonomy":"post_tag","embeddable":true,"href":"https:\/\/www.villafloresmartin.com\/es\/wp-json\/wp\/v2\/tags?post=1053"}],"curies":[{"name":"wp","href":"https:\/\/api.w.org\/{rel}","templated":true}]}}