{"id":1019,"date":"2017-06-05T15:37:17","date_gmt":"2017-06-05T13:37:17","guid":{"rendered":"https:\/\/www.villafloresmartin.com\/es\/?p=1019"},"modified":"2022-03-25T12:52:00","modified_gmt":"2022-03-25T11:52:00","slug":"riesgos-y-medidas-en-situaciones-de-emergencia","status":"publish","type":"post","link":"https:\/\/www.villafloresmartin.com\/es\/riesgos-y-medidas-en-situaciones-de-emergencia\/","title":{"rendered":"VFM expone su proyecto premiado en los galardones Asepeyo 2016 en Sevilla"},"content":{"rendered":"<p><img  title=\"VFM expone su proyecto premiado en los galardones Asepeyo 2016 en Sevilla - Villa Flores Mart\u00edn\" loading=\"lazy\" decoding=\"async\" class=\"aligncenter wp-image-1020 size-full\" src=\"https:\/\/www.villafloresmartin.com\/es\/wp-content\/uploads\/2017\/07\/Intercambio-de-informaci\u00f3n-de-riesgos-y-medidas-en-situaciones-de-emergencias-e1499693131863.jpg\"  alt=\"VFM expone su proyecto premiado en los galardones Asepeyo 2016 en Sevilla - Villa Flores Mart\u00edn\"  width=\"600\" height=\"399\" srcset=\"https:\/\/www.villafloresmartin.com\/es\/wp-content\/uploads\/2017\/07\/Intercambio-de-informaci\u00f3n-de-riesgos-y-medidas-en-situaciones-de-emergencias-e1499693131863.jpg 600w, https:\/\/www.villafloresmartin.com\/es\/wp-content\/uploads\/2017\/07\/Intercambio-de-informaci\u00f3n-de-riesgos-y-medidas-en-situaciones-de-emergencias-e1499693131863-300x200.jpg 300w, https:\/\/www.villafloresmartin.com\/es\/wp-content\/uploads\/2017\/07\/Intercambio-de-informaci\u00f3n-de-riesgos-y-medidas-en-situaciones-de-emergencias-e1499693131863-90x60.jpg 90w\" sizes=\"auto, (max-width: 600px) 100vw, 600px\" \/><span style=\"font-size: 1rem;\"><br \/>\nEn entradas anteriores de este blog ya os contamos que<\/span><a style=\"font-size: 1rem; background-color: #ffffff;\" href=\"https:\/\/www.villafloresmartin.com\/es\/premio-nacional-asepeyo-a-la-seguridad-laboral\/\" target=\"_blank\" rel=\"noopener\"><strong> Villa Flores Mart\u00edn (VFM) hab\u00eda sido distinguida en los Premios Asepeyo 2016,<\/strong><\/a><span style=\"font-size: 1rem;\"> a las mejores pr\u00e1cticas preventivas, con un segundo premio por el trabajo presentado de \u201cIntercambio de informaci\u00f3n de riesgos y medidas en situaciones de emergencias\/imprevistos\u201d.<\/span><br \/>\n<!--more--><\/p>\n<p>De esta manera se reconoci\u00f3 la labor que venimos desempe\u00f1ando en materia de prevenci\u00f3n y seguridad laboral. Si bien, el galard\u00f3n fue entregado el pasado mes de enero en un acto celebrado en Bilbao y al que acudi\u00f3 la <a href=\"http:\/\/www.empleo.gob.es\/index.htm\" target=\"_blank\" rel=\"noopener\"><strong>ministra de Empleo y Seguridad Social de Espa\u00f1a, F\u00e1tima Ba\u00f1ez,<\/strong><\/a> as\u00ed como importantes personalidades del sector econ\u00f3mico nacional.<\/p>\n<h2>Ceremonia en Asepeyo La Cartuja<\/h2>\n<p>Tras la ceremonia oficial de entrega de premios, la direcci\u00f3n de <a href=\"https:\/\/www.asepeyo.es\/\" target=\"_blank\" rel=\"noopener\"><strong>Asepeyo<\/strong> <\/a>en Andaluc\u00eda ha llevado a cabo un nuevo acto institucional en su sede de La Cartuja, en Sevilla, para rendir as\u00ed tributo a todas las empresas participantes de la comunidad andaluza. En dicha jornada <a href=\"https:\/\/www.villafloresmartin.com\/es\/\" target=\"_blank\" rel=\"noopener\"><strong>VFM<\/strong> <\/a>fue reconocida por su premio nacional Asepeyo y, adem\u00e1s, se hizo entrega de los diplomas correspondientes a las empresas finalistas de la regi\u00f3n.<\/p>\n<p>Por su parte, Sonia Huertas Domenech, responsable de Prevenci\u00f3n de Riesgos Laborales de Villa Flores Mart\u00edn y del <strong>proyecto premiado \u201cIntercambio de informaci\u00f3n de riesgos y medidas en situaciones de emergencias\/imprevistos\u201d<\/strong>, fue la encargada de presentar el proyecto ganador con una exposici\u00f3n muy cuidada y completa a los asistentes.<\/p>\n<p><img  title=\"VFM expone su proyecto premiado en los galardones Asepeyo 2016 en Sevilla - Villa Flores Mart\u00edn\" loading=\"lazy\" decoding=\"async\" class=\"alignright wp-image-1022 size-medium\" src=\"https:\/\/www.villafloresmartin.com\/es\/wp-content\/uploads\/2017\/06\/vfm-2-300x200.jpg\"  alt=\"VFM expone su proyecto premiado en los galardones Asepeyo 2016 en Sevilla - Villa Flores Mart\u00edn\"  width=\"300\" height=\"200\" srcset=\"https:\/\/www.villafloresmartin.com\/es\/wp-content\/uploads\/2017\/06\/vfm-2-300x200.jpg 300w, https:\/\/www.villafloresmartin.com\/es\/wp-content\/uploads\/2017\/06\/vfm-2-768x512.jpg 768w, https:\/\/www.villafloresmartin.com\/es\/wp-content\/uploads\/2017\/06\/vfm-2.jpg 794w\" sizes=\"auto, (max-width: 300px) 100vw, 300px\" \/><\/p>\n<p>La jornada\u00a0finaliz\u00f3 con la entrega del galard\u00f3n a esta empresa por parte de D. Jes\u00fas Gonz\u00e1lez M\u00e1rquez, director general de Relaciones Laborales y Seguridad y\u00a0Salud Laboral de la <strong><a href=\"http:\/\/www.juntadeandalucia.es\/organismos\/empleoempresaycomercio.html\" target=\"_blank\" rel=\"noopener\">Consejer\u00eda de Empleo, Empresa y Comercio de la Junta de Andaluc\u00eda.<\/a>\u00a0<\/strong>Gonz\u00e1lez mostr\u00f3 su gratitud a Asepeyo, como entidad organizadora, as\u00ed como a todas las empresas participantes por la gran labor realizada a favor de la seguridad y la salud en el entorno laboral.<\/p>\n<p>&nbsp;<\/p>\n","protected":false},"excerpt":{"rendered":"<p>En entradas anteriores de este blog ya os contamos que Villa Flores Mart\u00edn (VFM) hab\u00eda sido distinguida en los Premios Asepeyo 2016, a las mejores pr\u00e1cticas preventivas, con un segundo premio por el trabajo presentado de \u201cIntercambio de informaci\u00f3n de riesgos y medidas en situaciones de emergencias\/imprevistos\u201d. [&#8230;]<\/p>\n<p><a class=\"btn btn-secondary understrap-read-more-link\" href=\"https:\/\/www.villafloresmartin.com\/es\/riesgos-y-medidas-en-situaciones-de-emergencia\/\">Leer m\u00e1s&#8230;<\/a><\/p>\n","protected":false},"author":2,"featured_media":1020,"comment_status":"closed","ping_status":"closed","sticky":false,"template":"","format":"standard","meta":{"footnotes":""},"categories":[6],"tags":[],"class_list":["post-1019","post","type-post","status-publish","format-standard","has-post-thumbnail","hentry","category-corporativo"],"yoast_head":"<!-- This site is optimized with the Yoast SEO plugin v26.9 - https:\/\/yoast.com\/product\/yoast-seo-wordpress\/ -->\n<title>VFM expone su proyecto premiado en los galardones Asepeyo 2016<\/title>\n<meta name=\"description\" content=\"En entradas anteriores de este blog ya os contamos que Villa Flores Mart\u00edn (VFM) hab\u00eda sido... riesgos y medidas en situaciones de emergencias\/imprevistos\" \/>\n<meta name=\"robots\" content=\"index, follow, max-snippet:-1, max-image-preview:large, max-video-preview:-1\" \/>\n<link rel=\"canonical\" href=\"https:\/\/www.villafloresmartin.com\/es\/riesgos-y-medidas-en-situaciones-de-emergencia\/\" \/>\n<meta property=\"og:locale\" content=\"es_ES\" \/>\n<meta property=\"og:type\" content=\"article\" \/>\n<meta property=\"og:title\" content=\"VFM expone su proyecto premiado en los galardones Asepeyo 2016\" \/>\n<meta property=\"og:description\" content=\"En entradas anteriores de este blog ya os contamos que Villa Flores Mart\u00edn (VFM) hab\u00eda sido... riesgos y medidas en situaciones de emergencias\/imprevistos\" \/>\n<meta property=\"og:url\" content=\"https:\/\/www.villafloresmartin.com\/es\/riesgos-y-medidas-en-situaciones-de-emergencia\/\" \/>\n<meta property=\"og:site_name\" content=\"Villa Flores Mart\u00edn\" \/>\n<meta property=\"article:published_time\" content=\"2017-06-05T13:37:17+00:00\" \/>\n<meta property=\"article:modified_time\" content=\"2022-03-25T11:52:00+00:00\" \/>\n<meta property=\"og:image\" content=\"https:\/\/www.villafloresmartin.com\/es\/wp-content\/uploads\/2017\/07\/Intercambio-de-informaci\u00f3n-de-riesgos-y-medidas-en-situaciones-de-emergencias-e1499693131863.jpg\" \/>\n\t<meta property=\"og:image:width\" content=\"600\" \/>\n\t<meta property=\"og:image:height\" content=\"399\" \/>\n\t<meta property=\"og:image:type\" content=\"image\/jpeg\" \/>\n<meta name=\"author\" content=\"admin\" \/>\n<meta name=\"twitter:label1\" content=\"Escrito por\" \/>\n\t<meta name=\"twitter:data1\" content=\"admin\" \/>\n\t<meta name=\"twitter:label2\" content=\"Tiempo de lectura\" \/>\n\t<meta name=\"twitter:data2\" content=\"2 minutos\" \/>\n<script type=\"application\/ld+json\" class=\"yoast-schema-graph\">{\"@context\":\"https:\/\/schema.org\",\"@graph\":[{\"@type\":\"Article\",\"@id\":\"https:\/\/www.villafloresmartin.com\/es\/riesgos-y-medidas-en-situaciones-de-emergencia\/#article\",\"isPartOf\":{\"@id\":\"https:\/\/www.villafloresmartin.com\/es\/riesgos-y-medidas-en-situaciones-de-emergencia\/\"},\"author\":{\"name\":\"admin\",\"@id\":\"https:\/\/www.villafloresmartin.com\/es\/#\/schema\/person\/c2292207708e96921697bf002f8828be\"},\"headline\":\"VFM expone su proyecto premiado en los galardones Asepeyo 2016 en Sevilla\",\"datePublished\":\"2017-06-05T13:37:17+00:00\",\"dateModified\":\"2022-03-25T11:52:00+00:00\",\"mainEntityOfPage\":{\"@id\":\"https:\/\/www.villafloresmartin.com\/es\/riesgos-y-medidas-en-situaciones-de-emergencia\/\"},\"wordCount\":341,\"image\":{\"@id\":\"https:\/\/www.villafloresmartin.com\/es\/riesgos-y-medidas-en-situaciones-de-emergencia\/#primaryimage\"},\"thumbnailUrl\":\"https:\/\/www.villafloresmartin.com\/es\/wp-content\/uploads\/2017\/07\/Intercambio-de-informaci\u00f3n-de-riesgos-y-medidas-en-situaciones-de-emergencias-e1499693131863.jpg\",\"articleSection\":[\"Corporativo\"],\"inLanguage\":\"es\"},{\"@type\":\"WebPage\",\"@id\":\"https:\/\/www.villafloresmartin.com\/es\/riesgos-y-medidas-en-situaciones-de-emergencia\/\",\"url\":\"https:\/\/www.villafloresmartin.com\/es\/riesgos-y-medidas-en-situaciones-de-emergencia\/\",\"name\":\"VFM expone su proyecto premiado en los galardones Asepeyo 2016\",\"isPartOf\":{\"@id\":\"https:\/\/www.villafloresmartin.com\/es\/#website\"},\"primaryImageOfPage\":{\"@id\":\"https:\/\/www.villafloresmartin.com\/es\/riesgos-y-medidas-en-situaciones-de-emergencia\/#primaryimage\"},\"image\":{\"@id\":\"https:\/\/www.villafloresmartin.com\/es\/riesgos-y-medidas-en-situaciones-de-emergencia\/#primaryimage\"},\"thumbnailUrl\":\"https:\/\/www.villafloresmartin.com\/es\/wp-content\/uploads\/2017\/07\/Intercambio-de-informaci\u00f3n-de-riesgos-y-medidas-en-situaciones-de-emergencias-e1499693131863.jpg\",\"datePublished\":\"2017-06-05T13:37:17+00:00\",\"dateModified\":\"2022-03-25T11:52:00+00:00\",\"author\":{\"@id\":\"https:\/\/www.villafloresmartin.com\/es\/#\/schema\/person\/c2292207708e96921697bf002f8828be\"},\"description\":\"En entradas anteriores de este blog ya os contamos que Villa Flores Mart\u00edn (VFM) hab\u00eda sido... riesgos y medidas en situaciones de emergencias\/imprevistos\",\"breadcrumb\":{\"@id\":\"https:\/\/www.villafloresmartin.com\/es\/riesgos-y-medidas-en-situaciones-de-emergencia\/#breadcrumb\"},\"inLanguage\":\"es\",\"potentialAction\":[{\"@type\":\"ReadAction\",\"target\":[\"https:\/\/www.villafloresmartin.com\/es\/riesgos-y-medidas-en-situaciones-de-emergencia\/\"]}]},{\"@type\":\"ImageObject\",\"inLanguage\":\"es\",\"@id\":\"https:\/\/www.villafloresmartin.com\/es\/riesgos-y-medidas-en-situaciones-de-emergencia\/#primaryimage\",\"url\":\"https:\/\/www.villafloresmartin.com\/es\/wp-content\/uploads\/2017\/07\/Intercambio-de-informaci\u00f3n-de-riesgos-y-medidas-en-situaciones-de-emergencias-e1499693131863.jpg\",\"contentUrl\":\"https:\/\/www.villafloresmartin.com\/es\/wp-content\/uploads\/2017\/07\/Intercambio-de-informaci\u00f3n-de-riesgos-y-medidas-en-situaciones-de-emergencias-e1499693131863.jpg\",\"width\":600,\"height\":399},{\"@type\":\"BreadcrumbList\",\"@id\":\"https:\/\/www.villafloresmartin.com\/es\/riesgos-y-medidas-en-situaciones-de-emergencia\/#breadcrumb\",\"itemListElement\":[{\"@type\":\"ListItem\",\"position\":1,\"name\":\"Portada\",\"item\":\"https:\/\/www.villafloresmartin.com\/es\/\"},{\"@type\":\"ListItem\",\"position\":2,\"name\":\"VFM expone su proyecto premiado en los galardones Asepeyo 2016 en Sevilla\"}]},{\"@type\":\"WebSite\",\"@id\":\"https:\/\/www.villafloresmartin.com\/es\/#website\",\"url\":\"https:\/\/www.villafloresmartin.com\/es\/\",\"name\":\"Villa Flores Mart\u00edn\",\"description\":\"\",\"potentialAction\":[{\"@type\":\"SearchAction\",\"target\":{\"@type\":\"EntryPoint\",\"urlTemplate\":\"https:\/\/www.villafloresmartin.com\/es\/?s={search_term_string}\"},\"query-input\":{\"@type\":\"PropertyValueSpecification\",\"valueRequired\":true,\"valueName\":\"search_term_string\"}}],\"inLanguage\":\"es\"},{\"@type\":\"Person\",\"@id\":\"https:\/\/www.villafloresmartin.com\/es\/#\/schema\/person\/c2292207708e96921697bf002f8828be\",\"name\":\"admin\",\"image\":{\"@type\":\"ImageObject\",\"inLanguage\":\"es\",\"@id\":\"https:\/\/www.villafloresmartin.com\/es\/#\/schema\/person\/image\/\",\"url\":\"https:\/\/secure.gravatar.com\/avatar\/7982f03a93f66ccccbac0ad0746074089942e7448863241b5ddf94dec2148152?s=96&d=mm&r=g\",\"contentUrl\":\"https:\/\/secure.gravatar.com\/avatar\/7982f03a93f66ccccbac0ad0746074089942e7448863241b5ddf94dec2148152?s=96&d=mm&r=g\",\"caption\":\"admin\"}}]}<\/script>\n<!-- \/ Yoast SEO plugin. -->","yoast_head_json":{"title":"VFM expone su proyecto premiado en los galardones Asepeyo 2016","description":"En entradas anteriores de este blog ya os contamos que Villa Flores Mart\u00edn (VFM) hab\u00eda sido... riesgos y medidas en situaciones de emergencias\/imprevistos","robots":{"index":"index","follow":"follow","max-snippet":"max-snippet:-1","max-image-preview":"max-image-preview:large","max-video-preview":"max-video-preview:-1"},"canonical":"https:\/\/www.villafloresmartin.com\/es\/riesgos-y-medidas-en-situaciones-de-emergencia\/","og_locale":"es_ES","og_type":"article","og_title":"VFM expone su proyecto premiado en los galardones Asepeyo 2016","og_description":"En entradas anteriores de este blog ya os contamos que Villa Flores Mart\u00edn (VFM) hab\u00eda sido... riesgos y medidas en situaciones de emergencias\/imprevistos","og_url":"https:\/\/www.villafloresmartin.com\/es\/riesgos-y-medidas-en-situaciones-de-emergencia\/","og_site_name":"Villa Flores Mart\u00edn","article_published_time":"2017-06-05T13:37:17+00:00","article_modified_time":"2022-03-25T11:52:00+00:00","og_image":[{"width":600,"height":399,"url":"https:\/\/www.villafloresmartin.com\/es\/wp-content\/uploads\/2017\/07\/Intercambio-de-informaci\u00f3n-de-riesgos-y-medidas-en-situaciones-de-emergencias-e1499693131863.jpg","type":"image\/jpeg"}],"author":"admin","twitter_misc":{"Escrito por":"admin","Tiempo de lectura":"2 minutos"},"schema":{"@context":"https:\/\/schema.org","@graph":[{"@type":"Article","@id":"https:\/\/www.villafloresmartin.com\/es\/riesgos-y-medidas-en-situaciones-de-emergencia\/#article","isPartOf":{"@id":"https:\/\/www.villafloresmartin.com\/es\/riesgos-y-medidas-en-situaciones-de-emergencia\/"},"author":{"name":"admin","@id":"https:\/\/www.villafloresmartin.com\/es\/#\/schema\/person\/c2292207708e96921697bf002f8828be"},"headline":"VFM expone su proyecto premiado en los galardones Asepeyo 2016 en Sevilla","datePublished":"2017-06-05T13:37:17+00:00","dateModified":"2022-03-25T11:52:00+00:00","mainEntityOfPage":{"@id":"https:\/\/www.villafloresmartin.com\/es\/riesgos-y-medidas-en-situaciones-de-emergencia\/"},"wordCount":341,"image":{"@id":"https:\/\/www.villafloresmartin.com\/es\/riesgos-y-medidas-en-situaciones-de-emergencia\/#primaryimage"},"thumbnailUrl":"https:\/\/www.villafloresmartin.com\/es\/wp-content\/uploads\/2017\/07\/Intercambio-de-informaci\u00f3n-de-riesgos-y-medidas-en-situaciones-de-emergencias-e1499693131863.jpg","articleSection":["Corporativo"],"inLanguage":"es"},{"@type":"WebPage","@id":"https:\/\/www.villafloresmartin.com\/es\/riesgos-y-medidas-en-situaciones-de-emergencia\/","url":"https:\/\/www.villafloresmartin.com\/es\/riesgos-y-medidas-en-situaciones-de-emergencia\/","name":"VFM expone su proyecto premiado en los galardones Asepeyo 2016","isPartOf":{"@id":"https:\/\/www.villafloresmartin.com\/es\/#website"},"primaryImageOfPage":{"@id":"https:\/\/www.villafloresmartin.com\/es\/riesgos-y-medidas-en-situaciones-de-emergencia\/#primaryimage"},"image":{"@id":"https:\/\/www.villafloresmartin.com\/es\/riesgos-y-medidas-en-situaciones-de-emergencia\/#primaryimage"},"thumbnailUrl":"https:\/\/www.villafloresmartin.com\/es\/wp-content\/uploads\/2017\/07\/Intercambio-de-informaci\u00f3n-de-riesgos-y-medidas-en-situaciones-de-emergencias-e1499693131863.jpg","datePublished":"2017-06-05T13:37:17+00:00","dateModified":"2022-03-25T11:52:00+00:00","author":{"@id":"https:\/\/www.villafloresmartin.com\/es\/#\/schema\/person\/c2292207708e96921697bf002f8828be"},"description":"En entradas anteriores de este blog ya os contamos que Villa Flores Mart\u00edn (VFM) hab\u00eda sido... riesgos y medidas en situaciones de emergencias\/imprevistos","breadcrumb":{"@id":"https:\/\/www.villafloresmartin.com\/es\/riesgos-y-medidas-en-situaciones-de-emergencia\/#breadcrumb"},"inLanguage":"es","potentialAction":[{"@type":"ReadAction","target":["https:\/\/www.villafloresmartin.com\/es\/riesgos-y-medidas-en-situaciones-de-emergencia\/"]}]},{"@type":"ImageObject","inLanguage":"es","@id":"https:\/\/www.villafloresmartin.com\/es\/riesgos-y-medidas-en-situaciones-de-emergencia\/#primaryimage","url":"https:\/\/www.villafloresmartin.com\/es\/wp-content\/uploads\/2017\/07\/Intercambio-de-informaci\u00f3n-de-riesgos-y-medidas-en-situaciones-de-emergencias-e1499693131863.jpg","contentUrl":"https:\/\/www.villafloresmartin.com\/es\/wp-content\/uploads\/2017\/07\/Intercambio-de-informaci\u00f3n-de-riesgos-y-medidas-en-situaciones-de-emergencias-e1499693131863.jpg","width":600,"height":399},{"@type":"BreadcrumbList","@id":"https:\/\/www.villafloresmartin.com\/es\/riesgos-y-medidas-en-situaciones-de-emergencia\/#breadcrumb","itemListElement":[{"@type":"ListItem","position":1,"name":"Portada","item":"https:\/\/www.villafloresmartin.com\/es\/"},{"@type":"ListItem","position":2,"name":"VFM expone su proyecto premiado en los galardones Asepeyo 2016 en Sevilla"}]},{"@type":"WebSite","@id":"https:\/\/www.villafloresmartin.com\/es\/#website","url":"https:\/\/www.villafloresmartin.com\/es\/","name":"Villa Flores Mart\u00edn","description":"","potentialAction":[{"@type":"SearchAction","target":{"@type":"EntryPoint","urlTemplate":"https:\/\/www.villafloresmartin.com\/es\/?s={search_term_string}"},"query-input":{"@type":"PropertyValueSpecification","valueRequired":true,"valueName":"search_term_string"}}],"inLanguage":"es"},{"@type":"Person","@id":"https:\/\/www.villafloresmartin.com\/es\/#\/schema\/person\/c2292207708e96921697bf002f8828be","name":"admin","image":{"@type":"ImageObject","inLanguage":"es","@id":"https:\/\/www.villafloresmartin.com\/es\/#\/schema\/person\/image\/","url":"https:\/\/secure.gravatar.com\/avatar\/7982f03a93f66ccccbac0ad0746074089942e7448863241b5ddf94dec2148152?s=96&d=mm&r=g","contentUrl":"https:\/\/secure.gravatar.com\/avatar\/7982f03a93f66ccccbac0ad0746074089942e7448863241b5ddf94dec2148152?s=96&d=mm&r=g","caption":"admin"}}]}},"_links":{"self":[{"href":"https:\/\/www.villafloresmartin.com\/es\/wp-json\/wp\/v2\/posts\/1019","targetHints":{"allow":["GET"]}}],"collection":[{"href":"https:\/\/www.villafloresmartin.com\/es\/wp-json\/wp\/v2\/posts"}],"about":[{"href":"https:\/\/www.villafloresmartin.com\/es\/wp-json\/wp\/v2\/types\/post"}],"author":[{"embeddable":true,"href":"https:\/\/www.villafloresmartin.com\/es\/wp-json\/wp\/v2\/users\/2"}],"replies":[{"embeddable":true,"href":"https:\/\/www.villafloresmartin.com\/es\/wp-json\/wp\/v2\/comments?post=1019"}],"version-history":[{"count":0,"href":"https:\/\/www.villafloresmartin.com\/es\/wp-json\/wp\/v2\/posts\/1019\/revisions"}],"wp:featuredmedia":[{"embeddable":true,"href":"https:\/\/www.villafloresmartin.com\/es\/wp-json\/wp\/v2\/media\/1020"}],"wp:attachment":[{"href":"https:\/\/www.villafloresmartin.com\/es\/wp-json\/wp\/v2\/media?parent=1019"}],"wp:term":[{"taxonomy":"category","embeddable":true,"href":"https:\/\/www.villafloresmartin.com\/es\/wp-json\/wp\/v2\/categories?post=1019"},{"taxonomy":"post_tag","embeddable":true,"href":"https:\/\/www.villafloresmartin.com\/es\/wp-json\/wp\/v2\/tags?post=1019"}],"curies":[{"name":"wp","href":"https:\/\/api.w.org\/{rel}","templated":true}]}}